{"id":116696,"date":"2021-05-13T07:30:19","date_gmt":"2021-05-13T11:30:19","guid":{"rendered":"https:\/\/linitiative.ca\/International\/ramadan-youssoufia-fete-les-vainqueurs-des-concours-religieux\/"},"modified":"2021-05-13T07:30:19","modified_gmt":"2021-05-13T11:30:19","slug":"ramadan-youssoufia-fete-les-vainqueurs-des-concours-religieux","status":"publish","type":"post","link":"https:\/\/linitiative.ca\/International\/ramadan-youssoufia-fete-les-vainqueurs-des-concours-religieux\/","title":{"rendered":"Ramadan: Youssoufia f\u00eate les vainqueurs des concours religieux"},"content":{"rendered":"<div readability=\"36\">\n<p>Youssoufia \u2013 Le conseil local des oul\u00e9mas de la province de Youssoufia a organis\u00e9, mardi, la 11\u00e8 \u00e9dition de la c\u00e9r\u00e9monie religieuse consacr\u00e9e \u00e0 la c\u00e9l\u00e9bration des vainqueurs des diff\u00e9rents concours initi\u00e9s par cette instance \u00e0 l\u2019occasion du mois sacr\u00e9 de Ramadan.<\/p>\n<\/div>\n<div readability=\"103\">\n<p>Organis\u00e9e en coordination avec la D\u00e9l\u00e9gation provinciale des Habous et des Affaires islamiques et la Direction provinciale de l\u2019Education nationale, cette c\u00e9r\u00e9monie se veut le couronnement d\u2019une s\u00e9rie d\u2019activit\u00e9s et de concours de m\u00e9morisation du Saint Coran et de la \u00ab\u00a0Sira Nabawiya\u00a0\u00bb.<\/p>\n<p>Ces initiatives visaient \u00e0 encourager les g\u00e9n\u00e9rations futures \u00e0 s\u2019int\u00e9resser davantage \u00e0 la m\u00e9morisation du Saint Coran, \u00e0 leur permettre de ma\u00eetriser ses sciences, \u00e0 leur inculquer une v\u00e9ritable culture ainsi qu\u2019\u00e0 d\u00e9couvrir les jeunes talents dans ce domaine.<\/p>\n<p>Ainsi, la premi\u00e8re place du concours de m\u00e9morisation des 60 Hizb du Saint Coran, ouvert aux participants \u00e2g\u00e9s de 15 \u00e0 25 ans au niveau de la province, est revenue \u00e0 Hassan Dardaoui, alors que les 2\u00e8 et 3\u00e9 places ont \u00e9t\u00e9 remport\u00e9es respectivement par Abdellatif Dardouri et El Hassan Siyati.<\/p>\n<p>Pour ce qui est de la comp\u00e9tition de m\u00e9morisation continue de 30 Hizb du Coran, r\u00e9serv\u00e9e aux enfants de la province, la premi\u00e8re place a \u00e9t\u00e9 attribu\u00e9e \u00e0 Salmane Ait Timaghrit, suivi de Jouiriya Benomar (2\u00e8) et Rayhana Mansouri (3\u00e9), alors que dans le concours de m\u00e9morisation continue de 20 Hizb, les trois premi\u00e8res places sont revenues respectivement \u00e0 Nadia Zineddine, Asmae Tarchaoui et Ikram Machkouki.<\/p>\n<p>S\u2019agissant du concours de r\u00e9citation de la Sourah de \u00ab\u00a0Luqman\u00a0\u00bb, avec l\u2019explication de certains de ses mots, organis\u00e9 au profit des \u00e9l\u00e8ves du cycle secondaire-coll\u00e9gial, Zaynab Hamaz a remport\u00e9 la premi\u00e8re place, suivie de Mohamed Haroual et Aymane Habla.<\/p>\n<p>Pour le pr\u00e9sident du conseil local des oul\u00e9mas de Youssoufia, Abdelkader Mani, l\u2019instance religieuse a veill\u00e9 \u00e0 diversifier les th\u00e9matiques des concours organis\u00e9s afin de permettre aux diff\u00e9rentes cat\u00e9gories de la soci\u00e9t\u00e9 d\u2019y participer.<\/p>\n<p>Ces activit\u00e9s visaient essentiellement \u00e0 consolider l\u2019attachement des g\u00e9n\u00e9rations montantes, notamment les \u00e9l\u00e8ves de l\u2019enseignement public et priv\u00e9, au Saint Coran, \u00e0 les inciter \u00e0 s\u2019int\u00e9resser davantage \u00e0 sa m\u00e9morisation, sa r\u00e9citation et \u00e0 sa d\u00e9clamation, et \u00e0 ma\u00eetriser ses sciences, a-t-il expliqu\u00e9.<\/p>\n<p>D\u2019autre part, le conseil a organis\u00e9 un concours de la \u00ab\u00a0Sira Nabawiya\u00a0\u00bb au profit des \u00e9l\u00e8ves du cycle secondaire-qualifiant, laquelle comp\u00e9tition a \u00e9t\u00e9 remport\u00e9e par Zineb Kassimi, suivie de Fatimzahra Ait Ben Ouakrim et Sara Nasser.<\/p>\n<p>Il a, par ailleurs, organis\u00e9 un concours ouvert au grand public et consacr\u00e9 \u00e0 la m\u00e9moration du \u00ab\u00a0Matn d\u2019Ibn Achir\u00a0\u00bb. Les trois premi\u00e8res places ont \u00e9t\u00e9, ainsi, adjug\u00e9es \u00e0 Saloua Ben Tarra, Yassine Nadi et Miloud Benharrous.<\/p>\n<\/div>\n<p>Auteur: Meriem IGASS<br \/>\n<a href=\"http:\/\/www.mapmarrakech.ma\/fr\/ramadan-youssoufia-fete-les-vainqueurs-des-concours-religieux\/\">Cliquez ici pour lire l&rsquo;article depuis sa source.<\/a><\/p>\n","protected":false},"excerpt":{"rendered":"<p>Youssoufia \u2013 Le conseil local des oul\u00e9mas de la province de Youssoufia a organis\u00e9, mardi, la 11\u00e8 \u00e9dition de la c\u00e9r\u00e9monie religieuse consacr\u00e9e \u00e0 la c\u00e9l\u00e9bration des vainqueurs des diff\u00e9rents concours initi\u00e9s par cette instance \u00e0 l\u2019occasion du mois sacr\u00e9 de Ramadan. Organis\u00e9e en coordination avec la D\u00e9l\u00e9gation provinciale des Habous et des Affaires islamiques [&hellip;]<\/p>\n","protected":false},"author":1788,"featured_media":0,"comment_status":"closed","ping_status":"closed","sticky":false,"template":"","format":"standard","meta":{"fifu_image_url":"","fifu_image_alt":"","footnotes":""},"categories":[54,76],"tags":[],"class_list":["post-116696","post","type-post","status-publish","format-standard","hentry","category-maroc","category-regions"],"_links":{"self":[{"href":"https:\/\/linitiative.ca\/International\/wp-json\/wp\/v2\/posts\/116696","targetHints":{"allow":["GET"]}}],"collection":[{"href":"https:\/\/linitiative.ca\/International\/wp-json\/wp\/v2\/posts"}],"about":[{"href":"https:\/\/linitiative.ca\/International\/wp-json\/wp\/v2\/types\/post"}],"author":[{"embeddable":true,"href":"https:\/\/linitiative.ca\/International\/wp-json\/wp\/v2\/users\/1788"}],"replies":[{"embeddable":true,"href":"https:\/\/linitiative.ca\/International\/wp-json\/wp\/v2\/comments?post=116696"}],"version-history":[{"count":0,"href":"https:\/\/linitiative.ca\/International\/wp-json\/wp\/v2\/posts\/116696\/revisions"}],"wp:attachment":[{"href":"https:\/\/linitiative.ca\/International\/wp-json\/wp\/v2\/media?parent=116696"}],"wp:term":[{"taxonomy":"category","embeddable":true,"href":"https:\/\/linitiative.ca\/International\/wp-json\/wp\/v2\/categories?post=116696"},{"taxonomy":"post_tag","embeddable":true,"href":"https:\/\/linitiative.ca\/International\/wp-json\/wp\/v2\/tags?post=116696"}],"curies":[{"name":"wp","href":"https:\/\/api.w.org\/{rel}","templated":true}]}}