{"id":116698,"date":"2021-05-13T12:54:01","date_gmt":"2021-05-13T16:54:01","guid":{"rendered":"https:\/\/linitiative.ca\/International\/la-culture-de-solidarite-au-maroc-une-source-de-force-pour-les-etablissements-de-protection-sociale\/"},"modified":"2021-05-13T12:54:01","modified_gmt":"2021-05-13T16:54:01","slug":"la-culture-de-solidarite-au-maroc-une-source-de-force-pour-les-etablissements-de-protection-sociale","status":"publish","type":"post","link":"https:\/\/linitiative.ca\/International\/la-culture-de-solidarite-au-maroc-une-source-de-force-pour-les-etablissements-de-protection-sociale\/","title":{"rendered":"La culture de solidarit\u00e9 au Maroc, une source de force pour les \u00e9tablissements de protection sociale"},"content":{"rendered":"<p class=\"c4\">Les participants \u00e0 un webinaire, organis\u00e9 r\u00e9cemment, ont affirm\u00e9 que les \u00e9tablissements de protection sociale au Maroc puisent leur force dans la culture de solidarit\u00e9 qui caract\u00e9rise la soci\u00e9t\u00e9 marocaine, et la qu\u00eate incessante de d\u00e9veloppement et d\u2019am\u00e9lioration de leurs services.<\/p>\n<p class=\"c4\">Lors de ce webinaire, qui s\u2019inscrit dans le cadre d\u2019une s\u00e9rie de conf\u00e9rences organis\u00e9es par le Conseil provincial de Guercif, les intervenants ont soulign\u00e9 que ces institutions jouent un r\u00f4le important pour r\u00e9pondre aux besoins des citoyens et citoyennes qui b\u00e9n\u00e9ficient de leurs services.<\/p>\n<p class=\"c4\">Ils ont mis en avant l\u2019extr\u00eame importance accord\u00e9e par les Marocains, au fil des si\u00e8cles, \u00e0 la consolidation des valeurs d\u2019entraide et de partage entre les diff\u00e9rentes composantes de la soci\u00e9t\u00e9, conform\u00e9ment aux enseignements de l\u2019Islam qui incitent \u00e0 la solidarit\u00e9 et \u00e0 l\u2019action caritative pour aider les pauvres et les personnes n\u00e9cessiteuses.<\/p>\n<p class=\"c4\">Les participants ont rappel\u00e9 \u00e0 cet \u00e9gard que les sultans qui se sont succ\u00e9d\u00e9s au Maroc entouraient d\u2019un int\u00e9r\u00eat particulier les \u0153uvres de bienfaisance et l\u2019assistance des citoyens n\u00e9cessiteux, de m\u00eame que les riches et les notables ont concouru pour fournir de l\u2019aide dans le m\u00eame contexte.<\/p>\n<p class=\"c4\">Ils ont \u00e9galement salu\u00e9 les dispositions de la Constitution de 2011 en mati\u00e8re d\u2019insistance sur la n\u00e9cessit\u00e9 de jeter les bases d\u2019une soci\u00e9t\u00e9 solidaire o\u00f9 tous jouissent de la s\u00e9curit\u00e9, de la libert\u00e9, de l\u2019\u00e9galit\u00e9 des chances, du respect de leur dignit\u00e9 et de la justice sociale, en particulier l\u2019article 34 de celle-ci, qui pr\u00e9cise que les pouvoirs publics \u00e9laborent et mettent en \u0153uvre des politiques destin\u00e9es aux personnes et aux cat\u00e9gories \u00e0 besoins sp\u00e9cifiques.<\/p>\n<p class=\"c4\">Les intervenants ont rappel\u00e9 aussi la promulgation en 2018 par le l\u00e9gislateur marocain de la loi \u00ab65-15\u00bb relative aux \u00e9tablissements de protection sociale et pour rompre avec certaines pratiques, mettre \u00e0 niveau ces \u00e9tablissement et am\u00e9liorer la prise en charge d\u2019autrui.<\/p>\n<p class=\"c4\">Le texte en question insiste sur l\u2019\u00e9largissement des prestations fournies par les \u00e9tablissements de protection sociale pour couvrir notamment l\u2019assistance sociale, la m\u00e9diation, la r\u00e9adaptation et la r\u00e9habilitation, et sur l\u2019instauration d\u2019un syst\u00e8me obligatoire pour l\u2019octroi des autorisations d\u2019exercice, et le d\u00e9veloppement des syst\u00e8mes de contr\u00f4le, d\u2019audit interne et d\u2019inspection.<\/p>\n<p class=\"c4\">Le pr\u00e9sident du conseil provincial de Guercif, Ahmed Azzouzi, a indiqu\u00e9 \u00e0 cette occasion que le conseil a jou\u00e9 un r\u00f4le fondamental et central dans le soutien des \u00e9tablissements de protection sociale de la province, que ce soit en milieu urbain ou rural, et ce \u00e0 travers des conventions de partenariat qui le lient avec les associations qui veillent \u00e0 leur fonctionnement, faisant savoir que le conseil leur a apport\u00e9 en 2019 un soutien de pr\u00e8s d\u2019un million de dirhams dans l\u2019objectif de conforter le r\u00f4le de ces \u00e9tablissements dans la consolidation de la coh\u00e9sion sociale et la r\u00e9alisation du d\u00e9veloppement.<\/p>\n<p class=\"c4\">Ce webinaire a \u00e9t\u00e9 marqu\u00e9 par ailleurs par la pr\u00e9sentation des actions et des r\u00e9alisations d\u2019un certain nombre d\u2019associations de protection sociale, parmi lesquelles l\u2019Association Maroespa et son projet \u00abint\u00e9gration\u00bb qui a permis \u00e0 433 enfants d\u2019\u00eatre inscrits \u00e0 l\u2019\u00e9tat civil et de poursuivre leurs \u00e9tudes, et l\u2019Association Annojoud pour le d\u00e9veloppement social qui g\u00e8re le centre \u00abAnnojoud pour les enfants en situation d\u2019handicap\u00bb.<\/p>\n<p class=\"c4\">Ledit Centre fournit des soins psychologiques et de sant\u00e9 \u00e0 28 enfants atteints de troubles autistiques, 80 enfants souffrant de retard mental, 41 enfants trisomiques, 8 enfants ayant une paralysie c\u00e9r\u00e9brale et 13 enfants \u00e0 mobilit\u00e9 r\u00e9duite.<\/p>\n<p>Auteur: Soufiane ELAHMAR<br \/>\n<a href=\"http:\/\/www.mapoujda.ma\/fr\/la-culture-de-solidarite-au-maroc-une-source-de-force-pour-les-etablissements-de-protection-sociale\/\">Cliquez ici pour lire l&rsquo;article depuis sa source.<\/a><\/p>\n","protected":false},"excerpt":{"rendered":"<p>Les participants \u00e0 un webinaire, organis\u00e9 r\u00e9cemment, ont affirm\u00e9 que les \u00e9tablissements de protection sociale au Maroc puisent leur force dans la culture de solidarit\u00e9 qui caract\u00e9rise la soci\u00e9t\u00e9 marocaine, et la qu\u00eate incessante de d\u00e9veloppement et d\u2019am\u00e9lioration de leurs services. Lors de ce webinaire, qui s\u2019inscrit dans le cadre d\u2019une s\u00e9rie de conf\u00e9rences organis\u00e9es [&hellip;]<\/p>\n","protected":false},"author":1788,"featured_media":0,"comment_status":"closed","ping_status":"closed","sticky":false,"template":"","format":"standard","meta":{"fifu_image_url":"","fifu_image_alt":"","footnotes":""},"categories":[54,76],"tags":[],"class_list":["post-116698","post","type-post","status-publish","format-standard","hentry","category-maroc","category-regions"],"_links":{"self":[{"href":"https:\/\/linitiative.ca\/International\/wp-json\/wp\/v2\/posts\/116698","targetHints":{"allow":["GET"]}}],"collection":[{"href":"https:\/\/linitiative.ca\/International\/wp-json\/wp\/v2\/posts"}],"about":[{"href":"https:\/\/linitiative.ca\/International\/wp-json\/wp\/v2\/types\/post"}],"author":[{"embeddable":true,"href":"https:\/\/linitiative.ca\/International\/wp-json\/wp\/v2\/users\/1788"}],"replies":[{"embeddable":true,"href":"https:\/\/linitiative.ca\/International\/wp-json\/wp\/v2\/comments?post=116698"}],"version-history":[{"count":0,"href":"https:\/\/linitiative.ca\/International\/wp-json\/wp\/v2\/posts\/116698\/revisions"}],"wp:attachment":[{"href":"https:\/\/linitiative.ca\/International\/wp-json\/wp\/v2\/media?parent=116698"}],"wp:term":[{"taxonomy":"category","embeddable":true,"href":"https:\/\/linitiative.ca\/International\/wp-json\/wp\/v2\/categories?post=116698"},{"taxonomy":"post_tag","embeddable":true,"href":"https:\/\/linitiative.ca\/International\/wp-json\/wp\/v2\/tags?post=116698"}],"curies":[{"name":"wp","href":"https:\/\/api.w.org\/{rel}","templated":true}]}}