{"id":116700,"date":"2021-05-13T15:14:19","date_gmt":"2021-05-13T19:14:19","guid":{"rendered":"https:\/\/linitiative.ca\/International\/international-man-city-guardiola-aurait-pris-une-decision-pour-mahrez-et-gundogan\/"},"modified":"2021-05-13T15:14:19","modified_gmt":"2021-05-13T19:14:19","slug":"international-man-city-guardiola-aurait-pris-une-decision-pour-mahrez-et-gundogan","status":"publish","type":"post","link":"https:\/\/linitiative.ca\/International\/international-man-city-guardiola-aurait-pris-une-decision-pour-mahrez-et-gundogan\/","title":{"rendered":"International : Man City : Guardiola aurait pris une d\u00e9cision pour Mahrez et Gundogan"},"content":{"rendered":"<div readability=\"32\">\n<p>Auteur : <span class=\"time\">jeudi 13 mai 2021 09:08<\/span><\/p>\n<\/div>\n<div id=\"post_core\" readability=\"45\">\n<p>\u00c0 deux ans de la fin du contrat de Mahrez, on aurait pu penser que Pep Guardiola songe \u00e0 lui trouver un rempla\u00e7ant, tout comme Ilkay Gundogan, dans la m\u00eame situation. Mais la saison des deux hommes aurait, selon les informations du\u00a0Daily Mail,\u00a0largement rebattu les cartes, pour faire d&rsquo;eux des joueurs de pr\u00e9sent, mais aussi d&rsquo;avenir dans l&rsquo;esprit du technicien comme le rapporte Onzemondial. Si Manchester City est toujours aussi actif sur le mercato, elle ne compte en aucun cas se s\u00e9parer de l&rsquo;international alg\u00e9rien qui vient de remporter la troisi\u00e8me Premier League de sa carri\u00e8re, et qui s&rsquo;appr\u00eate \u00e0 disputer sa premi\u00e8re finale de Ligue des Champions. \u00c0 cette occasion, il aura l&rsquo;opportunit\u00e9 de garnir un peu plus sa belle armoire \u00e0 troph\u00e9es.<\/p>\n<p><strong>Publi\u00e9 dans :<\/strong> <span>Mahrez<\/span><\/p>\n<\/div>\n<p>Auteur:<br \/>\n<a href=\"http:\/\/www.lebuteur.com\/article\/detail?titre=man-city-guardiola-aurait-pris-une-decision-pour-mahrez-et-gundogan&#038;id=100044&#038;utm_source=feedburner&#038;utm_medium=feed&#038;utm_campaign=Feed%3A+GalerieFArtciles+%28Les+derniers+articles++-+lebuteur.com%29\">Cliquez ici pour lire l&rsquo;article depuis sa source.<\/a><\/p>\n","protected":false},"excerpt":{"rendered":"<p>Auteur : jeudi 13 mai 2021 09:08 \u00c0 deux ans de la fin du contrat de Mahrez, on aurait pu penser que Pep Guardiola songe \u00e0 lui trouver un rempla\u00e7ant, tout comme Ilkay Gundogan, dans la m\u00eame situation. Mais la saison des deux hommes aurait, selon les informations du\u00a0Daily Mail,\u00a0largement rebattu les cartes, pour faire [&hellip;]<\/p>\n","protected":false},"author":1738,"featured_media":0,"comment_status":"closed","ping_status":"closed","sticky":false,"template":"","format":"standard","meta":{"fifu_image_url":"\/\/cdn.lebuteur.com\/data\/images\/article\/thumbs\/large-man-city-mahrez-aurait-pris-une-decision-pour-mahrez-et-gundogan-13088.jpg","fifu_image_alt":"International : Man City : Guardiola aurait pris une d\u00e9cision pour Mahrez et Gundogan","footnotes":""},"categories":[53,75],"tags":[],"class_list":["post-116700","post","type-post","status-publish","format-standard","hentry","category-algerie","category-sport"],"_links":{"self":[{"href":"https:\/\/linitiative.ca\/International\/wp-json\/wp\/v2\/posts\/116700","targetHints":{"allow":["GET"]}}],"collection":[{"href":"https:\/\/linitiative.ca\/International\/wp-json\/wp\/v2\/posts"}],"about":[{"href":"https:\/\/linitiative.ca\/International\/wp-json\/wp\/v2\/types\/post"}],"author":[{"embeddable":true,"href":"https:\/\/linitiative.ca\/International\/wp-json\/wp\/v2\/users\/1738"}],"replies":[{"embeddable":true,"href":"https:\/\/linitiative.ca\/International\/wp-json\/wp\/v2\/comments?post=116700"}],"version-history":[{"count":0,"href":"https:\/\/linitiative.ca\/International\/wp-json\/wp\/v2\/posts\/116700\/revisions"}],"wp:attachment":[{"href":"https:\/\/linitiative.ca\/International\/wp-json\/wp\/v2\/media?parent=116700"}],"wp:term":[{"taxonomy":"category","embeddable":true,"href":"https:\/\/linitiative.ca\/International\/wp-json\/wp\/v2\/categories?post=116700"},{"taxonomy":"post_tag","embeddable":true,"href":"https:\/\/linitiative.ca\/International\/wp-json\/wp\/v2\/tags?post=116700"}],"curies":[{"name":"wp","href":"https:\/\/api.w.org\/{rel}","templated":true}]}}