{"id":116702,"date":"2021-05-13T15:14:25","date_gmt":"2021-05-13T19:14:25","guid":{"rendered":"https:\/\/linitiative.ca\/International\/pros-andy-delort-et-neymar-se-reconcilient\/"},"modified":"2021-05-13T15:14:25","modified_gmt":"2021-05-13T19:14:25","slug":"pros-andy-delort-et-neymar-se-reconcilient","status":"publish","type":"post","link":"https:\/\/linitiative.ca\/International\/pros-andy-delort-et-neymar-se-reconcilient\/","title":{"rendered":"Pros : Andy Delort et Neymar se r\u00e9concilient !"},"content":{"rendered":"<div readability=\"32\">\n<p>Auteur : <span class=\"time\">jeudi 13 mai 2021 13:59<\/span><\/p>\n<\/div>\n<div id=\"post_core\" readability=\"43\">\n<p>Si Andy Delort a souvent eu des altercations avec Neymar ou encore Leandro Paredes, il a retrouv\u00e9 hier ses adversaires pr\u00e9f\u00e9r\u00e9s \u00e0 l\u2019occasion de la demi-finale de Coupe de France entre Montpellier et le Paris Saint-Germain. L\u2019avant-centre alg\u00e9rien et la star br\u00e9silienne ont d\u00e9cid\u00e9 d\u2019enterrer la hache de guerre apr\u00e8s la rencontre un prenant un selfie: \u00ab Comprenez une chose, se chambrer est un jeu Bon, Paredes n\u2019est pas sur la photo mais avec lui aussi, on a sign\u00e9 un contrat de r\u00e9conciliation \u00bb, explique Delort \u00e0 travers son compte Twitter. Les deux attaquants ont m\u00eame \u00e9chang\u00e9 leur maillot, preuve d\u2019une v\u00e9ritable r\u00e9conciliation rapporte FootMercato.<\/p>\n<p><strong>Publi\u00e9 dans :<\/strong> <span>neymar<\/span> <span>Andy Delort<\/span><\/p>\n<\/div>\n<p>Auteur:<br \/>\n<a href=\"http:\/\/www.lebuteur.com\/article\/detail?titre=andy-delort-et-neymar-se-reconcilient&#038;id=100046&#038;utm_source=feedburner&#038;utm_medium=feed&#038;utm_campaign=Feed%3A+GalerieFArtciles+%28Les+derniers+articles++-+lebuteur.com%29\">Cliquez ici pour lire l&rsquo;article depuis sa source.<\/a><\/p>\n","protected":false},"excerpt":{"rendered":"<p>Auteur : jeudi 13 mai 2021 13:59 Si Andy Delort a souvent eu des altercations avec Neymar ou encore Leandro Paredes, il a retrouv\u00e9 hier ses adversaires pr\u00e9f\u00e9r\u00e9s \u00e0 l\u2019occasion de la demi-finale de Coupe de France entre Montpellier et le Paris Saint-Germain. L\u2019avant-centre alg\u00e9rien et la star br\u00e9silienne ont d\u00e9cid\u00e9 d\u2019enterrer la hache de [&hellip;]<\/p>\n","protected":false},"author":1738,"featured_media":0,"comment_status":"closed","ping_status":"closed","sticky":false,"template":"","format":"standard","meta":{"fifu_image_url":"\/\/cdn.lebuteur.com\/data\/images\/article\/thumbs\/large-andy-delort-et-neymar-se-reconcilient-04844.jpg","fifu_image_alt":"Pros : Andy Delort et Neymar se r\u00e9concilient !","footnotes":""},"categories":[53,75],"tags":[],"class_list":["post-116702","post","type-post","status-publish","format-standard","hentry","category-algerie","category-sport"],"_links":{"self":[{"href":"https:\/\/linitiative.ca\/International\/wp-json\/wp\/v2\/posts\/116702","targetHints":{"allow":["GET"]}}],"collection":[{"href":"https:\/\/linitiative.ca\/International\/wp-json\/wp\/v2\/posts"}],"about":[{"href":"https:\/\/linitiative.ca\/International\/wp-json\/wp\/v2\/types\/post"}],"author":[{"embeddable":true,"href":"https:\/\/linitiative.ca\/International\/wp-json\/wp\/v2\/users\/1738"}],"replies":[{"embeddable":true,"href":"https:\/\/linitiative.ca\/International\/wp-json\/wp\/v2\/comments?post=116702"}],"version-history":[{"count":0,"href":"https:\/\/linitiative.ca\/International\/wp-json\/wp\/v2\/posts\/116702\/revisions"}],"wp:attachment":[{"href":"https:\/\/linitiative.ca\/International\/wp-json\/wp\/v2\/media?parent=116702"}],"wp:term":[{"taxonomy":"category","embeddable":true,"href":"https:\/\/linitiative.ca\/International\/wp-json\/wp\/v2\/categories?post=116702"},{"taxonomy":"post_tag","embeddable":true,"href":"https:\/\/linitiative.ca\/International\/wp-json\/wp\/v2\/tags?post=116702"}],"curies":[{"name":"wp","href":"https:\/\/api.w.org\/{rel}","templated":true}]}}