{"id":116704,"date":"2021-05-13T15:14:30","date_gmt":"2021-05-13T19:14:30","guid":{"rendered":"https:\/\/linitiative.ca\/International\/international-real-madrid-la-short-list-pour-remplacer-zidane-est-connue-une-legende-en-fait-partie\/"},"modified":"2021-05-13T15:14:30","modified_gmt":"2021-05-13T19:14:30","slug":"international-real-madrid-la-short-list-pour-remplacer-zidane-est-connue-une-legende-en-fait-partie","status":"publish","type":"post","link":"https:\/\/linitiative.ca\/International\/international-real-madrid-la-short-list-pour-remplacer-zidane-est-connue-une-legende-en-fait-partie\/","title":{"rendered":"International : Real Madrid: la short-list pour remplacer Zidane est connue, une l\u00e9gende en fait partie"},"content":{"rendered":"<div readability=\"32\">\n<p>Auteur : <span class=\"time\">jeudi 13 mai 2021 14:34<\/span><\/p>\n<\/div>\n<div id=\"post_core\" readability=\"59\">\n<p>Et si l&rsquo;on vivait la fin du chapitre 2 de l&rsquo;\u00e8re Zidane \u00e0 la t\u00eate du Real Madrid ? Plus la fin de saison se rapproche, plus les signaux tendent vers un d\u00e9part du Fran\u00e7ais \u00e0 l&rsquo;issue de l&rsquo;exercice 2020-2021 et ce, m\u00eame s&rsquo;il vient \u00e0 remporter la Liga. \u00c0 trois journ\u00e9es de la fin, son \u00e9quipe compte cinq points de retard sur l&rsquo;Atl\u00e9tico Madrid, avec un match en moins \u00e0 disputer ce soir contre Grenade. La semaine derni\u00e8re, ils ont aussi d\u00fb dire adieu \u00e0 la Ligue des Champions au stade des demi-finales, \u00e9limin\u00e9s par Chelsea. Un deuxi\u00e8me passage en dent de scie pour le technicien, qui a tout de m\u00eame remport\u00e9 la Liga l&rsquo;an pass\u00e9, mais pas la C1, contrairement au 3\/3 de son premier passage madril\u00e8ne. Les rumeurs sont d&rsquo;ores et d\u00e9j\u00e0 nombreuses autour de son potentiel successeur, mais deux noms \u00e9mergeraient dans la t\u00eate des dirigeants, si l&rsquo;on en croit les informations du Daily Mail. Tout d&rsquo;abord, c&rsquo;est l&rsquo;ancien entra\u00eeneur de la Juventus Turin, Massimiliano Allegri, qui serait vis\u00e9. Libre, il n&rsquo;a pas retrouv\u00e9 un banc depuis son d\u00e9part d&rsquo;Italie. Pour autant, l&rsquo;Italien n&rsquo;est pas le seul, et un nom bien connu en Espagne fait partie de cette \u00ab\u00a0short-list\u00a0\u00bb, en la personne de la l\u00e9gende Raul. Apr\u00e8s une exp\u00e9rience sur le banc de la Castilla, l&rsquo;ancien num\u00e9ro 7 se verrait bien prendre la place de son ex-co\u00e9quipier sous la tunique blanche du Real Madrid. Annonc\u00e9 un temps du c\u00f4t\u00e9 de l&rsquo;Eintracht Francfort, Raul est un homme courtis\u00e9, et s&rsquo;il ne signe pas en Allemagne d&rsquo;ici la fin de saison, son nom reviendra forc\u00e9ment en haut de l&rsquo;affiche au moment de prendre une d\u00e9cision cruciale pour l&rsquo;avenir des Madril\u00e8nes rapporte OnzeMondial.com. L&rsquo;\u00e9t\u00e9 promet d&rsquo;\u00eatre chaud.<\/p>\n<p><strong>Publi\u00e9 dans :<\/strong> <span>Zidane<\/span> <span>real madrid<\/span><\/p>\n<\/div>\n<p>Auteur:<br \/>\n<a href=\"http:\/\/www.lebuteur.com\/article\/detail?titre=real-madrid-la-short-list-pour-remplacer-zidane-est-connue-une-legende-en-fait-partie&#038;id=100048&#038;utm_source=feedburner&#038;utm_medium=feed&#038;utm_campaign=Feed%3A+GalerieFArtciles+%28Les+derniers+articles++-+lebuteur.com%29\">Cliquez ici pour lire l&rsquo;article depuis sa source.<\/a><\/p>\n","protected":false},"excerpt":{"rendered":"<p>Auteur : jeudi 13 mai 2021 14:34 Et si l&rsquo;on vivait la fin du chapitre 2 de l&rsquo;\u00e8re Zidane \u00e0 la t\u00eate du Real Madrid ? Plus la fin de saison se rapproche, plus les signaux tendent vers un d\u00e9part du Fran\u00e7ais \u00e0 l&rsquo;issue de l&rsquo;exercice 2020-2021 et ce, m\u00eame s&rsquo;il vient \u00e0 remporter la [&hellip;]<\/p>\n","protected":false},"author":1738,"featured_media":0,"comment_status":"closed","ping_status":"closed","sticky":false,"template":"","format":"standard","meta":{"fifu_image_url":"\/\/cdn.lebuteur.com\/data\/images\/article\/thumbs\/large-real-madrid-la-short-list-pour-remplacer-zidane-est-connue-une-legende-en-fait-partie-be105.jpg","fifu_image_alt":"International : Real Madrid: la short-list pour remplacer Zidane est connue, une l\u00e9gende en fait partie","footnotes":""},"categories":[53,75],"tags":[],"class_list":["post-116704","post","type-post","status-publish","format-standard","hentry","category-algerie","category-sport"],"_links":{"self":[{"href":"https:\/\/linitiative.ca\/International\/wp-json\/wp\/v2\/posts\/116704","targetHints":{"allow":["GET"]}}],"collection":[{"href":"https:\/\/linitiative.ca\/International\/wp-json\/wp\/v2\/posts"}],"about":[{"href":"https:\/\/linitiative.ca\/International\/wp-json\/wp\/v2\/types\/post"}],"author":[{"embeddable":true,"href":"https:\/\/linitiative.ca\/International\/wp-json\/wp\/v2\/users\/1738"}],"replies":[{"embeddable":true,"href":"https:\/\/linitiative.ca\/International\/wp-json\/wp\/v2\/comments?post=116704"}],"version-history":[{"count":0,"href":"https:\/\/linitiative.ca\/International\/wp-json\/wp\/v2\/posts\/116704\/revisions"}],"wp:attachment":[{"href":"https:\/\/linitiative.ca\/International\/wp-json\/wp\/v2\/media?parent=116704"}],"wp:term":[{"taxonomy":"category","embeddable":true,"href":"https:\/\/linitiative.ca\/International\/wp-json\/wp\/v2\/categories?post=116704"},{"taxonomy":"post_tag","embeddable":true,"href":"https:\/\/linitiative.ca\/International\/wp-json\/wp\/v2\/tags?post=116704"}],"curies":[{"name":"wp","href":"https:\/\/api.w.org\/{rel}","templated":true}]}}