{"id":116707,"date":"2021-05-13T04:00:00","date_gmt":"2021-05-13T08:00:00","guid":{"rendered":"https:\/\/linitiative.ca\/International\/le-general-youssef-baraket-un-symbole-de-larmee-republicaine-album-photos\/"},"modified":"2021-05-13T04:00:00","modified_gmt":"2021-05-13T08:00:00","slug":"le-general-youssef-baraket-un-symbole-de-larmee-republicaine-album-photos","status":"publish","type":"post","link":"https:\/\/linitiative.ca\/International\/le-general-youssef-baraket-un-symbole-de-larmee-republicaine-album-photos\/","title":{"rendered":"Le g\u00e9n\u00e9ral Youssef Baraket: Un symbole de l\u2019arm\u00e9e r\u00e9publicaine (Album photos)"},"content":{"rendered":"<p><span class=\"c2\"><em><strong><img decoding=\"async\" src=\"\/uploads\/FCK_files\/Mohamed-Ahmed.jpg\" alt=\"\" width=\"15%\" vspace=\"5\" hspace=\"5\" align=\"left\"\/>Par le Colonel Major (r) Mohamed Ahmed &#8211;<\/strong><\/em><\/span> <strong>Un illustre soldat nous quitte. Le g\u00e9n\u00e9ral de corps d\u2019arm\u00e9e Youssef Baraket, ancien chef d\u2019\u00e9tat-major des arm\u00e9es et ancien ambassadeur, a tir\u00e9 sa r\u00e9v\u00e9rence le 4 avril dernier, \u00e0 l\u2019\u00e2ge de 86 ans. Il est parti dans une indiff\u00e9rence quasi-totale de la R\u00e9publique, apr\u00e8s l\u2019avoir loyalement servie durant pr\u00e8s de 45 ans, comme soldat puis comme diplomate.<\/strong><\/p>\n<p>Le g\u00e9n\u00e9ral Nafti et le colonel Kasdallah lui ont rendu, \u00e0 chaud, un hommage appuy\u00e9 dans les colonnes de Leaders. Ceux qui ont servi sous ses ordres ou l\u2019ont c\u00f4toy\u00e9, parmi les militaires retrait\u00e9s, n\u2019ont pas manqu\u00e9 de louer ses qualit\u00e9s de chef, de b\u00e2tisseur et d\u2019homme proche de ses subordonn\u00e9s, dans leurs commentaires sur Facebook.<\/p>\n<p>Ayant moi-m\u00eame servi sous son commandement au milieu des ann\u00e9es soixante-dix, je voudrais \u00e9voquer ici ses qualit\u00e9s de chef aim\u00e9 et respect\u00e9, son style de commandement novateur et ses \u0153uvres multiples. A cette \u00e9poque, il \u00e9tait colonel commandant de l\u2019Acad\u00e9mie militaire. Il avait r\u00e9uni autour de lui une pl\u00e9iade d\u2019officiers de grande qualit\u00e9 dont je cite de m\u00e9moire:<\/p>\n<p class=\"c5\"><span class=\"c4\"><strong>\u2022<\/strong><\/span> Le commandant\u00a0 Azmi Mahjoub, directeur de l\u2019Instruction, auquel a succ\u00e9d\u00e9<\/p>\n<p class=\"c5\"><span class=\"c4\"><strong>\u2022<\/strong><\/span> le commandant\u00a0 Mohamed Habib Ayachi,<\/p>\n<p class=\"c5\"><span class=\"c4\"><strong>\u2022<\/strong><\/span> le commandant RomdhaneTurki, directeur des affaires administratives et financi\u00e8res,<\/p>\n<p class=\"c5\"><span class=\"c4\"><strong>\u2022<\/strong><\/span> les commandants de promotions, les capitaines : Abdelaziz Skik, Mohamed Mallek, Abdessattar Ben Ayed, Abdelfattah Kallel, Taoufik Lakhoua, Mustapha Moncer \u2026<\/p>\n<p class=\"c5\"><span class=\"c4\"><strong>\u2022<\/strong><\/span> les chefs de section et instructeurs, les lieutenants : Ahmed Ghiloufi, Rafik Chebbi, Badreddine Mastouri Ouni, Slaheddine Bezrati, Mokhtar Hchaichi, Abdelaziz Selmi, Abderazzak Nabli, Abderrahmene Dakhili, Badreddine Mechri, Ben Fatma\u2026<\/p>\n<p>Quant \u00e0 l\u2019auteur de ces lignes, il \u00e9tait lieutenant, charg\u00e9 du cours Pionniers<span class=\"c4\"><strong>*<\/strong><\/span>, chef de section \u00e9l\u00e8ves-officiers d\u2019active et officier des traditions.<\/p>\n<p><span class=\"c6\"><strong>Un chef aim\u00e9 et respect\u00e9<\/strong><\/span><\/p>\n<div class=\"c8\" readability=\"20\"><span class=\"c7\"><strong>Une vie d\u00e9di\u00e9e \u00e0 la patrie<\/strong><\/span><\/p>\n<p>N\u00e9 le 3 f\u00e9vrier 1935 \u00e0 B\u00e9ja. Mari\u00e9 et p\u00e8re de 3 enfants. Incorpor\u00e9 le 25 septembre 1956 comme \u00e9l\u00e8ve-officier. Form\u00e9 \u00e0 Saint-Cyr, en France, il fera partie de la premi\u00e8re promotion des officiers de la Tunisie ind\u00e9pendante, la promotion Bourguiba.<\/p>\n<p>Brillant officier d\u2019infanterie et grand sportif, il a command\u00e9 les prestigieuses institutions de l\u2019arm\u00e9e, l\u2019Acad\u00e9mie militaire de Fondouk Djedid, la 2e Brigade. A \u00e9t\u00e9 d\u00e9sign\u00e9 aux plus hautes fonctions militaires : chef d\u2019\u00e9tat-major de l\u2019Arm\u00e9e de terre et chef d\u2019\u00e9tat-major g\u00e9n\u00e9ral des arm\u00e9es. Nomm\u00e9 ambassadeur de Tunisie en Gr\u00e8ce. Parti \u00e0 la retraite le 1er mars 1997.<\/p>\n<\/div>\n<p>Le g\u00e9n\u00e9ral Baraket a re\u00e7u une formation militaire solide, de grande qualit\u00e9. Il a fr\u00e9quent\u00e9 des \u00e9coles prestigieuses telles que\u00a0 Saint-Cyr, le Command and General Staff College de Fort Leavenworth aux Etats-Unis, l\u2019Ecole sup\u00e9rieure de guerre \u00e0 Paris et l\u2019Institut de d\u00e9fense Nationale \u00e0 Tunis.<\/p>\n<p>Sportif, cultiv\u00e9, courtois et distingu\u00e9, il met \u00e0 l\u2019aise ses subordonn\u00e9s, montre de l\u2019int\u00e9r\u00eat pour ce qu\u2019ils font et leur prodigue ses conseils et ses encouragements. Il a \u00e9t\u00e9, pour cela, un chef aim\u00e9 et bien respect\u00e9. J\u2019ai personnellement pu mesurer cela quand j\u2019\u00e9tais stagiaire \u00e0 l\u2019\u00c9cole sup\u00e9rieure de guerre(ESG) \u00e0 Paris en 1987.<\/p>\n<p>Le g\u00e9n\u00e9ral Gabriel, qui commandait l\u2019ESG et qui \u00e9tait de sa promotion \u00e0 Saint-Cyr, ne tarissait pas d\u2019\u00e9loges \u00e0 son \u00e9gard. Le g\u00e9n\u00e9ral Bichon, qui \u00e9tait adjoint \u00e0 l\u2019ESG, connaissait \u00e9galement le g\u00e9n\u00e9ral Baraket quand ils \u00e9taient tous les deux stagiaires \u00e0 l\u2019Ecole militaire (ESG) et lui vouait un profond respect.<\/p>\n<p>Outre-Atlantique, selon la tradition, l\u2019Ecole de commandement et d\u2019\u00e9tat-major am\u00e9ricaine honore ses anciens \u00e9l\u00e8ves parvenus au sommet de la hi\u00e9rarchie militaire de leurs pays. Le g\u00e9n\u00e9ral Baraket, \u00e0 l\u2019instar des chefs illustres pass\u00e9s par cette \u00e9cole, fut honor\u00e9 en 1986 pour son parcours exceptionnel. Son portrait figure depuis cette ann\u00e9e au \u00ab Hall of Fame \u00bb du Command and General Staff College, \u00e0 Fort Leavenworth, Kansas.<\/p>\n<p><span class=\"c6\"><strong>Un style de commandement novateur<\/strong><\/span><\/p>\n<p>En adoptant un style de commandement r\u00e9solument novateur, favorisant la participation et encourageant l\u2019initiative, le g\u00e9n\u00e9ral Baraket obtenait le meilleur de ses subordonn\u00e9s sans avoir besoin d\u2019exercer une autorit\u00e9 rigide ou montrer une rigueur excessive. Il \u00e9tait adepte de la hi\u00e9rarchie \u00e9clair\u00e9e et croyait en la force de l\u2019exemple.<\/p>\n<p>Chez lui, la combinaison des \u2018soft skills\u2019 inn\u00e9s et l\u2019exercice quotidien du commandement lui conf\u00e9raient une autorit\u00e9 naturelle. Ses subordonn\u00e9s montraient une ob\u00e9issance active o\u00f9 l\u2019adh\u00e9sion l\u2019emportait sur la contrainte. Ce style a permis \u00e0 ses collaborateurs de lib\u00e9rer les \u00e9nergies et de d\u00e9ployer les initiatives. En pla\u00e7ant la confiance en eux, les r\u00e9sultats des actions entreprises sont souvent d\u2019excellentes qualit\u00e9s. Il a utilis\u00e9 \u00e9galement le sport, en particulier le football, comme moyen de rapprochement avec les subordonn\u00e9s durant toute sa carri\u00e8re.<\/p>\n<p>Une qualit\u00e9 cardinale du g\u00e9n\u00e9ral, c\u2019est la d\u00e9fense de ses subordonn\u00e9s et son acceptation du fait qu\u2019ils puissent se tromper.<\/p>\n<p>Au moment du d\u00e9clenchement de l\u2019affaire de \u00ab Barraket Essahel \u00bb en mai 1991 et l\u2019arrestation d\u2019officiers sup\u00e9rieurs de l\u2019\u00c9tat-major de l\u2019arm\u00e9e, le g\u00e9n\u00e9ral Baraket \u00e9tait ambassadeur \u00e0 Ath\u00e8nes. Le g\u00e9n\u00e9ral (R) Ben Slimane, son ancien camarade de promotion, lui rendait visite \u00e0 Ath\u00e8nes et l\u2019informait sur la campagne d\u2019arrestation qui a frapp\u00e9 des officiers de l\u2019Arm\u00e9e. Selon le g\u00e9n\u00e9ral Ben Slimane qui me rapportait cela, le g\u00e9n\u00e9ral Baraket en avait \u00e9t\u00e9 tr\u00e8s affect\u00e9, car nombre d\u2019officiers parmi eux ont servi sous ses ordres comme cadres ou \u00e9l\u00e8ves \u00e0 l\u2019Acad\u00e9mie militaire.<\/p>\n<p>Une question me taraudait depuis mon arrestation dans l\u2019affaire de \u00ab Baraket Essahel \u00bb : qu\u2019aurait fait le g\u00e9n\u00e9ral Baraket s\u2019il avait \u00e9t\u00e9 chef d\u2019\u00e9tat-major au moment de la campagne d\u2019arrestation de mai 1991?<\/p>\n<p>La r\u00e9ponse m\u2019a \u00e9t\u00e9 fournie, lors d\u2019une rencontre avec lui, longtemps apr\u00e8s ces \u00e9v\u00e8nements. Il m\u2019a assur\u00e9 qu\u2019il aurait d\u00e9fendu ses officiers jusqu\u2019au bout, et \u00e0 d\u00e9faut d\u2019obtenir leur lib\u00e9ration et leur retour \u00e0 leurs postes, il aurait certainement d\u00e9missionn\u00e9. Il n\u2019a jamais dig\u00e9r\u00e9 le fait que le commandement de l\u2019Arm\u00e9e proc\u00e8de aux arrestations de ses hauts cadres et les remette entre les mains du minist\u00e8re de l\u2019Int\u00e9rieur pour \u00eatre humili\u00e9s et tortur\u00e9s, pour un complot fabriqu\u00e9 de toutes pi\u00e8ces.<\/p>\n<p>A propos de son style de commandement, je voudrais rapporter ici le t\u00e9moignage du colonel Habib Houas, qui fut l\u2019un de ses collaborateurs au commandement des \u00c9coles qu\u2019il dirigeait en 1983 : \u00abD\u2019un style nouveau, feu le g\u00e9n\u00e9ral Baraket aimait travailler dans la joie. Il ne commande pas, il dirige, oriente et r\u00e9fl\u00e9chit&#8230; En r\u00e9sum\u00e9, le g\u00e9n\u00e9ral Baraket \u00e9tait un grand chef militaire, tr\u00e8s respect\u00e9 de ses sup\u00e9rieurs, ami de ses subordonn\u00e9s. Il \u00e9tait un meneur d\u2019hommes et un \u00e9ducateur hors pair\u00bb<\/p>\n<p><span class=\"c6\"><strong>Des \u0153uvres multiples<\/strong><\/span><\/p>\n<p>L&rsquo;Acad\u00e9mie militaire : cette grande institution acad\u00e9mique a connu sous sa direction \u00e9clair\u00e9e des transformations modernes tant au niveau de l\u2019enseignement que des infrastructures.<\/p>\n<p>Au niveau de l\u2019enseignement :<\/p>\n<p class=\"c5\"><span class=\"c4\"><strong>\u2022<\/strong><\/span> Introduction d\u2019un nouveau curriculum avec quatre ann\u00e9es d&rsquo;\u00e9tudes universitaires et militaires au lieu de deux,<\/p>\n<p class=\"c5\"><span class=\"c4\"><strong>\u2022<\/strong><\/span> Inclusion dans le nouveau curriculum d\u2019un stage de formation au Centre national d\u2019entra\u00eenement commandos de Mont-Louis (France) et d\u2019un stage de parachutisme militaire en Tunisie\u2026<\/p>\n<p class=\"c5\"><span class=\"c4\"><strong>\u2022<\/strong><\/span> Accueil des promotions d&rsquo;\u00e9l\u00e8ves officiers de r\u00e9serve parmi les dipl\u00f4m\u00e9s de l&rsquo;\u00c9cole nationale d\u2019ing\u00e9nieurs de Tunis et les dipl\u00f4m\u00e9s des instituts et des facult\u00e9s,\u00a0<\/p>\n<p class=\"c5\"><span class=\"c4\"><strong>\u2022<\/strong><\/span> Organisation de cours de qualification pour le grade de sous-lieutenant au profit des sous-officiers sup\u00e9rieurs des diverses arm\u00e9es et du corps de la Garde nationale,<\/p>\n<p class=\"c5\"><span class=\"c4\"><strong>\u2022<\/strong><\/span> Elaboration des documents de r\u00e9f\u00e9rence pour l\u2019enseignement militaire (topographie, pionniers, armement, transmissions, etc.),<\/p>\n<p class=\"c5\"><span class=\"c4\"><strong>\u2022<\/strong><\/span> D\u00e9veloppement des traditions: choix par les EOA du nom de promotion, conception et r\u00e9alisation d\u2019un insigne de promotion, pr\u00e9paration du \u2018triomphe\u2019 de fin d\u2019ann\u00e9e par la promotion sortante sous la supervision de l\u2019Officier des traditions\u2026<\/p>\n<p>Autre tradition \u00e9tablie par le colonel Youssef Baraket : la tenue d&rsquo;une c\u00e9r\u00e9monie en l&rsquo;honneur des officiers qui ont termin\u00e9 leur mission \u00e0 l&rsquo;Acad\u00e9mie. Au cours de cette c\u00e9r\u00e9monie, le commandant de l\u2019Acad\u00e9mie salue les services rendus par les int\u00e9ress\u00e9s et offre \u00e0 chacun d\u2019eux un cadeau souvenir.<\/p>\n<p>Au niveau des infrastructures, les anciennes infrastructures du Camps Servi\u00e8re, constitu\u00e9es essentiellement de baraquements et de quelques b\u00e2timents datant de la colonisation, sont devenues exigu\u00ebs, inadapt\u00e9es et inconfortables. Un nouveau si\u00e8ge a \u00e9t\u00e9 con\u00e7u et r\u00e9alis\u00e9. Il est compos\u00e9 de nouveaux b\u00e2timents modernes et pratiques avec des chambres pour quatre \u00e9tudiants, des amphis, des salles de cours et divers laboratoires\u2026<\/p>\n<p><span class=\"c4\"><strong>Mise sur pied de la 2e Brigade:<\/strong><\/span> nomm\u00e9 commandant de la 2e Brigade de l\u2019Arm\u00e9e de terre, \u00e0 cr\u00e9er, et dont le quartier g\u00e9n\u00e9ral devait \u00eatre install\u00e9 \u00e0 B\u00e9ja.<\/p>\n<p>Le colonel Baraket s\u2019est totalement investi dans cette mission et a dirig\u00e9 la cr\u00e9ation de cette grande unit\u00e9 \u00e0 partir de rien, en r\u00e9alisant les effectifs, les \u00e9quipements et les infrastructures n\u00e9cessaires.<\/p>\n<p><span class=\"c4\"><strong>Adepte de l\u2019introduction des nouvelles technologies:<\/strong><\/span> \u00e0 la t\u00eate de la Direction de la planification, de la programmation et de l\u2019informatique, le colonel Baraket a \u0153uvr\u00e9 pour que cette direction introduise et d\u00e9veloppe les techniques d\u2019une gestion moderne bas\u00e9e sur l\u2019outil informatique. Selon le t\u00e9moignage du colonel-major (R) B\u00e9chir Chok, qui fut son proche collaborateur : \u00ab Il a beaucoup fait pour la r\u00e9alisation des applications informatiques concernant la gestion des ressources de l\u2019Arm\u00e9e avec quatre applications principales : gestion automatis\u00e9e du personnel, du mat\u00e9riel, du budget et du patrimoine militaire \u00bb<\/p>\n<p>Deux id\u00e9es lui \u00e9taient ch\u00e8res, selon le CM Chok : la mise sur pied d\u2019un centre op\u00e9rationnel des arm\u00e9es et la num\u00e9risation des tableaux des effectifs et des dotations. Il a travaill\u00e9 \u00e9galement sur l\u2019\u00e9volution de la pyramide des grades et sa correction par des outils automatis\u00e9s.<\/p>\n<p><span class=\"c6\"><strong>L\u2019h\u00e9ritage du g\u00e9n\u00e9ral Baraket<\/strong><\/span><\/p>\n<p>L\u2019Histoire retiendra du g\u00e9n\u00e9ral de corps d\u2019Arm\u00e9e Youssef Baraket qu\u2019il fut le plus prestigieux des g\u00e9n\u00e9raux de la 1\u00e8re R\u00e9publique. Militaire puis diplomate, il a servi la R\u00e9publique et la nation avec grande comp\u00e9tence et un infini d\u00e9vouement. Son empreinte restera ind\u00e9l\u00e9bile comme r\u00e9formateur de l\u2019enseignement militaire sup\u00e9rieur, comme b\u00e2tisseur et initiateur d\u2019un style de commandement moderne alliant professionnalisme et humanit\u00e9.<\/p>\n<p>Notre souhait, nous les anciens militaires, c\u2019est de voir notre Arm\u00e9e perp\u00e9tuer la m\u00e9moire des chefs militaires qui ont servi la nation avec honneur, comp\u00e9tence et d\u00e9vouement par des actions symboliques telles que:<\/p>\n<p class=\"c5\"><span class=\"c4\"><strong>\u2022<\/strong><\/span> Attribution du nom du g\u00e9n\u00e9ral Baraket \u00e0 l\u2019une des promotions sortantes de l\u2019Acad\u00e9mie militaire,<\/p>\n<p class=\"c5\"><span class=\"c4\"><strong>\u2022<\/strong><\/span> Bapt\u00eame des amphis des grandes \u00e9coles militaires (Acad\u00e9mie militaire, Ecole sup\u00e9rieure de guerre, Ecole de commandement et d\u2019\u00e9tat-major&#8230;) du nom du g\u00e9n\u00e9ral Baraket,<\/p>\n<p class=\"c5\"><span class=\"c4\"><strong>\u2022<\/strong><\/span> Attribution du nom du g\u00e9n\u00e9ral Baraket \u00e0 l\u2019une des bases militaires (B\u00e9ja par exemple)<\/p>\n<p>Le G\u00e9n\u00e9ral nous a quitt\u00e9s, mais il restera \u00e0 jamais dans nos m\u00e9moires.<br \/><strong>Great soldiers never die, they simply fade away<\/strong><\/p>\n<p><span class=\"c9\"><em>* Pionniers : cours de G\u00e9nie militaire comportant plusieurs mati\u00e8res : explosifs et destructions, mines, organisation du terrain, franchissement\u2026<\/em><\/span><\/p>\n<p class=\"c10\"><strong>Le Colonel Major (r) Mohamed Ahmed<\/strong><br \/><span class=\"c9\">Ancien assistant du chef d&rsquo;\u00e9tat-major de l&rsquo;Arm\u00e9e de terre,<br \/>ancien coordinateur g\u00e9n\u00e9ral de l&rsquo;association INSAF-Justice pour les anciens militaires<\/span><\/p>\n<p>Auteur:<br \/>\n<a href=\"https:\/\/www.leaders.com.tn\/article\/31866-le-general-youssef-baraket-un-symbole-de-l-armee-republicaine\">Cliquez ici pour lire l&rsquo;article depuis sa source.<\/a><\/p>\n","protected":false},"excerpt":{"rendered":"<p>Par le Colonel Major (r) Mohamed Ahmed &#8211; Un illustre soldat nous quitte. Le g\u00e9n\u00e9ral de corps d\u2019arm\u00e9e Youssef Baraket, ancien chef d\u2019\u00e9tat-major des arm\u00e9es et ancien ambassadeur, a tir\u00e9 sa r\u00e9v\u00e9rence le 4 avril dernier, \u00e0 l\u2019\u00e2ge de 86 ans. Il est parti dans une indiff\u00e9rence quasi-totale de la R\u00e9publique, apr\u00e8s l\u2019avoir loyalement servie [&hellip;]<\/p>\n","protected":false},"author":1772,"featured_media":0,"comment_status":"closed","ping_status":"closed","sticky":false,"template":"","format":"standard","meta":{"fifu_image_url":"\/uploads\/FCK_files\/Mohamed-Ahmed.jpg","fifu_image_alt":"Le g\u00e9n\u00e9ral Youssef Baraket: Un symbole de l\u2019arm\u00e9e r\u00e9publicaine (Album photos)","footnotes":""},"categories":[73,55],"tags":[],"class_list":["post-116707","post","type-post","status-publish","format-standard","hentry","category-actualite","category-tunisie"],"_links":{"self":[{"href":"https:\/\/linitiative.ca\/International\/wp-json\/wp\/v2\/posts\/116707","targetHints":{"allow":["GET"]}}],"collection":[{"href":"https:\/\/linitiative.ca\/International\/wp-json\/wp\/v2\/posts"}],"about":[{"href":"https:\/\/linitiative.ca\/International\/wp-json\/wp\/v2\/types\/post"}],"author":[{"embeddable":true,"href":"https:\/\/linitiative.ca\/International\/wp-json\/wp\/v2\/users\/1772"}],"replies":[{"embeddable":true,"href":"https:\/\/linitiative.ca\/International\/wp-json\/wp\/v2\/comments?post=116707"}],"version-history":[{"count":0,"href":"https:\/\/linitiative.ca\/International\/wp-json\/wp\/v2\/posts\/116707\/revisions"}],"wp:attachment":[{"href":"https:\/\/linitiative.ca\/International\/wp-json\/wp\/v2\/media?parent=116707"}],"wp:term":[{"taxonomy":"category","embeddable":true,"href":"https:\/\/linitiative.ca\/International\/wp-json\/wp\/v2\/categories?post=116707"},{"taxonomy":"post_tag","embeddable":true,"href":"https:\/\/linitiative.ca\/International\/wp-json\/wp\/v2\/tags?post=116707"}],"curies":[{"name":"wp","href":"https:\/\/api.w.org\/{rel}","templated":true}]}}