{"id":116708,"date":"2021-05-13T05:00:00","date_gmt":"2021-05-13T09:00:00","guid":{"rendered":"https:\/\/linitiative.ca\/International\/palestine-israel-le-fer-et-par-le-feu\/"},"modified":"2021-05-13T05:00:00","modified_gmt":"2021-05-13T09:00:00","slug":"palestine-israel-le-fer-et-par-le-feu","status":"publish","type":"post","link":"https:\/\/linitiative.ca\/International\/palestine-israel-le-fer-et-par-le-feu\/","title":{"rendered":"Palestine &#8211; Isra\u00ebl: Le fer et par le feu"},"content":{"rendered":"<p><span class=\"c2\"><em><strong>Par Ahmed Ouna\u00efes &#8211;<\/strong><\/em><\/span> L\u2019Administration Biden a choisi son camp au c\u00f4t\u00e9 de la puissance occupante contre le peuple victime de l\u2019occupation. L\u2019objection au principe m\u00eame de la D\u00e9claration du Pr\u00e9sident, \u00e0 l\u2019issue du d\u00e9bat du lundi 10 mai au Conseil de S\u00e9curit\u00e9, \u00e9quivaut \u00e0 un 45e veto contre le peuple palestinien. Que signifie pr\u00e9cis\u00e9ment ce veto masqu\u00e9 ?<\/p>\n<p>Il signifie d\u2019abord qu\u2019aucun jugement ne soit \u00e9mis par le Conseil de S\u00e9curit\u00e9 relativement \u00e0 la politique isra\u00e9lienne dans les territoires occup\u00e9s. L\u2019Administration Biden avait d\u00e9j\u00e0 d\u00e9clar\u00e9 son opposition \u00e0 l\u2019enqu\u00eate d\u00e9cid\u00e9e le 3 mars dernier par la Cour P\u00e9nale Internationale afin d\u2019\u00e9tablir les \u00e9ventuelles violations du droit commises dans les territoires palestiniens occup\u00e9s et pouvant constituer des crimes de guerre ou des crimes contre l\u2019humanit\u00e9. Aucune force d\u2019occupation ne souhaite l\u2019interf\u00e9rence d\u2019un tiers dans ses rapports avec la victime. Tel est l\u2019int\u00e9r\u00eat d\u2019Isra\u00ebl qui tient \u00e0 signifier aux Palestiniens qu\u2019ils sont totalement subordonn\u00e9s \u00e0 son autorit\u00e9.<\/p>\n<p>Le veto signifie \u00e9galement que la puissance occupante peut recourir \u00e0 la force sans limite. Isra\u00ebl fixera, sous la contrainte du r\u00e9gime d\u2019occupation, les termes de la solution \u00e0 deux Etats : tant que le n\u00e9gociateur palestinien tiendra au respect de ses droits territoriaux, il subira ce r\u00e9gime sans limite et sans droit de regard ext\u00e9rieur.<\/p>\n<p>Le veto signifie enfin que l\u2019Administration Biden signale \u00e0 son tour \u00e0 l\u2019Autorit\u00e9 Palestinienne qu\u2019elle ne peut esp\u00e9rer mettre fin \u00e0 l\u2019occupation et obtenir la reconnaissance formelle du statut d\u2019Etat qu\u2019en c\u00e9dant les parts de territoire qu\u2019Isra\u00ebl tient \u00e0 annexer.<\/p>\n<p>Une telle politique se d\u00e9clare d\u2019embl\u00e9e une politique de puissance, complice de la strat\u00e9gie de contrainte, par le fer et par le feu, afin d\u2019acqu\u00e9rir le territoire par la force. C\u2019est le fin mot.<\/p>\n<p class=\"c3\"><strong>Ahmed Ouna\u00efes<\/strong><br \/>\u00a0<\/p>\n<p>Auteur:<br \/>\n<a href=\"https:\/\/www.leaders.com.tn\/article\/31867-palestine-israel-le-fer-et-par-le-feu\">Cliquez ici pour lire l&rsquo;article depuis sa source.<\/a><\/p>\n","protected":false},"excerpt":{"rendered":"<p>Par Ahmed Ouna\u00efes &#8211; L\u2019Administration Biden a choisi son camp au c\u00f4t\u00e9 de la puissance occupante contre le peuple victime de l\u2019occupation. L\u2019objection au principe m\u00eame de la D\u00e9claration du Pr\u00e9sident, \u00e0 l\u2019issue du d\u00e9bat du lundi 10 mai au Conseil de S\u00e9curit\u00e9, \u00e9quivaut \u00e0 un 45e veto contre le peuple palestinien. Que signifie pr\u00e9cis\u00e9ment [&hellip;]<\/p>\n","protected":false},"author":1772,"featured_media":0,"comment_status":"closed","ping_status":"closed","sticky":false,"template":"","format":"standard","meta":{"fifu_image_url":"","fifu_image_alt":"","footnotes":""},"categories":[73,55],"tags":[],"class_list":["post-116708","post","type-post","status-publish","format-standard","hentry","category-actualite","category-tunisie"],"_links":{"self":[{"href":"https:\/\/linitiative.ca\/International\/wp-json\/wp\/v2\/posts\/116708","targetHints":{"allow":["GET"]}}],"collection":[{"href":"https:\/\/linitiative.ca\/International\/wp-json\/wp\/v2\/posts"}],"about":[{"href":"https:\/\/linitiative.ca\/International\/wp-json\/wp\/v2\/types\/post"}],"author":[{"embeddable":true,"href":"https:\/\/linitiative.ca\/International\/wp-json\/wp\/v2\/users\/1772"}],"replies":[{"embeddable":true,"href":"https:\/\/linitiative.ca\/International\/wp-json\/wp\/v2\/comments?post=116708"}],"version-history":[{"count":0,"href":"https:\/\/linitiative.ca\/International\/wp-json\/wp\/v2\/posts\/116708\/revisions"}],"wp:attachment":[{"href":"https:\/\/linitiative.ca\/International\/wp-json\/wp\/v2\/media?parent=116708"}],"wp:term":[{"taxonomy":"category","embeddable":true,"href":"https:\/\/linitiative.ca\/International\/wp-json\/wp\/v2\/categories?post=116708"},{"taxonomy":"post_tag","embeddable":true,"href":"https:\/\/linitiative.ca\/International\/wp-json\/wp\/v2\/tags?post=116708"}],"curies":[{"name":"wp","href":"https:\/\/api.w.org\/{rel}","templated":true}]}}