{"id":116709,"date":"2021-05-13T05:20:00","date_gmt":"2021-05-13T09:20:00","guid":{"rendered":"https:\/\/linitiative.ca\/International\/chedli-klibi-un-an-deja\/"},"modified":"2021-05-13T05:20:00","modified_gmt":"2021-05-13T09:20:00","slug":"chedli-klibi-un-an-deja","status":"publish","type":"post","link":"https:\/\/linitiative.ca\/International\/chedli-klibi-un-an-deja\/","title":{"rendered":"Chedli Klibi : un an d\u00e9j\u00e0"},"content":{"rendered":"<p><span class=\"c2\"><em><strong><img decoding=\"async\" src=\"\/uploads\/FCK_files\/Abdelaziz-Kacem(9).jpg\" alt=\"\" width=\"20%\" vspace=\"5\" hspace=\"5\" align=\"right\"\/>Par Abdelaziz Kacem &#8211;<\/strong><\/em><\/span> Le 13 mai 2020, nous quittait Chedli Klibi. Le souvenir est d\u2019autant plus br\u00fblant qu\u2019il nous tenaille, en ce jour de l\u2019A\u00efd al-Fitr, un rendez-vous que, depuis des d\u00e9cennies, nous autres, ses anciens proches collaborateurs, devenus ses amis, ne manquions jamais. Il nous plaisait d\u2019accomplir une observance, celle de nous rendre aupr\u00e8s de lui, \u00e0 Carthage, pour lui souhaiter bonne f\u00eate. Carthage dont il \u00e9tait le dernier des suff\u00e8tes, dignit\u00e9 que je lui conf\u00e9rais \u00e0 tr\u00e8s juste titre et qu\u2019il acceptait avec son l\u00e9ger sourire, Carthage, l\u2019\u00e9plor\u00e9e, qui r\u00e9clame le vigilent protecteur de son site, l\u2019h\u00e9ritier de son patrimoine, un m\u00e9lange de T\u00e9rence, d\u2019Apul\u00e9e, de Tertullien et d\u2019Augustin, mais aussi son premier humaniste de langue arabe.<\/p>\n<p>Chedli Klibi, je le soulignais, nagu\u00e8re, avait beau assumer les fonctions de Ministre-directeur du cabinet pr\u00e9sidentiel ou de Secr\u00e9taire g\u00e9n\u00e9ral de la Ligue des \u00c9tats arabes, il restait pour nous l\u2019inamovible Malraux de Bourguiba.<\/p>\n<p>\u00c0 l\u2019heure o\u00f9 les grands fauteuils n\u2019ont plus de post\u00e9rieurs \u00e0 leur mesure, il est bon de rappeler que Chedli Klibi remplissait pleinement le sien. Chiraz Latiri, peu avant son remplacement par je-ne-sais-qui, nous confiait que d\u00e8s son\u00a0 installation, elle s\u2019\u00e9tait dit : \u00ab Te voil\u00e0 assise dans le fauteuil de Chedli Klibi, ne l\u2019oublie jamais \u00bb. L\u2019ancienne d\u00e9tentrice du d\u00e9partement a \u00e9t\u00e9 pour beaucoup dans l\u2019appellation de la Cit\u00e9 de la Culture par le nom du p\u00e8re fondateur. Du quaranti\u00e8me jour de son d\u00e9c\u00e8s, elle fit un m\u00e9morable \u00e9v\u00e9nement culturel. Elle avait m\u00eame l\u2019intention de c\u00e9l\u00e9brer, sous son nom, tout au long de l\u2019ann\u00e9e 2021, les soixante ans de la cr\u00e9ation du minist\u00e8re des Affaires culturelles. Je l\u2019avais assur\u00e9 de ma collaboration.<\/p>\n<p>En ces temps de miasme et de marasme, pour lutter contre l\u2019oubli, ce second linceul des morts, au sens o\u00f9 l\u2019entendait Lamartine, nous avons d\u00e9cid\u00e9, mon ami Abdelhafidh Hargu\u00e8m et moi-m\u00eame, avec le soutien du Club Bochra al-Khayr et de l\u2019ASBU, de c\u00e9l\u00e9brer cette premi\u00e8re ann\u00e9e de la disparition de Chedli Klibi. Non pas pour ressasser ses louanges, il ne l\u2019aurait pas appr\u00e9ci\u00e9, mais pour entamer, dans le cadre de sa strat\u00e9gie, une s\u00e9rieuse r\u00e9flexion sur le devenir de l\u2019action culturelle, en Tunisie, voire dans le monde arabe. Les graves et durables perturbations, dues \u00e0 l\u2019\u00e9pid\u00e9mie et aux incertitudes politiques et socio\u00e9conomiques que traverse le pays, nous obligent de surseoir, pour un laps de temps que nous esp\u00e9rons tr\u00e8s court, \u00e0 la r\u00e9alisation d\u2019une telle manifestation.<\/p>\n<p>En attendant, j\u2019aimerais \u00e9voquer, \u00e0 l\u2019intention de la g\u00e9n\u00e9ration post-Ben-Ali et m\u00eame celle qui la pr\u00e9c\u00e8de, la gouvernance sous Bourguiba. Si pesante que soit l\u2019ombre du Combattant supr\u00eame, elle n\u2019\u00e9crasait gu\u00e8re ses ministres. Chacun d\u2019entre eux \u00e9tait seul ma\u00eetre ma\u00eetre \u00e0 bord dans son d\u00e9partement et Chedli Klibi avait une stature qui donnait de l\u2019envergure au sien. Il avait son plan d\u2019action, ses directives imp\u00e9ratives, mais il consultait constamment ses directeurs. Il \u00e9tait avare de compliment, mais aussi de r\u00e9primande.<\/p>\n<p>J\u2019ai travaill\u00e9 pendant deux ans, sous ses ordres. J\u2019\u00e9tais en charge des Maisons de la Culture et du Peuple et c\u2019est sur ses instructions que j\u2019ai sillonn\u00e9 la R\u00e9publique, en inspection du r\u00e9seau. J\u2019ai pu \u00e0 cet \u00e9gard \u00e9valuer le travail accompli par nos agents et discuter avec les autorit\u00e9s r\u00e9gionales et locales des besoins de ces structures. Les relations entre le MAC, d\u2019un c\u00f4t\u00e9, les gouverneurs, les d\u00e9l\u00e9gu\u00e9s et les \u00e9lus, de l\u2019autre, \u00e9taient \u00e9troits, mais cela n\u2019allait pas sans accrocs s\u00e9rieux et parfois cocasses.<\/p>\n<p>Matinal, j\u2019\u00e9tais toujours avant l\u2019heure \u00e0 mon bureau. Ce matin-l\u00e0, j\u2019eus la surprise de retrouver accroupi, adoss\u00e9 au mur ext\u00e9rieur du minist\u00e8re, le responsable de telle Maison du peuple d\u2019un gouvernorat du sud, que je venais d\u2019inspecter et dont J\u2019\u00e9tais content. Il \u00e9tait en effet l\u2019un de nos meilleurs animateurs, qui, avec les moyens du bord, arrivaient \u00e0 faire bouger les choses. Que lui est-il arriv\u00e9 ? Il avait les yeux gonfl\u00e9s de celui qui n\u2019avait pas dormi de la nuit.<\/p>\n<p>Au bureau, il m\u2019a racont\u00e9 son histoire. Les \u00e9lections l\u00e9gislatives \u00e9taient proches. Briguant un autre mandat, le d\u00e9put\u00e9 sortant vint lui signifier qu\u2019il r\u00e9quisitionnait la salle polyvalente, pour y emmagasiner une bonne quantit\u00e9 de sacs de farine et de semoule, \u00e0 distribuer, le moment venu, aux \u00e9lecteurs. C\u2019\u00e9tait, pour l\u2019\u00e9poque, l\u2019\u00e9quivalent du couffin qatari pour l\u2019achat des voix. Le jeune directeur, debout derri\u00e8re son bureau, se rebiffe, proteste, o\u00f9 allait-il pratiquer les activit\u00e9s programm\u00e9es avec les jeunes ?<\/p>\n<p class=\"c4\"><span class=\"c3\"><strong>\u2022<\/strong><\/span> C\u2019est un ordre, hurla l\u2019\u00e9lu<\/p>\n<p class=\"c4\"><span class=\"c3\"><strong>\u2022<\/strong><\/span> Je d\u00e9pends d\u2019un minist\u00e8re ; puisque vous avez les bras longs, faites que mon ministre m\u2019en donne l\u2019ordre.<\/p>\n<p class=\"c4\"><span class=\"c3\"><strong>\u2022<\/strong><\/span> Ici, c\u2019est de moi que tu d\u00e9pends. Ob\u00e9is !<\/p>\n<p class=\"c4\"><span class=\"c3\"><strong>\u2022<\/strong><\/span> Non, vous n\u2019avez aucune autorit\u00e9 sur moi.<\/p>\n<p>L\u00e0-dessus, voyant rouge, l\u2019 \u00abenfarineur\u00bb\u00a0 se lance de toute sa corpulence pour gifler l\u2019insolent, qui, poids plume, esquive le coup, se pr\u00e9cipite vers la porte, se sauve en enfermant le dignitaire \u00e0 cl\u00e9, court vers la station de louage, s\u2019engouffre dans la premi\u00e8re voiture en partance, vers la capitale, et le voil\u00e0 qui s\u2019en remet \u00e0 ma premi\u00e8re instance.<\/p>\n<p class=\"c4\"><span class=\"c3\"><strong>\u2022<\/strong><\/span> Sais-tu la gravit\u00e9 de la situation ? dis-je. Tu as s\u00e9questr\u00e9 un repr\u00e9sentant du peuple.<\/p>\n<p class=\"c4\"><span class=\"c3\"><strong>\u2022<\/strong><\/span> Il m\u2019aurait d\u00e9moli, dit l\u2019agile esquiveur.<\/p>\n<p>Il faut agir vite, \u00e9viter que le ministre soit inform\u00e9 de l\u2019incident par une source ext\u00e9rieure. Je r\u00e9dige un rapport succinct et le lui envoie en urgence. Il me convoque. Il est aussi imp\u00e9n\u00e9trable qu\u2019un sphinx. Et maintenant, qu\u2019allons-nous faire ? Je dis tout le bien que je savais de notre administr\u00e9, arguant du fait qu\u2019il n\u2019a fait que respecter la hi\u00e9rarchie. Le ministre me charge de t\u00e9l\u00e9phoner au Gouverneur de la r\u00e9gion pour sonder les intentions de la partie adverse.<\/p>\n<p>Le gouverneur, une vieille connaissance, \u00e9tait furieux et sous pression. \u00abNotre agent, lui affirmai-je, est suspendu dans l\u2019attente de sa comparution devant un conseil de discipline, pour abandon de poste. Mais nous souhaiterions savoir les suites judiciaires que vous comptez donner \u00e0 l\u2019affaire.\u00bb<\/p>\n<p class=\"c4\"><span class=\"c3\"><strong>\u2022<\/strong><\/span> Le \u00abs\u00e9questr\u00e9\u00bb fulmine, r\u00e9torqua le Chef de la r\u00e9gion, il compte aller jusqu\u2019au bout, s\u2019en plaindre aupr\u00e8s du Pr\u00e9sident, s\u2019il le faut.<\/p>\n<p class=\"c4\"><span class=\"c3\"><strong>\u2022<\/strong><\/span> \u00c0 votre place, sugg\u00e9rai-je, je l\u2019en dissuaderai. Il n\u2019est dans l\u2019int\u00e9r\u00eat de personne de r\u00e9v\u00e9ler le vrai motif de la querelle. Dites-lui, pour le calmer, que le MAC sanctionnera le coupable.\u00bb<\/p>\n<p>En fait de sanction, je l\u2019ai nomm\u00e9 \u00e0 la t\u00eate de l\u2019une des Maisons du Peuple relevant de la municipalit\u00e9 de Carthage, en plein accord avec le ministre-maire.<\/p>\n<p>Moralit\u00e9: <span class=\"c3\"><strong>1.<\/strong><\/span> Chedli Klibi avait horreur de ces pratiques peu honn\u00eates, bien que tol\u00e9r\u00e9es par le Parti, pour soudoyer les \u00e9lecteurs. <span class=\"c3\"><strong>2.<\/strong><\/span> Il prot\u00e9geait ses\u00a0 administr\u00e9s, quel qu\u2019en soit le rang. <span class=\"c3\"><strong>3.<\/strong><\/span> Il responsabilisait ses directeurs avec obligation de r\u00e9sultat.<\/p>\n<p class=\"c5\"><strong>Abdelaziz Kacem<\/strong><\/p>\n<p>\u00a0<br \/>\u00a0<\/p>\n<p>Auteur:<br \/>\n<a href=\"https:\/\/www.leaders.com.tn\/article\/31868-chedli-klibi-un-an-deja\">Cliquez ici pour lire l&rsquo;article depuis sa source.<\/a><\/p>\n","protected":false},"excerpt":{"rendered":"<p>Par Abdelaziz Kacem &#8211; Le 13 mai 2020, nous quittait Chedli Klibi. Le souvenir est d\u2019autant plus br\u00fblant qu\u2019il nous tenaille, en ce jour de l\u2019A\u00efd al-Fitr, un rendez-vous que, depuis des d\u00e9cennies, nous autres, ses anciens proches collaborateurs, devenus ses amis, ne manquions jamais. Il nous plaisait d\u2019accomplir une observance, celle de nous rendre [&hellip;]<\/p>\n","protected":false},"author":1772,"featured_media":0,"comment_status":"closed","ping_status":"closed","sticky":false,"template":"","format":"standard","meta":{"fifu_image_url":"\/uploads\/FCK_files\/Abdelaziz-Kacem(9).jpg","fifu_image_alt":"Chedli Klibi : un an d\u00e9j\u00e0","footnotes":""},"categories":[73,55],"tags":[],"class_list":["post-116709","post","type-post","status-publish","format-standard","hentry","category-actualite","category-tunisie"],"_links":{"self":[{"href":"https:\/\/linitiative.ca\/International\/wp-json\/wp\/v2\/posts\/116709","targetHints":{"allow":["GET"]}}],"collection":[{"href":"https:\/\/linitiative.ca\/International\/wp-json\/wp\/v2\/posts"}],"about":[{"href":"https:\/\/linitiative.ca\/International\/wp-json\/wp\/v2\/types\/post"}],"author":[{"embeddable":true,"href":"https:\/\/linitiative.ca\/International\/wp-json\/wp\/v2\/users\/1772"}],"replies":[{"embeddable":true,"href":"https:\/\/linitiative.ca\/International\/wp-json\/wp\/v2\/comments?post=116709"}],"version-history":[{"count":0,"href":"https:\/\/linitiative.ca\/International\/wp-json\/wp\/v2\/posts\/116709\/revisions"}],"wp:attachment":[{"href":"https:\/\/linitiative.ca\/International\/wp-json\/wp\/v2\/media?parent=116709"}],"wp:term":[{"taxonomy":"category","embeddable":true,"href":"https:\/\/linitiative.ca\/International\/wp-json\/wp\/v2\/categories?post=116709"},{"taxonomy":"post_tag","embeddable":true,"href":"https:\/\/linitiative.ca\/International\/wp-json\/wp\/v2\/tags?post=116709"}],"curies":[{"name":"wp","href":"https:\/\/api.w.org\/{rel}","templated":true}]}}