{"id":116710,"date":"2021-05-12T18:10:43","date_gmt":"2021-05-12T22:10:43","guid":{"rendered":"https:\/\/linitiative.ca\/International\/ramadan-thomas-pesquet-souhaite-bonne-fete-aux-musulmans-avec-une-photo-de-la-mecque-vue-de-lespace\/"},"modified":"2021-05-12T18:10:43","modified_gmt":"2021-05-12T22:10:43","slug":"ramadan-thomas-pesquet-souhaite-bonne-fete-aux-musulmans-avec-une-photo-de-la-mecque-vue-de-lespace","status":"publish","type":"post","link":"https:\/\/linitiative.ca\/International\/ramadan-thomas-pesquet-souhaite-bonne-fete-aux-musulmans-avec-une-photo-de-la-mecque-vue-de-lespace\/","title":{"rendered":"Ramadan :  Thomas Pesquet souhaite bonne f\u00eate aux Musulmans avec une photo de la Mecque vue de  l\u2019espace"},"content":{"rendered":"<p><strong>L\u2019astronaute fran\u00e7ais Thomas Pesquet a eu une id\u00e9e tr\u00e8s originale pour souhaiter une bonne f\u00eate de l\u2019Aid El Fitr aux Musulmans du monde entier. \u00a0<\/strong><\/p>\n<div class=\"c10\">\n<\/div>\n<p>C\u2019est la fin du mois sacr\u00e9 de Ramadan. Et, pour souhaiter bonne f\u00eate aux Musulmans, l\u2019astronaute Thomas Pesquet a eu une id\u00e9e tr\u00e8s originale. L\u2019astronaute, actuellement en mission \u00e0 bord de la \u00a0Station spatiale internationale, a publi\u00e9 sur les r\u00e9seaux sociaux (Instagram, Facebook et Twitter notamment), une photographie de La Mecque (Arabie saoudite) vue de l\u2019espace. Pour rappel, Thomas Pesquet est \u00e0 bord de la Station spatiale internationale pour une dur\u00e9e de six mois. Il va y effectuer une centaine d\u2019exp\u00e9riences scientifiques.<\/p>\n<blockquote class=\"twitter-tweet\">\n<p lang=\"fr\" dir=\"ltr\" xml:lang=\"fr\">Mecca! So bright at night that it ended up overexposed, as I wanted to see the city lights too. Happy end of Ramadan!<\/p>\n<p>La Mecque ! Elle brillait si fort que la photo est un peu surexpos\u00e9e, mais je voulais absolument qu\u2019on voit les lumi\u00e8res de la ville. Joyeuse f\u00eate ! <a href=\"https:\/\/twitter.com\/hashtag\/EidMubarak?src=hash&amp;ref_src=twsrc%5Etfw\">#EidMubarak<\/a> <a href=\"https:\/\/t.co\/q7hYk4efm1\">pic.twitter.com\/q7hYk4efm1<\/a><\/p>\n<p>\u2014 Thomas Pesquet (@Thom_astro) <a href=\"https:\/\/twitter.com\/Thom_astro\/status\/1392573301080350727?ref_src=twsrc%5Etfw\">May 12, 2021<\/a><\/p><\/blockquote>\n<p><strong>Lire aussi| <a href=\"https:\/\/www.challenge.ma\/maroc-laid-el-fitr-sera-celebre-le-jeudi-13-mai-2021-184500\/\">Maroc : l\u2019A\u00efd el-Fitr sera c\u00e9l\u00e9br\u00e9 le jeudi 13 mai 2021<\/a><\/strong><\/p>\n<p>Auteur: challenge<br \/>\n<a href=\"https:\/\/www.challenge.ma\/ramadan-thomas-pesquet-souhaite-bonne-fete-aux-musulmans-avec-une-photo-de-la-mecque-vue-de-lespace-184513\/\">Cliquez ici pour lire l&rsquo;article depuis sa source.<\/a><\/p>\n","protected":false},"excerpt":{"rendered":"<p>L\u2019astronaute fran\u00e7ais Thomas Pesquet a eu une id\u00e9e tr\u00e8s originale pour souhaiter une bonne f\u00eate de l\u2019Aid El Fitr aux Musulmans du monde entier. \u00a0 C\u2019est la fin du mois sacr\u00e9 de Ramadan. Et, pour souhaiter bonne f\u00eate aux Musulmans, l\u2019astronaute Thomas Pesquet a eu une id\u00e9e tr\u00e8s originale. L\u2019astronaute, actuellement en mission \u00e0 bord [&hellip;]<\/p>\n","protected":false},"author":1787,"featured_media":0,"comment_status":"closed","ping_status":"closed","sticky":false,"template":"","format":"standard","meta":{"fifu_image_url":"","fifu_image_alt":"","footnotes":""},"categories":[78,54],"tags":[],"class_list":["post-116710","post","type-post","status-publish","format-standard","hentry","category-economie","category-maroc"],"_links":{"self":[{"href":"https:\/\/linitiative.ca\/International\/wp-json\/wp\/v2\/posts\/116710","targetHints":{"allow":["GET"]}}],"collection":[{"href":"https:\/\/linitiative.ca\/International\/wp-json\/wp\/v2\/posts"}],"about":[{"href":"https:\/\/linitiative.ca\/International\/wp-json\/wp\/v2\/types\/post"}],"author":[{"embeddable":true,"href":"https:\/\/linitiative.ca\/International\/wp-json\/wp\/v2\/users\/1787"}],"replies":[{"embeddable":true,"href":"https:\/\/linitiative.ca\/International\/wp-json\/wp\/v2\/comments?post=116710"}],"version-history":[{"count":0,"href":"https:\/\/linitiative.ca\/International\/wp-json\/wp\/v2\/posts\/116710\/revisions"}],"wp:attachment":[{"href":"https:\/\/linitiative.ca\/International\/wp-json\/wp\/v2\/media?parent=116710"}],"wp:term":[{"taxonomy":"category","embeddable":true,"href":"https:\/\/linitiative.ca\/International\/wp-json\/wp\/v2\/categories?post=116710"},{"taxonomy":"post_tag","embeddable":true,"href":"https:\/\/linitiative.ca\/International\/wp-json\/wp\/v2\/tags?post=116710"}],"curies":[{"name":"wp","href":"https:\/\/api.w.org\/{rel}","templated":true}]}}