{"id":116712,"date":"2021-05-13T09:10:23","date_gmt":"2021-05-13T13:10:23","guid":{"rendered":"https:\/\/linitiative.ca\/International\/la-ferme-eolienne-del-oualidia-livre-enfin-ses-premiers-kwh\/"},"modified":"2021-05-13T09:10:23","modified_gmt":"2021-05-13T13:10:23","slug":"la-ferme-eolienne-del-oualidia-livre-enfin-ses-premiers-kwh","status":"publish","type":"post","link":"https:\/\/linitiative.ca\/International\/la-ferme-eolienne-del-oualidia-livre-enfin-ses-premiers-kwh\/","title":{"rendered":"La ferme \u00e9olienne d\u2019El Oualidia livre enfin ses premiers KwH"},"content":{"rendered":"<p><strong>Huit ans apr\u00e8s avoir d\u00e9marr\u00e9 les premi\u00e8res \u00e9tudes de sa ferme \u00e9olienne d\u2019El Oualidia, le groupe fran\u00e7ais Innovent, lance enfin la production.<\/strong><\/p>\n<div class=\"c10\">\n<\/div>\n<p>En effet, avec un retard de plus d\u2019un an sur le chantier des travaux, <a href=\"https:\/\/innovent.fr\/index.php\/2021\/03\/31\/au-maroc-le-groupe-innovent-met-en-production-lun-des-premiers-parcs-eoliens-prives-au-maroc-dans-le-cadre-de-la-loi-13-09\/\">Innovent<\/a> Maroc, la filiale marocaine qui a port\u00e9 ce projet de bout en bout, a r\u00e9cemment inject\u00e9 les premiers kilowattheures sur le r\u00e9seau national de l\u2019ONEE suite \u00e0 la mise en service de sa premi\u00e8re machine de 3 MW. Le reste des 12 \u00e9oliennes, dont celle qui sera la plus haute d\u2019Afrique (202 m\u00e8tres de hauteur en bout de pale), devront entrer progressivement en service au cours du premier semestre 2021. Ce qui permettra au parc d\u2019Innovent Maroc d\u2019atteindre sa pleine capacit\u00e9 de 36 MW pour un productible total de 85.000 MWh par an.<\/p>\n<p>Ce nouvel \u00e9difice du dispositif marocain de production d\u2019\u00e9lectricit\u00e9 verte, devient l\u2019un des premiers parcs \u00e9oliens priv\u00e9s au Maroc d\u00e9velopp\u00e9s dans le cadre de la loi 13\/09, apr\u00e8s le parc de Tarfaya (port\u00e9 par TAREC SA, une joint-venture entre Nareva Holding et le fran\u00e7ais Engie) et celui de Khalladi \u00e0 Tanger (d\u00e9tenu par le saoudien ACWA Power).<\/p>\n<p><strong>Lire aussi | <a href=\"https:\/\/www.challenge.ma\/maroc-la-britannique-xlinks-va-construire-un-complexe-eolien-et-solaire-et-vendre-lelectricite-produite-au-royaume-uni-184012\/\">Maroc : la britannique Xlinks va construire un complexe \u00e9olien et solaire et vendre l\u2019\u00e9lectricit\u00e9 produite au Royaume-Uni<\/a><\/strong><\/p>\n<p>Il faut dire, qu\u2019avec des p\u00e9riodes de d\u00e9veloppement qui durent all\u00e9grement plus de cinq ans \u00e0 cause du caract\u00e8re sinueux, les projets \u00e9oliens d\u00e9velopp\u00e9s dans le cadre de la loi 13\/09 (en dehors de ceux conc\u00e9d\u00e9s par l\u2019ONEE dans le cadre des contrats \u00ab BOOT \u00bb) tardent \u00e0 sortir de terre, ce qui est pr\u00e9judiciable pour la strat\u00e9gie nationale de production d\u2019\u00e9nergie verte et qui vise \u00e0 hisser la part des \u00e9nergies renouvelables (ENR) dans la puissance install\u00e9e globale \u00e0 52% \u00e0 horizon 2030. <a href=\"https:\/\/www.masen.ma\/\">MASEN<\/a> qui en est le pilote, est vivement critiqu\u00e9 d\u2019ailleurs, pour manque de tempo des projets d\u2019ENR en cours de d\u00e9veloppement (Taqa \u00e0 Melloussa, Voltalia \u00e0 Melloussa, CME \u00e0 Safi et \u00e0 Tetouan, SGTM \u00e0 Taounate et tant d\u2019autres).<\/p>\n<p>Rappelons, que le groupe Innovent est une entreprise de d\u00e9veloppement \u00e9olien et solaire cr\u00e9\u00e9e en 2001, qui revendique un chiffre d\u2019affaires consolid\u00e9 de plus de 50 millions d\u2019euros (plus de 550 millions de dirhams) pour un exc\u00e9dent brut d\u2019exploitation de 70%. Cet \u00e9nerg\u00e9ticien ind\u00e9pendant bas\u00e9 \u00e0 Villeneuve-d\u2019Ascq (nord de la France), a d\u00e9j\u00e0 d\u00e9velopp\u00e9 et construit une cinquantaine de parcs solaires et \u00e9oliens en France et en Afrique pour une capacit\u00e9 totale de pr\u00e8s de 500 MW.<\/p>\n<p>Auteur: challenge<br \/>\n<a href=\"https:\/\/www.challenge.ma\/la-ferme-eolienne-del-oualidia-livre-enfin-ses-premiers-kwh-183325\/\">Cliquez ici pour lire l&rsquo;article depuis sa source.<\/a><\/p>\n","protected":false},"excerpt":{"rendered":"<p>Huit ans apr\u00e8s avoir d\u00e9marr\u00e9 les premi\u00e8res \u00e9tudes de sa ferme \u00e9olienne d\u2019El Oualidia, le groupe fran\u00e7ais Innovent, lance enfin la production. En effet, avec un retard de plus d\u2019un an sur le chantier des travaux, Innovent Maroc, la filiale marocaine qui a port\u00e9 ce projet de bout en bout, a r\u00e9cemment inject\u00e9 les premiers [&hellip;]<\/p>\n","protected":false},"author":1787,"featured_media":0,"comment_status":"closed","ping_status":"closed","sticky":false,"template":"","format":"standard","meta":{"fifu_image_url":"","fifu_image_alt":"","footnotes":""},"categories":[78,54],"tags":[],"class_list":["post-116712","post","type-post","status-publish","format-standard","hentry","category-economie","category-maroc"],"_links":{"self":[{"href":"https:\/\/linitiative.ca\/International\/wp-json\/wp\/v2\/posts\/116712","targetHints":{"allow":["GET"]}}],"collection":[{"href":"https:\/\/linitiative.ca\/International\/wp-json\/wp\/v2\/posts"}],"about":[{"href":"https:\/\/linitiative.ca\/International\/wp-json\/wp\/v2\/types\/post"}],"author":[{"embeddable":true,"href":"https:\/\/linitiative.ca\/International\/wp-json\/wp\/v2\/users\/1787"}],"replies":[{"embeddable":true,"href":"https:\/\/linitiative.ca\/International\/wp-json\/wp\/v2\/comments?post=116712"}],"version-history":[{"count":0,"href":"https:\/\/linitiative.ca\/International\/wp-json\/wp\/v2\/posts\/116712\/revisions"}],"wp:attachment":[{"href":"https:\/\/linitiative.ca\/International\/wp-json\/wp\/v2\/media?parent=116712"}],"wp:term":[{"taxonomy":"category","embeddable":true,"href":"https:\/\/linitiative.ca\/International\/wp-json\/wp\/v2\/categories?post=116712"},{"taxonomy":"post_tag","embeddable":true,"href":"https:\/\/linitiative.ca\/International\/wp-json\/wp\/v2\/tags?post=116712"}],"curies":[{"name":"wp","href":"https:\/\/api.w.org\/{rel}","templated":true}]}}