{"id":116718,"date":"2021-05-12T16:01:15","date_gmt":"2021-05-12T20:01:15","guid":{"rendered":"https:\/\/linitiative.ca\/International\/repression-meurtriere-de-manif-au-soudan\/"},"modified":"2021-05-12T16:01:15","modified_gmt":"2021-05-12T20:01:15","slug":"repression-meurtriere-de-manif-au-soudan","status":"publish","type":"post","link":"https:\/\/linitiative.ca\/International\/repression-meurtriere-de-manif-au-soudan\/","title":{"rendered":"REPRESSION MEURTRIERE DE MANIF AU SOUDAN"},"content":{"rendered":"<p class=\"c4\"><em>Un triste anniversaire qui vire au drame\u00a0! C\u2019est le moins que l\u2019on puisse dire de ce qui est arriv\u00e9 au Soudan, le 11 mai dernier. En effet, alors que des milliers de Soudanais,\u00a0 en d\u00e9pit des barrages et autres patouilles de forces de s\u00e9curit\u00e9, entendaient honorer la m\u00e9moire des leurs tomb\u00e9s, il y a de cela deux ans, la situation a tr\u00e8s vite d\u00e9g\u00e9n\u00e9r\u00e9. Tant et si bien que l\u2019on d\u00e9nombre, selon un bilan encore provisoire, deux morts sur le carreau et une\u00a0 trentaine de bless\u00e9s. De quoi provoquer la col\u00e8re du chef du gouvernement, Abdalah Hamdok,\u00a0qui n\u2019est pas all\u00e9 avec le dos de la cuill\u00e8re pour d\u00e9noncer \u00ab\u00a0un crime\u00a0\u00bb perp\u00e9tr\u00e9 contre \u00ab\u00a0des manifestants pacifiques, qui ne sera ni tol\u00e9r\u00e9 ni ignor\u00e9\u00a0\u00bb et ce, \u00e0 l\u2019issue d\u2019une r\u00e9union d\u2019urgence tenue avec ses ministres de l\u2019Int\u00e9rieur et de la D\u00e9fense, mais aussi avec le patron du renseignement et le gouverneur du district de Karthoum. En r\u00e9action, l\u2019arm\u00e9e, tout en d\u00e9plorant ces\u00a0\u00ab\u00a0\u00e9v\u00e9nements malheureux\u00a0\u00bb, a promis \u00e0 la Justice qu\u2019elle remettrait toute personne dont l\u2019implication est av\u00e9r\u00e9e. Faut-il croire en la bonne foi de l\u2019arm\u00e9e soudanaise\u00a0? Assur\u00e9ment, non puisqu\u2019elle entend, par cette forme de roublardise, gagner du temps pour in fine avoir le Premier ministre qui, faut-il le rappeler, est un civil, \u00e0 l\u2019usure.<\/em><\/p>\n<p class=\"c4\"><em>\u00a0<\/em><\/p>\n<p class=\"c6\"><strong><em>Les bidasses sont ainsi faits que quand ils go\u00fbtent aux lambris du pouvoir, ils font feu de tout bois pour le conserver<\/em><\/strong><\/p>\n<p class=\"c4\"><em>\u00a0<\/em><\/p>\n<p class=\"c4\"><em>Car, tant qu\u2019\u00e0 faire, pourquoi n\u2019avoir pas accept\u00e9 de coop\u00e9rer avec la Justice dans le cadre des enqu\u00eates portant sur la r\u00e9pression de la manif du 11 mai 2019 qui avait co\u00fbt\u00e9 la vie \u00e0 plus de deux cents personnes pour lesquelles les insurg\u00e9s soudanais continuent de r\u00e9clamer justice\u00a0? A moins que, voulant noyer le dossier, le g\u00e9n\u00e9ral Hemeti qui est directement mis en cause dans ce massacre \u00e0 grande \u00e9chelle, ne profite de l\u2019occasion pour livrer des lampistes \u00e0 la Justice pour que ceux-ci paient pour tous les crimes commis par l\u2019arm\u00e9e. Mais quand bien m\u00eame il le voudrait, il ne le pourrait pas d\u2019autant que les Soudanais ne sont pas dupes. Las des d\u00e9cennies de \u00a0dictature de Omar el-Bechir, ils n\u2019entendent plus se laisser conter fleurette. Ils ont d\u2019autant plus int\u00e9r\u00eat \u00e0 maintenir la pression que s\u2019ils n\u2019y prennent garde, les militaires qui ont confisqu\u00e9 leur r\u00e9volution, risquent de ne pas quitter le pouvoir \u00e0 la fin des d\u00e9lais de trois ans impartis \u00e0 la transition. Surtout quand on sait que certains des officiers sup\u00e9rieurs dont le num\u00e9ro deux de la transition, pourraient avoir maille \u00e0 partir avec la Justice\u00a0; tant ils ont des choses \u00e0 se reprocher. En tout cas, les bidasses sont ainsi faits que quand ils go\u00fbtent aux lambris du pouvoir, ils font feu de tout bois pour le conserver, f\u00fbt-ce parfois au prix des vies de leurs compatriotes. D\u2019o\u00f9 l\u2019imp\u00e9rieuse n\u00e9cessit\u00e9 pour les Soudanais, d\u2019ouvrir l\u2019\u0153il et le bon.<\/em><\/p>\n<p class=\"c4\"><em>\u00a0<\/em><\/p>\n<p class=\"c6\"><strong><em>B.O<\/em><\/strong><\/p>\n<p class=\"c4\"><em>\u00a0<\/em><\/p>\n<p>Auteur: Editions LEPAYS<br \/>\n<a href=\"https:\/\/lepays.bf\/repression-meurtriere-de-manif-au-soudan\/\">Cliquez ici pour lire l&rsquo;article depuis sa source.<\/a><\/p>\n","protected":false},"excerpt":{"rendered":"<p>Un triste anniversaire qui vire au drame\u00a0! C\u2019est le moins que l\u2019on puisse dire de ce qui est arriv\u00e9 au Soudan, le 11 mai dernier. En effet, alors que des milliers de Soudanais,\u00a0 en d\u00e9pit des barrages et autres patouilles de forces de s\u00e9curit\u00e9, entendaient honorer la m\u00e9moire des leurs tomb\u00e9s, il y a de [&hellip;]<\/p>\n","protected":false},"author":1813,"featured_media":0,"comment_status":"closed","ping_status":"closed","sticky":false,"template":"","format":"standard","meta":{"fifu_image_url":"","fifu_image_alt":"","footnotes":""},"categories":[73,81],"tags":[],"class_list":["post-116718","post","type-post","status-publish","format-standard","hentry","category-actualite","category-burkina-faso"],"_links":{"self":[{"href":"https:\/\/linitiative.ca\/International\/wp-json\/wp\/v2\/posts\/116718","targetHints":{"allow":["GET"]}}],"collection":[{"href":"https:\/\/linitiative.ca\/International\/wp-json\/wp\/v2\/posts"}],"about":[{"href":"https:\/\/linitiative.ca\/International\/wp-json\/wp\/v2\/types\/post"}],"author":[{"embeddable":true,"href":"https:\/\/linitiative.ca\/International\/wp-json\/wp\/v2\/users\/1813"}],"replies":[{"embeddable":true,"href":"https:\/\/linitiative.ca\/International\/wp-json\/wp\/v2\/comments?post=116718"}],"version-history":[{"count":0,"href":"https:\/\/linitiative.ca\/International\/wp-json\/wp\/v2\/posts\/116718\/revisions"}],"wp:attachment":[{"href":"https:\/\/linitiative.ca\/International\/wp-json\/wp\/v2\/media?parent=116718"}],"wp:term":[{"taxonomy":"category","embeddable":true,"href":"https:\/\/linitiative.ca\/International\/wp-json\/wp\/v2\/categories?post=116718"},{"taxonomy":"post_tag","embeddable":true,"href":"https:\/\/linitiative.ca\/International\/wp-json\/wp\/v2\/tags?post=116718"}],"curies":[{"name":"wp","href":"https:\/\/api.w.org\/{rel}","templated":true}]}}