{"id":116719,"date":"2021-05-12T16:05:14","date_gmt":"2021-05-12T20:05:14","guid":{"rendered":"https:\/\/linitiative.ca\/International\/adhesion-annoncee-du-gabon-au-commonwealth\/"},"modified":"2021-05-12T16:05:14","modified_gmt":"2021-05-12T20:05:14","slug":"adhesion-annoncee-du-gabon-au-commonwealth","status":"publish","type":"post","link":"https:\/\/linitiative.ca\/International\/adhesion-annoncee-du-gabon-au-commonwealth\/","title":{"rendered":"ADHESION ANNONCEE DU GABON AU COMMONWEALTH  \u00a0"},"content":{"rendered":"<p class=\"c4\"><em>Le Gabon va-t-il rejoindre bient\u00f4t le Commonwealth\u00a0? C\u2019est la question qu\u2019on est en droit de se poser au regard de l\u2019actualit\u00e9 qui pr\u00e9vaut au pays d\u2019Omar Ondimba Bongo. En effet, une d\u00e9l\u00e9gation du Commonwealth a s\u00e9journ\u00e9 r\u00e9cemment au Gabon. Et ce n\u2019est pas tout. Le pr\u00e9sident gabonais, Ali Bongo, s\u2019est, lors de sa visite de travail \u00e0 Londres, entretenu, le 11 mai 2021, avec la Secr\u00e9taire g\u00e9n\u00e9rale de cette organisation des pays anglophones. Et le contenu des tweets \u00e0 l\u2019issue de l\u2019entrevue, laisse penser que le Gabon pourrait devenir le 55<sup>e<\/sup> pays membre d\u00e8s le prochain sommet de l\u2019Organisation qui aura lieu \u00e0 Kigali au Rwanda, le mois prochain. Si cette adh\u00e9sion venait \u00e0 \u00eatre act\u00e9e, ce serait un tournant historique pour ce petit pays de l\u2019Afrique centrale. C\u2019est d\u2019autant plus vrai que l\u2019anglais deviendrait la deuxi\u00e8me langue officielle de ce pays. Le Gabon va-t-il donc rompre les amarres avec la France au profit du Commonwealth\u00a0? Tout porte \u00e0 croire que oui. Et on ne saurait le bl\u00e2mer pour cette volont\u00e9 de changer de cap. En fait, on ne le sait que trop bien, les Anglophones semblent plus pragmatiques que les Fran\u00e7ais surtout en mati\u00e8re d\u2019affaires. Et le Gabon qui, jusqu\u2019\u00e0 l\u2019arriv\u00e9e d\u2019Ali Bongo au pouvoir en 2009, \u00e9tait consid\u00e9r\u00e9 comme le pilier de la Fran\u00e7afrique, le sait mieux que quiconque. Toujours est-il que si le Gabon a d\u00e9cid\u00e9 de prendre ce virage \u00e0 180 degr\u00e9s, c\u2019est qu\u2019il ne semble\u00a0 pas satisfait du bilan des soixante ans de coop\u00e9ration avec l\u2019Hexagone.\u00a0 Mais pouvait-il en \u00eatre autrement quand on sait que le Gabon a longtemps \u00e9t\u00e9 per\u00e7u comme la vache \u00e0 lait de la France\u00a0? Le temps des relations \u00e9troites voire incestueuses entre Omar Bongo et les pr\u00e9sidents fran\u00e7ais, est bien r\u00e9volu.\u00a0<\/em><\/p>\n<p class=\"c4\"><em>\u00a0<\/em><\/p>\n<p class=\"c6\"><strong><em>La Fran\u00e7afrique n\u2019a plus le m\u00eame visage ni le m\u00eame contenu<\/em><\/strong><\/p>\n<p class=\"c4\"><em>\u00a0<\/em><\/p>\n<p class=\"c4\"><em>M\u00eame si la France est rest\u00e9e proche du Gabon et demeure un alli\u00e9 strat\u00e9gique, l\u2019on fait le constat qu\u2019elle a perdu du terrain depuis la succession dynastique d\u2019Ali Bongo \u00e0 son p\u00e8re. Des partenaires au portefeuille lourd et plus pragmatiques, comme la Chine, ont d\u00e9tr\u00f4n\u00e9 la France de sa place de premier partenaire \u00e9conomique du Gabon. Tant que le p\u00e9trole coulait \u00e0 flots, pour des soci\u00e9t\u00e9s fran\u00e7aises comme Elf, avec en contrepartie, la protection du r\u00e9gime, il ne serait jamais venu \u00e0 l\u2019id\u00e9e d\u2019un dirigeant gabonais de l\u00e2cher la France. Mais la Fran\u00e7afrique qui,\u00a0 autrefois r\u00e9gnait en ma\u00eetre, n\u2019a plus le m\u00eame visage ni le m\u00eame contenu sur le plan \u00e9conomique. Le Gabon qui finan\u00e7ait, gr\u00e2ce \u00e0 la manne provenant de son p\u00e9trole, certains hommes politiques fran\u00e7ais pour qu\u2019ils acc\u00e8dent au palais de l\u2019Elys\u00e9e, traverse aujourd\u2019hui une zone de turbulences sur le plan \u00e9conomique. D\u2019o\u00f9 la n\u00e9cessit\u00e9, pourrait-on dire, pour Ali Bongo d\u2019explorer d\u2019autres cieux. Autant dire que cette volont\u00e9 d\u2019adh\u00e9rer au Commonwealth pourrait se justifier par la volont\u00e9 du Gabon de diversifier ses partenaires. Cela dit, ce projet va-t-il permettre au Gabon d\u2019amorcer son d\u00e9collage \u00e9conomique, social et politique\u00a0? On attend de voir. En tout cas, s\u2019il r\u00e9ussit, il pourrait faire encore des \u00e9mules sur le continent, apr\u00e8s le cas rwandais. Ce d\u2019autant qu\u2019il ne fait l\u2019ombre d\u2019aucun doute que le syst\u00e8me \u00e9ducatif de bien des pays francophones, est aujourd\u2019hui en panne et m\u00e9rite une th\u00e9rapie de choc. Mais Ali Bongo aurait tort de croire que la simple adh\u00e9sion au Commonwealth lui permettra de r\u00e9aliser des miracles. S\u2019il veut r\u00e9ellement sortir son pays du sous-d\u00e9veloppement, il doit et cela est un euph\u00e9misme, pratiquer la bonne gouvernance. Tant que la d\u00e9mocratie sera en trompe l\u2019\u0153il, le d\u00e9veloppement du Gabon restera un mirage. L\u2019on se demande d\u2019ailleurs si le Gabon remplit pleinement aujourd\u2019hui les crit\u00e8res n\u00e9cessaires pour adh\u00e9rer au Commonwealth. En tout \u00e9tat de cause, il appartient \u00e0 Londres d\u2019en juger et de dire si ce nouvel \u00e9l\u00e8ve est digne d\u2019avoir sa place dans cette communaut\u00e9 qu\u2019est le Commonwealth.<\/em><\/p>\n<p class=\"c4\"><em>\u00a0<\/em><\/p>\n<p class=\"c6\"><strong><em>Dabadi ZOUMBARA\u00a0\u00a0<\/em><\/strong><\/p>\n<p class=\"c6\"><strong><em>\u00a0<\/em><\/strong><\/p>\n<p class=\"c4\"><em>\u00a0<\/em><\/p>\n<p class=\"c4\"><em>\u00a0<\/em><\/p>\n<p>Auteur: Editions LEPAYS<br \/>\n<a href=\"https:\/\/lepays.bf\/adhesion-annoncee-du-gabon-au-commonwealth\/\">Cliquez ici pour lire l&rsquo;article depuis sa source.<\/a><\/p>\n","protected":false},"excerpt":{"rendered":"<p>Le Gabon va-t-il rejoindre bient\u00f4t le Commonwealth\u00a0? C\u2019est la question qu\u2019on est en droit de se poser au regard de l\u2019actualit\u00e9 qui pr\u00e9vaut au pays d\u2019Omar Ondimba Bongo. En effet, une d\u00e9l\u00e9gation du Commonwealth a s\u00e9journ\u00e9 r\u00e9cemment au Gabon. Et ce n\u2019est pas tout. Le pr\u00e9sident gabonais, Ali Bongo, s\u2019est, lors de sa visite de [&hellip;]<\/p>\n","protected":false},"author":1813,"featured_media":0,"comment_status":"closed","ping_status":"closed","sticky":false,"template":"","format":"standard","meta":{"fifu_image_url":"","fifu_image_alt":"","footnotes":""},"categories":[73,81],"tags":[],"class_list":["post-116719","post","type-post","status-publish","format-standard","hentry","category-actualite","category-burkina-faso"],"_links":{"self":[{"href":"https:\/\/linitiative.ca\/International\/wp-json\/wp\/v2\/posts\/116719","targetHints":{"allow":["GET"]}}],"collection":[{"href":"https:\/\/linitiative.ca\/International\/wp-json\/wp\/v2\/posts"}],"about":[{"href":"https:\/\/linitiative.ca\/International\/wp-json\/wp\/v2\/types\/post"}],"author":[{"embeddable":true,"href":"https:\/\/linitiative.ca\/International\/wp-json\/wp\/v2\/users\/1813"}],"replies":[{"embeddable":true,"href":"https:\/\/linitiative.ca\/International\/wp-json\/wp\/v2\/comments?post=116719"}],"version-history":[{"count":0,"href":"https:\/\/linitiative.ca\/International\/wp-json\/wp\/v2\/posts\/116719\/revisions"}],"wp:attachment":[{"href":"https:\/\/linitiative.ca\/International\/wp-json\/wp\/v2\/media?parent=116719"}],"wp:term":[{"taxonomy":"category","embeddable":true,"href":"https:\/\/linitiative.ca\/International\/wp-json\/wp\/v2\/categories?post=116719"},{"taxonomy":"post_tag","embeddable":true,"href":"https:\/\/linitiative.ca\/International\/wp-json\/wp\/v2\/tags?post=116719"}],"curies":[{"name":"wp","href":"https:\/\/api.w.org\/{rel}","templated":true}]}}