{"id":116720,"date":"2021-05-12T16:07:42","date_gmt":"2021-05-12T20:07:42","guid":{"rendered":"https:\/\/linitiative.ca\/International\/manif-du-collectif-des-victimes-de-la-crise-post-electorale-en-rci\/"},"modified":"2021-05-12T16:07:42","modified_gmt":"2021-05-12T20:07:42","slug":"manif-du-collectif-des-victimes-de-la-crise-post-electorale-en-rci","status":"publish","type":"post","link":"https:\/\/linitiative.ca\/International\/manif-du-collectif-des-victimes-de-la-crise-post-electorale-en-rci\/","title":{"rendered":"MANIF DU COLLECTIF DES VICTIMES DE LA CRISE POST-ELECTORALE EN RCI"},"content":{"rendered":"<p class=\"c4\"><em>Le 10 mai 2021, \u00e9tait jour de rassemblement pour les membres du collectif des victimes des violences li\u00e9es \u00e0 la crise post-\u00e9lectorale de 2011, dont le bilan officiel \u00e9tabli par l\u2019ONU fait \u00e9tat de 3000 morts. Avec pour lieu de convergence le Palais de Justice d\u2019Abidjan, leur mouvement visait \u00e0 exiger des autorit\u00e9s, l\u2019arrestation de Laurent Gbagbo et Charles Bl\u00e9 Goud\u00e9 \u00e0 leur descente d\u2019avion en C\u00f4te d\u2019Ivoire o\u00f9 ils sont sous le coup d\u2019une condamnation \u00e0 vingt ans de prison ferme, prononc\u00e9e par la Justice ivoirienne, dans le cadre du proc\u00e8s du casse de la BCEAO.\u00a0 Un son de cloche dissonant\u00a0 en pleines tractations de mise en orbite du processus de r\u00e9conciliation nationale, qui intervient au moment o\u00f9 le retour au bercail des deux ex-pensionnaires de la prison de La Haye, semble se pr\u00e9ciser,\u00a0 apr\u00e8s leur acquittement d\u00e9finitif \u00e0 la Cour p\u00e9nale internationale (CPI). Mais Issiaka Diaby, le pr\u00e9sident du Collectif, et ses camarades, n\u2019entendent pas voir les deux ex-pr\u00e9venus de la CPI qui ont r\u00e9ussi \u00e0 s\u2019extirper des fourches caudines de la Justice internationale, b\u00e9n\u00e9ficier par-dessus tout d\u2019une gr\u00e2ce ou d\u2019une amnistie \u00e0 leur retour au pays natal.<\/em><\/p>\n<p class=\"c4\"><em>\u00a0<\/em><\/p>\n<p class=\"c6\"><strong><em>Beaucoup d\u2019interrogations subsistent encore quant aux modalit\u00e9s pratiques du retour de ces deux personnalit\u00e9s<\/em><\/strong><\/p>\n<p class=\"c4\"><em>\u00a0<\/em><\/p>\n<p class=\"c4\"><em>\u00a0<\/em><\/p>\n<p class=\"c4\"><em>\u00a0<\/em><\/p>\n<p class=\"c4\"><em>Surtout que le cuisinier en chef, le pr\u00e9sident Alassane Dramane Ouattara (ADO), qui a mis un point d\u2019honneur \u00e0 proposer la r\u00e9conciliation nationale au menu de son troisi\u00e8me mandat querell\u00e9, semble d\u00e9j\u00e0 dresser ses fourneaux pour faire mijoter le veau gras que partisans et certains ex-adversaires politiques du Woody s\u2019appr\u00eatent \u00e0 tuer, \u00e0 l\u2019occasion de ce retour qui ressemble \u00e0 celui de l\u2019enfant prodigue.\u00a0<\/em> <em>Le moins que l\u2019on puisse dire, c\u2019est que ces membres du Collectif des victimes de la crise post-\u00e9lectorale ne voient pas d\u2019un bon \u0153il le retour annonc\u00e9 en grande pompe, de Laurent Gbagbo et Charles Bl\u00e9 Goud\u00e9, sur les bords de la lagune Ebri\u00e9. C\u2019est pourquoi l\u2019on se demande si toute cette agitation n\u2019est pas une fa\u00e7on de mettre du sable dans l\u2019atti\u00e9k\u00e9 de l\u2019ex-pr\u00e9sident et son agitateur de ministre de la Jeunesse d\u2019alors. La question est d\u2019autant plus fond\u00e9e que dans le sc\u00e9nario ivoirien, beaucoup d\u2019interrogations subsistent encore quant aux modalit\u00e9s pratiques du retour de ces deux personnalit\u00e9s politiques et surtout au sort qui leur sera r\u00e9serv\u00e9.\u00a0 Si l\u2019esprit de la r\u00e9conciliation nationale veut qu\u2019ils puissent peut-\u00eatre rentrer dans leur pays sans \u00eatre inqui\u00e9t\u00e9s, ce qui serait certainement un signal fort pour la suite du processus, il reste que la lettre du jugement port\u00e9 contre eux dans leur pays, a aussi besoin, selon les contestataires, d\u2019\u00eatre respect\u00e9e dans un Etat qui se veut de droit. C\u2019est dire si en la mati\u00e8re, les avis sont partag\u00e9s entre les tenants ind\u00e9crottables du tryptique v\u00e9rit\u00e9-justice-r\u00e9conciliation, qui ne veulent en aucune mani\u00e8re br\u00fbler les \u00e9tapes, et ceux qui ne demandent qu\u2019\u00e0 \u00eatre absouts de leurs p\u00e9ch\u00e9s, au nom de la r\u00e9conciliation nationale. Dans ces conditions, il n\u2019est pas difficile de comprendre la position de ceux, parmi les parents des victimes, qui ne veulent pas \u00eatre au bout du compte, les dindons de la farce.<\/em><\/p>\n<p class=\"c4\"><em>\u00a0<\/em><\/p>\n<p class=\"c6\"><strong><em>La r\u00e9conciliation nationale a encore du chemin \u00e0 parcourir en C\u00f4te d\u2019Ivoire<\/em><\/strong><\/p>\n<p class=\"c4\"><em>\u00a0<\/em><\/p>\n<p class=\"c4\"><em>Surtout que la Justice internationale sur laquelle ils \u00e9taient nombreux \u00e0 fonder beaucoup d\u2019espoirs, a fini par blanchir ceux-l\u00e0 m\u00eames qui passaient, \u00e0 leurs yeux, pour les principaux coupables. C\u2019est \u00e0 se demander si malgr\u00e9 leur acquittement par la CPI, Laurent Gbgabo et Charles Bl\u00e9 Goud\u00e9 ne sont pas toujours coupables aux yeux de certains de leurs compatriotes. De l\u00e0 \u00e0 verser dans toutes sortes d\u2019amalgames judiciaires pour les voir croupir en prison dans leur pays, il y a un pas que certains semblent pr\u00eats \u00e0 franchir all\u00e8grement. A moins que tout ce ramdam ne proc\u00e8de de ces micmacs et autres coups tordus dont les politiciens ont le secret, pour tenir en laisse \u00a0leurs adversaires. Dans cet ordre d\u2019id\u00e9e, certains continueront de se demander si ces manifestants agissent de leur propre et unique chef ou\u00a0 s\u2019ils ont \u00e9t\u00e9 instrumentalis\u00e9s. Car, en d\u2019autres temps, c\u2019est une posture des membres du Collectif des victimes, qui ne devrait pas d\u00e9plaire \u00e0 certains faucons du r\u00e9gime en place.\u00a0 Ne serait-ce que pour voir\u00a0 cette \u00e9p\u00e9e de Damocl\u00e8s continuer \u00e0 planer sur la t\u00eate d\u2019adversaires politiques aussi impr\u00e9visibles que combattifs.\u00a0 C\u2019est dire si la r\u00e9conciliation nationale a encore du chemin \u00e0 parcourir en C\u00f4te d\u2019Ivoire. Mais t\u00f4t ou tard, il va falloir que les Ivoiriens y mettent du c\u0153ur\u00a0 de fa\u00e7on franche et sinc\u00e8re, s\u2019ils veulent se donner des chances de rebondir comme d\u2019autres nations, \u00e0 l\u2019image du Rwanda ou de l\u2019Afrique du Sud, qui ont su le faire au sortir d\u2019une profonde d\u00e9chirure sociale. Et plus t\u00f4t ils le feront, mieux cela vaudra.<\/em><\/p>\n<p class=\"c4\"><em>\u00a0<\/em><\/p>\n<p class=\"c6\"><strong><em>\u00ab\u00a0Le Pays\u00a0\u00bb<\/em><\/strong><\/p>\n<p class=\"c4\"><em>\u00a0<\/em><\/p>\n<p>Auteur: Editions LEPAYS<br \/>\n<a href=\"https:\/\/lepays.bf\/manif-du-collectif-des-victimes-de-la-crise-post-electorale-en-rci-3\/\">Cliquez ici pour lire l&rsquo;article depuis sa source.<\/a><\/p>\n","protected":false},"excerpt":{"rendered":"<p>Le 10 mai 2021, \u00e9tait jour de rassemblement pour les membres du collectif des victimes des violences li\u00e9es \u00e0 la crise post-\u00e9lectorale de 2011, dont le bilan officiel \u00e9tabli par l\u2019ONU fait \u00e9tat de 3000 morts. Avec pour lieu de convergence le Palais de Justice d\u2019Abidjan, leur mouvement visait \u00e0 exiger des autorit\u00e9s, l\u2019arrestation de [&hellip;]<\/p>\n","protected":false},"author":1813,"featured_media":0,"comment_status":"closed","ping_status":"closed","sticky":false,"template":"","format":"standard","meta":{"fifu_image_url":"","fifu_image_alt":"","footnotes":""},"categories":[73,81],"tags":[],"class_list":["post-116720","post","type-post","status-publish","format-standard","hentry","category-actualite","category-burkina-faso"],"_links":{"self":[{"href":"https:\/\/linitiative.ca\/International\/wp-json\/wp\/v2\/posts\/116720","targetHints":{"allow":["GET"]}}],"collection":[{"href":"https:\/\/linitiative.ca\/International\/wp-json\/wp\/v2\/posts"}],"about":[{"href":"https:\/\/linitiative.ca\/International\/wp-json\/wp\/v2\/types\/post"}],"author":[{"embeddable":true,"href":"https:\/\/linitiative.ca\/International\/wp-json\/wp\/v2\/users\/1813"}],"replies":[{"embeddable":true,"href":"https:\/\/linitiative.ca\/International\/wp-json\/wp\/v2\/comments?post=116720"}],"version-history":[{"count":0,"href":"https:\/\/linitiative.ca\/International\/wp-json\/wp\/v2\/posts\/116720\/revisions"}],"wp:attachment":[{"href":"https:\/\/linitiative.ca\/International\/wp-json\/wp\/v2\/media?parent=116720"}],"wp:term":[{"taxonomy":"category","embeddable":true,"href":"https:\/\/linitiative.ca\/International\/wp-json\/wp\/v2\/categories?post=116720"},{"taxonomy":"post_tag","embeddable":true,"href":"https:\/\/linitiative.ca\/International\/wp-json\/wp\/v2\/tags?post=116720"}],"curies":[{"name":"wp","href":"https:\/\/api.w.org\/{rel}","templated":true}]}}