{"id":116721,"date":"2021-05-12T16:11:21","date_gmt":"2021-05-12T20:11:21","guid":{"rendered":"https:\/\/linitiative.ca\/International\/ramadan-2021-au-burkina-faso\/"},"modified":"2021-05-12T16:11:21","modified_gmt":"2021-05-12T20:11:21","slug":"ramadan-2021-au-burkina-faso","status":"publish","type":"post","link":"https:\/\/linitiative.ca\/International\/ramadan-2021-au-burkina-faso\/","title":{"rendered":"RAMADAN 2021 AU BURKINA FASO"},"content":{"rendered":"<p class=\"c4\"><em>La communaut\u00e9 musulmane du Burkina Faso c\u00e9l\u00e8bre ce 13 mai, la f\u00eate d\u2019Eid el Fitr marquant la fin du Ramadan\u00a0; soit un jour apr\u00e8s ses coreligionnaires de C\u00f4te d\u2019Ivoire, du Mali et du Niger o\u00f9 le croissant lunaire a \u00e9t\u00e9 aper\u00e7u plus t\u00f4t. Contrairement donc aux trois pays voisins, au Burkina, la f\u00eate de l\u2019Eid el Fitr, cette ann\u00e9e, a la particularit\u00e9 de co\u00efncider avec l\u2019ascension, f\u00eate chr\u00e9tienne marquant la \u00ab\u00a0mont\u00e9e de J\u00e9sus vers Dieu le P\u00e8re\u00a0\u00bb.\u00a0\u00a0 Dans la ferveur religieuse, musulmans et chr\u00e9tiens catholiques manifesteront encore leur foi en ce jour b\u00e9ni, \u00e0 travers pri\u00e8res, adorations et invocations.\u00a0 C\u2019est dire si les cieux doivent \u00eatre particuli\u00e8rement \u00ab\u00a0g\u00e2t\u00e9s\u00a0\u00bb, ce jour, et le Cr\u00e9ateur, combl\u00e9. Cela dit, l\u2019Eid el Fitr intervient encore cette ann\u00e9e, dans un contexte s\u00e9curitaire toujours critique, avec son corollaire de d\u00e9plac\u00e9s internes dont beaucoup ont certainement l\u2019esprit plus \u00e0 leur survie qu\u2019\u00e0 la f\u00eate.\u00a0 Sans abri et ayant tout perdu ou presque, pour ces \u00e2mes en peine, l\u2019heure ne sera ni \u00e0 la joie, ni aux r\u00e9jouissances. Quant aux fid\u00e8les musulmans des centres urbains, pour bon nombre d\u2019entre eux, la pr\u00e9occupation majeure \u00e0 l\u2019occasion de cette f\u00eate, sera sans aucun doute d\u2019ordre p\u00e9cuniaire\u00a0; l\u2019Eid el Fitr tombant en milieu de mois.\u00a0 Quand on a d\u00e9j\u00e0 du mal \u00e0 joindre les deux bouts, faire face \u00e0 certaines d\u00e9penses li\u00e9es \u00e0 une f\u00eate qui intervient \u00e0 ces moments difficiles, n\u2019est pas, \u00e0 l\u2019\u00e9vidence, toujours ais\u00e9.\u00a0\u00a0 Surtout qu\u2019\u00e0 la crise sanitaire qui continue d\u2019affecter l\u2019\u00e9conomie nationale, se greffe une crise s\u00e9curitaire qui contribue \u00e0 rench\u00e9rir les prix de certains produits de grande consommation. En effet, depuis que les loups terroristes sanguinaires et affam\u00e9s ont pris l\u2019habitude de s\u2019introduire dans les bergeries et autres basses-cours de pauvres populations des campagnes gravement affect\u00e9es par les attaques r\u00e9currentes, les gallinac\u00e9es, caprins, bovins et autres se feraient plut\u00f4t rares sur le march\u00e9.\u00a0<\/em><\/p>\n<p class=\"c4\"><em>\u00a0<\/em><\/p>\n<p class=\"c6\"><strong><em>Plaise au Ciel que les querelles intestines prennent fin<\/em><\/strong><\/p>\n<p class=\"c4\"><em>\u00a0<\/em><\/p>\n<p class=\"c4\"><em>Toute chose qui aurait engendr\u00e9 une flamb\u00e9e des prix en certains endroits des villes et campagnes. C\u2019est dire si pendant que les relativement plus nantis, f\u00eatent, les autres \u00e0 savoir les d\u00e9plac\u00e9s internes et tous ceux pour qui l\u2019argent se fait en ce moment, rare, pleurent. Mais bref, chaque musulman f\u00eatera selon ses moyens, comme le recommande, du reste, la religion.\u00a0<\/em> <em>Mais s\u2019il y a particuli\u00e8rement des gens qui n\u2019arriveront pas de sit\u00f4t \u00e0 retenir leurs larmes, ce sont les commer\u00e7ants de b\u00e9tail et volaille qui viennent de subir la rigueur de la loi, \u00e0 travers la stricte application de l\u2019arr\u00eat municipal du 22 juillet 2020, portant \u00ab\u00a0interdiction de vente d\u2019animaux et de volaille en dehors des march\u00e9s \u00e0 b\u00e9tail et dans les espaces autoris\u00e9s dans la commune de Ouagadougou\u00a0\u00bb.\u00a0 La Police municipale a mis, en effet, \u00e0 ex\u00e9cution sa menace en menant, le 11 mai dernier, \u00e0 travers une op\u00e9ration de saisie de b\u00e9tail et de volailles sur la voie publique.\u00a0 Un bandage de muscles qui aura laiss\u00e9 voir, \u00e0 travers les r\u00e9seaux sociaux, une sc\u00e8ne path\u00e9tique o\u00f9 un vieil \u00a0homme venu \u00e0 Ouagadougou pour \u00e9couler son b\u00e9tail, verse des larmes, totalement d\u00e9sempar\u00e9.\u00a0 La Police municipale venait de confisquer ses b\u00eates. Certes, \u00ab\u00a0nul n\u2019est cens\u00e9 ignorer la loi\u00a0\u00bb. Mais, franchement, le timing dans lequel la loi a \u00e9t\u00e9 appliqu\u00e9e dans toute sa rigueur, risque encore de\u00a0 faire monter le mercure ; l\u2019affaire qui d\u00e9fraie en ce moment la chronique, relative \u00e0 la mosqu\u00e9e de Pazanni, n\u2019ayant m\u00eame pas encore \u00e9t\u00e9 r\u00e9gl\u00e9e et\u00a0 continuant de faire des gorges chaudes.\u00a0<\/em> <em>En tout cas, on imagine dans quelles conditions ces commer\u00e7ants qui n\u2019avaient peut-\u00eatre m\u00eame pas l\u2019information \u00e0 propos dudit arr\u00eat\u00e9 et dont les b\u00eates ont \u00e9t\u00e9 confisqu\u00e9es le 11 mai dernier, passeront leur f\u00eate.\u00a0<\/em> <em>L\u2019autre particularit\u00e9 de la f\u00eate d\u2019Eid el Fitr 2021, est qu\u2019elle intervient dans un climat de tensions au sein de la communaut\u00e9 musulmane sur fond de querelle de l\u00e9gitimit\u00e9 aux tenants et aboutissants inavou\u00e9s et inavouables.\u00a0\u00a0 Quand des chefs se d\u00e9chirent pour d\u00e9fendre leurs propres int\u00e9r\u00eats au d\u00e9triment de l\u2019int\u00e9r\u00eat communautaire, cela ne peut que rejaillir n\u00e9gativement sur la coh\u00e9sion de la communaut\u00e9 musulmane, en plus de ternir son image.\u00a0 Plaise donc au Ciel que ces querelles intestines prennent fin pour un retour d\u00e9finitif de la paix et de la concorde. On esp\u00e8re \u00e9galement qu\u2019au lendemain de ce mois b\u00e9ni, les v\u0153ux des musulmans en particulier et ceux de l\u2019immense majorit\u00e9 des Burkinab\u00e8 en g\u00e9n\u00e9ral, seront exauc\u00e9s, parmi lesquels la fin de la guerre insens\u00e9e que continuent \u00e0 nous imposer les forces obscurantistes.\u00a0<\/em><\/p>\n<p class=\"c4\"><em>\u00a0<\/em><\/p>\n<p class=\"c4\"><em>\u00a0<\/em><\/p>\n<p class=\"c6\"><strong><em>CBS<\/em><\/strong><\/p>\n<p class=\"c4\"><em>\u00a0<\/em><\/p>\n<p>Auteur: Editions LEPAYS<br \/>\n<a href=\"https:\/\/lepays.bf\/ramadan-2021-au-burkina-faso\/\">Cliquez ici pour lire l&rsquo;article depuis sa source.<\/a><\/p>\n","protected":false},"excerpt":{"rendered":"<p>La communaut\u00e9 musulmane du Burkina Faso c\u00e9l\u00e8bre ce 13 mai, la f\u00eate d\u2019Eid el Fitr marquant la fin du Ramadan\u00a0; soit un jour apr\u00e8s ses coreligionnaires de C\u00f4te d\u2019Ivoire, du Mali et du Niger o\u00f9 le croissant lunaire a \u00e9t\u00e9 aper\u00e7u plus t\u00f4t. Contrairement donc aux trois pays voisins, au Burkina, la f\u00eate de l\u2019Eid [&hellip;]<\/p>\n","protected":false},"author":1813,"featured_media":0,"comment_status":"closed","ping_status":"closed","sticky":false,"template":"","format":"standard","meta":{"fifu_image_url":"","fifu_image_alt":"","footnotes":""},"categories":[73,81],"tags":[],"class_list":["post-116721","post","type-post","status-publish","format-standard","hentry","category-actualite","category-burkina-faso"],"_links":{"self":[{"href":"https:\/\/linitiative.ca\/International\/wp-json\/wp\/v2\/posts\/116721","targetHints":{"allow":["GET"]}}],"collection":[{"href":"https:\/\/linitiative.ca\/International\/wp-json\/wp\/v2\/posts"}],"about":[{"href":"https:\/\/linitiative.ca\/International\/wp-json\/wp\/v2\/types\/post"}],"author":[{"embeddable":true,"href":"https:\/\/linitiative.ca\/International\/wp-json\/wp\/v2\/users\/1813"}],"replies":[{"embeddable":true,"href":"https:\/\/linitiative.ca\/International\/wp-json\/wp\/v2\/comments?post=116721"}],"version-history":[{"count":0,"href":"https:\/\/linitiative.ca\/International\/wp-json\/wp\/v2\/posts\/116721\/revisions"}],"wp:attachment":[{"href":"https:\/\/linitiative.ca\/International\/wp-json\/wp\/v2\/media?parent=116721"}],"wp:term":[{"taxonomy":"category","embeddable":true,"href":"https:\/\/linitiative.ca\/International\/wp-json\/wp\/v2\/categories?post=116721"},{"taxonomy":"post_tag","embeddable":true,"href":"https:\/\/linitiative.ca\/International\/wp-json\/wp\/v2\/tags?post=116721"}],"curies":[{"name":"wp","href":"https:\/\/api.w.org\/{rel}","templated":true}]}}