{"id":116722,"date":"2021-05-13T11:58:28","date_gmt":"2021-05-13T15:58:28","guid":{"rendered":"https:\/\/linitiative.ca\/International\/le-premier-ministre-ivoirien-en-sejour-medical-en-france\/"},"modified":"2021-05-13T11:58:28","modified_gmt":"2021-05-13T15:58:28","slug":"le-premier-ministre-ivoirien-en-sejour-medical-en-france","status":"publish","type":"post","link":"https:\/\/linitiative.ca\/International\/le-premier-ministre-ivoirien-en-sejour-medical-en-france\/","title":{"rendered":"LE PREMIER MINISTRE IVOIRIEN EN SEJOUR MEDICAL EN FRANCE  \u00a0"},"content":{"rendered":"<div class=\"featured-area featured-area-inner\">\n<figure class=\"single-featured-image\"><img decoding=\"async\" width=\"300\" height=\"168\" src=\"https:\/\/i0.wp.com\/lepays.bf\/wp-content\/uploads\/2021\/05\/ACHI-3.jpg?resize=300,168&amp;ssl=1\" class=\"attachment-jannah-image-post size-jannah-image-post wp-post-image\" alt=\"\" loading=\"lazy\"\/><\/figure>\n<\/div>\n<div class=\"entry-content entry clearfix\" readability=\"61\">\n<p class=\"c4\"><em>D\u00e9cid\u00e9ment, il ne fait pas bon \u00eatre Premier ministre en C\u00f4te d\u2019Ivoire. C\u2019est le moins que l\u2019on puisse dire surtout dans un pays o\u00f9 la sant\u00e9 des dirigeants est constamment sujette \u00e0 pol\u00e9mique. En effet, quelques mois seulement apr\u00e8s qu\u2019il a succ\u00e9d\u00e9 \u00e0 Ahmed Bakayoko, d\u00e9c\u00e9d\u00e9 en f\u00e9vrier dernier, d\u2019un cancer foudroyant, le Premier, ministre ivoirien, Patrick\u00a0 Achi, est en s\u00e9jour m\u00e9dical en France. Il souffrirait de saignements intestinaux tant et si bien qu\u2019il a d\u00fb y subir plusieurs examens m\u00e9dicaux. Son retour au pays, annonc\u00e9 pour les prochains jours, est tr\u00e8s attendu par les Ivoiriens dont certains ne cachent pas d\u00e9j\u00e0 leur pessimisme. Pour cette cat\u00e9gorie d\u2019Ivoiriens essentiellement proches du camp de l\u2019opposition, le poste de Premier ministre est\u00a0d\u00e9sormais \u00ab\u00a0maudit\u00a0\u00bb dans leur pays. Tant et si bien que tout titulaire, sous le 3<sup>e<\/sup> mandat querell\u00e9 d\u2019Alassane Ouattara, \u00a0n\u2019y a pas longue vie. Cette lecture, pour le moins superstitieuse des faits, remonte au d\u00e9c\u00e8s d\u2019Amadou Gon Coulibaly (AGC), en juillet 2020, des suites de malaise cardiaque. Et comme pour ne rien arranger, son successeur Ahmed Bakayoko qui lui a succ\u00e9d\u00e9, n\u2019a pas eu longue vie puisqu\u2019il a tir\u00e9 tr\u00e8s t\u00f4t sa r\u00e9v\u00e9rence et ce, en moins d\u2019un an \u00e0 la Primature. D\u00e8s lors, on comprend aussi l\u2019embarras dans lequel se trouve le pr\u00e9sident Alassane Dramane Ouattara\u00a0 (ADO) qui ne sait plus \u00e0 quel\u2026 Premier ministre se vouer. En tout cas, on croise les doigts, esp\u00e9rant que le sieur Achi rentrera bient\u00f4t en C\u00f4te d\u2019Ivoire et qu\u2019il continuera d\u2019exercer sereinement ses fonctions de chef du gouvernement. Car, le pire, (on touche du bois) s\u2019il devrait arriver, constituerait une tr\u00e8s mauvaise publicit\u00e9 pour le pr\u00e9sident ADO que ses contempteurs accusent \u00e0 tort ou \u00e0 raison derri\u00e8re la mort de ses Premiers ministres.<\/em><\/p>\n<p class=\"c4\"><em>\u00a0<\/em><\/p>\n<p class=\"c6\"><strong><em>B.O<\/em><\/strong><\/p>\n<\/div>\n<p>Auteur: Editions LEPAYS<br \/>\n<a href=\"https:\/\/lepays.bf\/le-premier-ministre-ivoirien-en-sejour-medical-en-france\/\">Cliquez ici pour lire l&rsquo;article depuis sa source.<\/a><\/p>\n","protected":false},"excerpt":{"rendered":"<p>D\u00e9cid\u00e9ment, il ne fait pas bon \u00eatre Premier ministre en C\u00f4te d\u2019Ivoire. C\u2019est le moins que l\u2019on puisse dire surtout dans un pays o\u00f9 la sant\u00e9 des dirigeants est constamment sujette \u00e0 pol\u00e9mique. En effet, quelques mois seulement apr\u00e8s qu\u2019il a succ\u00e9d\u00e9 \u00e0 Ahmed Bakayoko, d\u00e9c\u00e9d\u00e9 en f\u00e9vrier dernier, d\u2019un cancer foudroyant, le Premier, ministre [&hellip;]<\/p>\n","protected":false},"author":1813,"featured_media":0,"comment_status":"closed","ping_status":"closed","sticky":false,"template":"","format":"standard","meta":{"fifu_image_url":"https:\/\/i0.wp.com\/lepays.bf\/wp-content\/uploads\/2021\/05\/ACHI-3.jpg?resize=300,168&ssl=1","fifu_image_alt":"LE PREMIER MINISTRE IVOIRIEN EN SEJOUR MEDICAL EN FRANCE  \u00a0","footnotes":""},"categories":[73,81],"tags":[],"class_list":["post-116722","post","type-post","status-publish","format-standard","hentry","category-actualite","category-burkina-faso"],"_links":{"self":[{"href":"https:\/\/linitiative.ca\/International\/wp-json\/wp\/v2\/posts\/116722","targetHints":{"allow":["GET"]}}],"collection":[{"href":"https:\/\/linitiative.ca\/International\/wp-json\/wp\/v2\/posts"}],"about":[{"href":"https:\/\/linitiative.ca\/International\/wp-json\/wp\/v2\/types\/post"}],"author":[{"embeddable":true,"href":"https:\/\/linitiative.ca\/International\/wp-json\/wp\/v2\/users\/1813"}],"replies":[{"embeddable":true,"href":"https:\/\/linitiative.ca\/International\/wp-json\/wp\/v2\/comments?post=116722"}],"version-history":[{"count":0,"href":"https:\/\/linitiative.ca\/International\/wp-json\/wp\/v2\/posts\/116722\/revisions"}],"wp:attachment":[{"href":"https:\/\/linitiative.ca\/International\/wp-json\/wp\/v2\/media?parent=116722"}],"wp:term":[{"taxonomy":"category","embeddable":true,"href":"https:\/\/linitiative.ca\/International\/wp-json\/wp\/v2\/categories?post=116722"},{"taxonomy":"post_tag","embeddable":true,"href":"https:\/\/linitiative.ca\/International\/wp-json\/wp\/v2\/tags?post=116722"}],"curies":[{"name":"wp","href":"https:\/\/api.w.org\/{rel}","templated":true}]}}