{"id":116723,"date":"2021-05-13T07:28:13","date_gmt":"2021-05-13T11:28:13","guid":{"rendered":"https:\/\/linitiative.ca\/International\/ramadan-a-ouahigouya-les-musulmans-ont-prie-pour-lentente-entre-les-populations\/"},"modified":"2021-05-13T07:28:13","modified_gmt":"2021-05-13T11:28:13","slug":"ramadan-a-ouahigouya-les-musulmans-ont-prie-pour-lentente-entre-les-populations","status":"publish","type":"post","link":"https:\/\/linitiative.ca\/International\/ramadan-a-ouahigouya-les-musulmans-ont-prie-pour-lentente-entre-les-populations\/","title":{"rendered":"Ramadan \u00e0 Ouahigouya\u00a0: Les musulmans ont pri\u00e9 pour l\u2019entente entre les populations"},"content":{"rendered":"<div class=\"td-post-featured-image\"><a href=\"https:\/\/www.sidwaya.info\/wp-content\/uploads\/2021\/05\/1-24.jpg\" data-caption=\"\"><img loading=\"lazy\" decoding=\"async\" width=\"600\" height=\"450\" class=\"entry-thumb td-modal-image\" src=\"https:\/\/www.sidwaya.info\/wp-content\/uploads\/2021\/05\/1-24.jpg\" srcset=\"https:\/\/www.sidwaya.info\/wp-content\/uploads\/2021\/05\/1-24.jpg 600w, https:\/\/www.sidwaya.info\/wp-content\/uploads\/2021\/05\/1-24-300x225.jpg 300w, https:\/\/www.sidwaya.info\/wp-content\/uploads\/2021\/05\/1-24-150x113.jpg 150w, https:\/\/www.sidwaya.info\/wp-content\/uploads\/2021\/05\/1-24-560x420.jpg 560w, https:\/\/www.sidwaya.info\/wp-content\/uploads\/2021\/05\/1-24-80x60.jpg 80w, https:\/\/www.sidwaya.info\/wp-content\/uploads\/2021\/05\/1-24-265x198.jpg 265w\" sizes=\"auto, (max-width: 600px) 100vw, 600px\" alt=\"\" title=\"1- (24)\"\/><\/a><\/div>\n<p><strong>La communaut\u00e9 musulmane de Ouahigouya, \u00e0 l\u2019instar de celles des autres r\u00e9gions, a c\u00e9l\u00e9br\u00e9 le 13 mai 2021 la f\u00eate du ramadan qui marque la fin du je\u00fbne. Les fid\u00e8les ont pri\u00e9 pour la s\u00e9curit\u00e9 et l\u2019entente entre les populations du Burkina Faso<\/strong><\/p>\n<p>La place de la nation de Ouahigouya a refus\u00e9 du monde le 13 mai 2021. Pour cause, la pri\u00e8re de la f\u00eate du Ramadan, qui marque ainsi la fin du je\u00fbne de 30 jours, a \u00e9t\u00e9 dite.<\/p>\n<p>Les fid\u00e8les musulmans, vieux, adultes et jeunes, ont tous pri\u00e9 pour la paix au <em>\u00ab\u00a0pays des hommes int\u00e8gres\u00a0<\/em>\u00bb. <em>\u00ab\u00a0Nous en avons besoin<\/em>\u00a0\u00bb, a soulign\u00e9 l\u2019imam de la grande mosqu\u00e9e de Ouahigouya, El Hadj Hamidou Traor\u00e9. Ainsi. Entre pri\u00e8res et adorations, le v\u0153u le plus cher de la communaut\u00e9 est la s\u00e9curit\u00e9. En effet, la r\u00e9gion est sous la menace terroriste.\u00a0<em>\u00ab\u00a0Nous souhaitons que la paix r\u00e8gne au Burkina Faso\u00a0<\/em>\u00bb, a fait comprendre l\u2019imam de la grande mosqu\u00e9e de la cit\u00e9 de \u00ab\u00a0<em>Naaba Kango<\/em>\u00a0\u00bb. Selon lui, durant les 30 jours de p\u00e9nitence, de partage et de pardon, les musulmans ont pri\u00e9 pour la paix, pour une bonne gouvernance du pays, pour la stabilit\u00e9 et la sant\u00e9.\u00a0\u00ab\u00a0<em>Je suis tr\u00e8s heureux aujourd\u2019hui, jour du Ramadan.<\/em><\/p>\n<p><em><img decoding=\"async\" loading=\"lazy\" class=\"alignnone wp-image-35283\" src=\"https:\/\/www.sidwaya.info\/wp-content\/uploads\/2021\/05\/2-20-300x225.jpg\" alt=\"\" width=\"419\" height=\"314\" srcset=\"https:\/\/www.sidwaya.info\/wp-content\/uploads\/2021\/05\/2-20-300x225.jpg 300w, https:\/\/www.sidwaya.info\/wp-content\/uploads\/2021\/05\/2-20-150x113.jpg 150w, https:\/\/www.sidwaya.info\/wp-content\/uploads\/2021\/05\/2-20-560x420.jpg 560w, https:\/\/www.sidwaya.info\/wp-content\/uploads\/2021\/05\/2-20-80x60.jpg 80w, https:\/\/www.sidwaya.info\/wp-content\/uploads\/2021\/05\/2-20-265x198.jpg 265w, https:\/\/www.sidwaya.info\/wp-content\/uploads\/2021\/05\/2-20.jpg 600w\" sizes=\"auto, (max-width: 419px) 100vw, 419px\"\/>Avec cette chaleur, ces 30 jours de je\u00fbne ont \u00e9t\u00e9 tr\u00e8s difficiles pour nous. Mais nous avons tenu et accompli le 5<sup>e<\/sup> pilier de l\u2019islam. Notre pri\u00e8re est que l\u2019entente et la coh\u00e9sion sociale r\u00e8gnent au Burkina Faso<\/em>\u00a0\u00bb, a-t-il souhait\u00e9. Le gouverneur de la r\u00e9gion du Nord, Justin Som\u00e9, accompagn\u00e9 des d\u00e9put\u00e9s de la province du Yatenga, est venu, comme \u00e0 l\u2019accoutum\u00e9e, saluer la communaut\u00e9 musulmane.<\/p>\n<p><em>\u00ab\u00a0Pendant ce mois de je\u00fbne, les fid\u00e8les musulmans ont surtout pri\u00e9 pour la paix et la stabilit\u00e9 dans le pays. Cela n\u2019a pas de prix. C\u2019est pourquoi, nous sommes venus les encourager et leur dire qu\u2019ils ont fait \u0153uvre utile<\/em>\u00a0\u00bb, a-t-il d\u00e9clar\u00e9. Il les a, par ailleurs, invit\u00e9s \u00e0 assurer une formation religieuse pour les jeunes afin qu\u2019ils puissent non seulement comprendre le v\u00e9ritable sens de l\u2019islam mais aussi assurer la\u00a0 rel\u00e8ve.<\/p>\n<p><strong>Fleur BIRBA<\/strong><\/p>\n<p><a href=\"mailto:fleurbirba@gmail.com\"><strong>fleurbirba@gmail.com<\/strong><\/a><\/p>\n<div class=\"td-a-rec td-a-rec-id-content_bottom tdi_33_f0f td_block_template_1\">\n<p><img loading=\"lazy\" decoding=\"async\" class=\"aligncenter size-full wp-image-27454\" src=\"https:\/\/www.sidwaya.info\/wp-content\/uploads\/2020\/10\/PUB-Bandeau-paiement-mobile-siteweb.jpg\" alt=\"\" width=\"728\" height=\"90\"\/><\/div>\n<p>Auteur: Wamini SIDWAYA<br \/>\n<a href=\"https:\/\/www.sidwaya.info\/blog\/2021\/05\/13\/ramadan-a-ouahigouya-les-musulmans-ont-prie-pour-lentente-entre-les-populations\/\">Cliquez ici pour lire l&rsquo;article depuis sa source.<\/a><\/p>\n","protected":false},"excerpt":{"rendered":"<p>La communaut\u00e9 musulmane de Ouahigouya, \u00e0 l\u2019instar de celles des autres r\u00e9gions, a c\u00e9l\u00e9br\u00e9 le 13 mai 2021 la f\u00eate du ramadan qui marque la fin du je\u00fbne. Les fid\u00e8les ont pri\u00e9 pour la s\u00e9curit\u00e9 et l\u2019entente entre les populations du Burkina Faso La place de la nation de Ouahigouya a refus\u00e9 du monde le [&hellip;]<\/p>\n","protected":false},"author":1816,"featured_media":0,"comment_status":"closed","ping_status":"closed","sticky":false,"template":"","format":"standard","meta":{"fifu_image_url":"https:\/\/www.sidwaya.info\/wp-content\/uploads\/2021\/05\/1-24.jpg","fifu_image_alt":"Ramadan \u00e0 Ouahigouya\u00a0: Les musulmans ont pri\u00e9 pour l\u2019entente entre les populations","footnotes":""},"categories":[73,81],"tags":[],"class_list":["post-116723","post","type-post","status-publish","format-standard","hentry","category-actualite","category-burkina-faso"],"_links":{"self":[{"href":"https:\/\/linitiative.ca\/International\/wp-json\/wp\/v2\/posts\/116723","targetHints":{"allow":["GET"]}}],"collection":[{"href":"https:\/\/linitiative.ca\/International\/wp-json\/wp\/v2\/posts"}],"about":[{"href":"https:\/\/linitiative.ca\/International\/wp-json\/wp\/v2\/types\/post"}],"author":[{"embeddable":true,"href":"https:\/\/linitiative.ca\/International\/wp-json\/wp\/v2\/users\/1816"}],"replies":[{"embeddable":true,"href":"https:\/\/linitiative.ca\/International\/wp-json\/wp\/v2\/comments?post=116723"}],"version-history":[{"count":0,"href":"https:\/\/linitiative.ca\/International\/wp-json\/wp\/v2\/posts\/116723\/revisions"}],"wp:attachment":[{"href":"https:\/\/linitiative.ca\/International\/wp-json\/wp\/v2\/media?parent=116723"}],"wp:term":[{"taxonomy":"category","embeddable":true,"href":"https:\/\/linitiative.ca\/International\/wp-json\/wp\/v2\/categories?post=116723"},{"taxonomy":"post_tag","embeddable":true,"href":"https:\/\/linitiative.ca\/International\/wp-json\/wp\/v2\/tags?post=116723"}],"curies":[{"name":"wp","href":"https:\/\/api.w.org\/{rel}","templated":true}]}}