{"id":116724,"date":"2021-05-13T08:55:09","date_gmt":"2021-05-13T12:55:09","guid":{"rendered":"https:\/\/linitiative.ca\/International\/fete-de-laid-el-fitr-la-cohesion-sociale-au-menu-de-la-rupture-du-jeune\/"},"modified":"2021-05-13T08:55:09","modified_gmt":"2021-05-13T12:55:09","slug":"fete-de-laid-el-fitr-la-cohesion-sociale-au-menu-de-la-rupture-du-jeune","status":"publish","type":"post","link":"https:\/\/linitiative.ca\/International\/fete-de-laid-el-fitr-la-cohesion-sociale-au-menu-de-la-rupture-du-jeune\/","title":{"rendered":"F\u00eate de l\u2019A\u00efd el Fitr\u00a0: La coh\u00e9sion sociale au menu de la rupture du je\u00fbne"},"content":{"rendered":"<div class=\"td-post-featured-image\">\n<figure><a href=\"https:\/\/www.sidwaya.info\/wp-content\/uploads\/2021\/05\/PR-1.jpg\" data-caption=\"?????????\"><img loading=\"lazy\" decoding=\"async\" width=\"696\" height=\"464\" class=\"entry-thumb td-modal-image\" src=\"https:\/\/www.sidwaya.info\/wp-content\/uploads\/2021\/05\/PR-1-696x464.jpg\" srcset=\"https:\/\/www.sidwaya.info\/wp-content\/uploads\/2021\/05\/PR-1-696x464.jpg 696w, https:\/\/www.sidwaya.info\/wp-content\/uploads\/2021\/05\/PR-1-300x200.jpg 300w, https:\/\/www.sidwaya.info\/wp-content\/uploads\/2021\/05\/PR-1-768x512.jpg 768w, https:\/\/www.sidwaya.info\/wp-content\/uploads\/2021\/05\/PR-1-150x100.jpg 150w, https:\/\/www.sidwaya.info\/wp-content\/uploads\/2021\/05\/PR-1-630x420.jpg 630w, https:\/\/www.sidwaya.info\/wp-content\/uploads\/2021\/05\/PR-1.jpg 900w\" sizes=\"auto, (max-width: 696px) 100vw, 696px\" alt=\"\" title=\"PR 1\"\/><\/a><figcaption class=\"wp-caption-text\">?????????<\/figcaption><\/figure>\n<\/div>\n<p><strong>La pri\u00e8re marquant la fin du mois de je\u00fbne de Ramadan a \u00e9t\u00e9 c\u00e9l\u00e9br\u00e9e, le jeudi 13 mai 2021 sur toute l\u2019\u00e9tendue du territoire national. A la Place de la Nation de Ouagadougou, les fid\u00e8les ont pri\u00e9 pour la paix, la coh\u00e9sion\u2026sous l\u2019\u00e9gide de l\u2019imam Abdallah Ou\u00e9draogo, imam de la grande mosqu\u00e9e de la Patte d\u2019Oie.<\/strong><\/p>\n<p><strong>\u00a0<\/strong>Jeudi 13 mai 2021. Il est 8H40 mn \u00e0 la Place de la Nation de Ouagadougou. Le soleil commence \u00e0 distiller ses rayons sur la capitale burkinab\u00e8. Malgr\u00e9 la forte chaleur qui s\u2019annonce d\u00e9j\u00e0 en ce d\u00e9but de journ\u00e9e, les fid\u00e8les commencent \u00e0 prendre place sur cette mythique enceinte pour la pri\u00e8re de l\u2019A\u00efd el Fitr.<\/p>\n<p>Habill\u00e9s en boubou, bazin\u2026tapis en main, personne ne veut rater les derniers instants de Ramadan 2021. 8H50mn. L\u2019imam du jour, Abdallah Ou\u00e9draogo, fait son entr\u00e9e sur cette place publique. Des chants, louanges et invocations \u00e0 la gloire de Allah l\u2019accueille. Tous les fid\u00e8les sont debout pour chanter la gloire de Dieu. 9H08 mn. C\u2019est le d\u00e9but de la pri\u00e8re. Apr\u00e8s deux rakats,\u00a0 l\u2019imam met fin \u00e0 la pri\u00e8re. Il rejoint le pupitre pour la seconde phase de la c\u00e9r\u00e9monie de c\u00e9l\u00e9bration de la fin du Ramadan\u00a0: le sermon.<\/p>\n<p>Debout en face de la foule de fid\u00e8les, l\u2019imam Ou\u00e9draogo remercie Dieu qui\u00a0 a fait gr\u00e2ce \u00e0 la communaut\u00e9 musulmane de je\u00fbner et d\u2019accomplir les actes d\u2019adoration pendant Ramadan. <em>\u00ab\u00a0C\u2019est un jour de joie parce que Dieu nous a permis de je\u00fbner 30 jours. Nous lui rendons gr\u00e2ce et qu\u2019il agr\u00e9e nos pri\u00e8res et adorations\u00a0\u00bb,<\/em> affirme le religieux. La f\u00eate, selon lui, rappelle aux fid\u00e8les musulmans de prier pour que la paix revienne au pays. <em>\u00ab Que les Burkinab\u00e8 se donne la main, travaillent pour la paix. Que le Burkina connaisse la paix et les Burkinab\u00e8 s\u2019unissent, car le pays fait face \u00e0 plusieurs d\u00e9fis\u00a0: s\u00e9curitaire, sanitaire\u2026\u00bb,<\/em> lance-t-il. Pour relever ces d\u00e9fis, il explique que le peuple burkinab\u00e8 a besoin de se r\u00e9concilier pour \u00eatre plus fort. <em>\u00ab\u00a0<\/em><em>Nous sommes les fils d\u2019une m\u00eame nation avant d\u2019appartenir \u00e0 une religion\u00a0\u00bb,<\/em> insiste l\u2019imam. D\u2019o\u00f9 ses f\u00e9licitations au chef de l\u2019Etat, Roch Kabor\u00e9 et aux autorit\u00e9s politique, religieuse, coutumi\u00e8re\u2026qui ont toujours fait des efforts n\u00e9cessaires pour pr\u00e9server la coh\u00e9sion.<\/p>\n<figure id=\"attachment_35291\" aria-describedby=\"caption-attachment-35291\" class=\"wp-caption alignnone c1\"><img decoding=\"async\" loading=\"lazy\" class=\"wp-image-35291\" src=\"https:\/\/www.sidwaya.info\/wp-content\/uploads\/2021\/05\/IMAM-200x300.jpg\" alt=\"\" width=\"294\" height=\"441\" srcset=\"https:\/\/www.sidwaya.info\/wp-content\/uploads\/2021\/05\/IMAM-200x300.jpg 200w, https:\/\/www.sidwaya.info\/wp-content\/uploads\/2021\/05\/IMAM-150x225.jpg 150w, https:\/\/www.sidwaya.info\/wp-content\/uploads\/2021\/05\/IMAM-300x450.jpg 300w, https:\/\/www.sidwaya.info\/wp-content\/uploads\/2021\/05\/IMAM-280x420.jpg 280w, https:\/\/www.sidwaya.info\/wp-content\/uploads\/2021\/05\/IMAM.jpg 683w\" sizes=\"auto, (max-width: 294px) 100vw, 294px\"\/><figcaption id=\"caption-attachment-35291\" class=\"wp-caption-text\">?????????<\/figcaption><\/figure>\n<p><em>\u00ab Cette f\u00eate, nous rappelle que nous devons prier. Car, c\u2019est la pri\u00e8re qui va nous amener \u00e0 surpasser nos \u00e9gos, individualit\u00e9. Car, c\u2019est l\u2019union qui fait la force \u00bb,<\/em> ajoute le guide religieux. Dans son sermon, l\u2019imam Abdallah Ou\u00e9draogo \u00a0rend un hommage au Forces de d\u00e9fense et de s\u00e9curit\u00e9(FDS) qui m\u00e8nent le combat\u00a0 pour pr\u00e9server le Burkina des forces du mal.<\/p>\n<p>Les agents de sant\u00e9 n\u2019ont pas \u00e9t\u00e9 oubli\u00e9s. L\u2019imam les a f\u00e9licit\u00e9s tout en leur disant que des pri\u00e8res sont toujours formul\u00e9es \u00e0 leur endroit dans leur mission pour sauver des vies. A l\u2019issue de son sermon, l\u2019imam formule des v\u0153ux de sant\u00e9, de paix\u2026dans un Burkina fort et uni dans la diversit\u00e9 ethnique et religieuse.<\/p>\n<p>Au nom de l\u2019Eglise Famille de Dieu, le Cardinal Philipe Ou\u00e9draogo est venu pr\u00e9senter ses meilleurs v\u0153ux \u00e0 ses fr\u00e8res et s\u0153urs musulmans. <em>\u00ab\u00a0C\u2019est notre f\u00eate \u00e0 tous\u00a0\u00bb,<\/em> affirme le chef de l\u2019Eglise catholique. Chaque ann\u00e9e, le Saint p\u00e8re, le Pape sort un message dans lequel, il invite musulmans et chr\u00e9tiens \u00e0 \u00eatre les b\u00e2tisseurs de l\u2019esp\u00e9rance, indique le Cardinal. <em>\u00ab\u00a0D\u2019abord, il faut avoir confiance en Dieu, car Dieu n\u2019abandonne jamais l\u2019Homme. C\u2019est l\u2019Homme qui souvent abandonne Dieu. Et que les Burkinab\u00e8, croyant prennent conscience de cela\u00a0\u00bb,<\/em> pr\u00e9cise Philipe Ou\u00e9draogo.<\/p>\n<p><strong>\u00a0\u00a0\u00a0\u00a0\u00a0\u00a0\u00a0\u00a0\u00a0\u00a0\u00a0 <em>\u00ab\u00a0 La tol\u00e9rance religieuse est \u00e0 l\u2019honneur du pays\u00a0\u00bb<\/em><\/strong><\/p>\n<figure id=\"attachment_35290\" aria-describedby=\"caption-attachment-35290\" class=\"wp-caption alignnone c2\"><img decoding=\"async\" loading=\"lazy\" class=\"wp-image-35290\" src=\"https:\/\/www.sidwaya.info\/wp-content\/uploads\/2021\/05\/MONSEIGNEUR-300x200.jpg\" alt=\"\" width=\"509\" height=\"339\" srcset=\"https:\/\/www.sidwaya.info\/wp-content\/uploads\/2021\/05\/MONSEIGNEUR-300x200.jpg 300w, https:\/\/www.sidwaya.info\/wp-content\/uploads\/2021\/05\/MONSEIGNEUR-768x512.jpg 768w, https:\/\/www.sidwaya.info\/wp-content\/uploads\/2021\/05\/MONSEIGNEUR-150x100.jpg 150w, https:\/\/www.sidwaya.info\/wp-content\/uploads\/2021\/05\/MONSEIGNEUR-696x464.jpg 696w, https:\/\/www.sidwaya.info\/wp-content\/uploads\/2021\/05\/MONSEIGNEUR-630x420.jpg 630w, https:\/\/www.sidwaya.info\/wp-content\/uploads\/2021\/05\/MONSEIGNEUR.jpg 900w\" sizes=\"auto, (max-width: 509px) 100vw, 509px\"\/><figcaption id=\"caption-attachment-35290\" class=\"wp-caption-text\">?????????<\/figcaption><\/figure>\n<p>En outre, au-del\u00e0 de nos diff\u00e9rences ethnique, religieuse, politique sociologique\u2026nous devront avoir confiance les uns envers les autres, lance-t-il. <em>\u00ab\u00a0Nous sommes les enfants d\u2019une maison commune, les grains d\u2019un m\u00eame panier. Alors, ensemble, il faut d\u00e9molir les murs de haine, de violence, d\u2019incompr\u00e9hension et \u00e9tablir des ponts de fraternit\u00e9 universelle, d\u2019amiti\u00e9, de pardon\u00a0\u00bb<\/em>, conseille le Cardinal Ou\u00e9draogo. <em>\u00ab\u00a0Que Dieu b\u00e9nisse cette f\u00eate de Ramadan et nous permette d\u2019aimer davantage Dieu et de nous aimer les uns les autres\u00a0\u00bb,<\/em> souhaite-t-il.<\/p>\n<p>Au nom du chef de l\u2019Etat et du gouvernement, les ministres en charge de la r\u00e9conciliation nationale, Z\u00e9phirin Diabr\u00e9 et en charge des cultes, Cl\u00e9ment Sawadogo sont venus aussi communier avec les fid\u00e8les musulmans en ce jour qui marque de fa\u00e7on solennelle la rupture du je\u00fbne. Selon Cl\u00e9ment Sawadogo leur pr\u00e9sence vise \u00e0 marquer leur solidarit\u00e9 avec leurs fr\u00e8res musulmans qui ont pri\u00e9 pendant ces 30 jours pour la paix au Burkina, la coh\u00e9sion entre les fils et filles et pour la prosp\u00e9rit\u00e9 du pays.\u00a0<em>\u00ab<\/em><\/p>\n<p><em>\u00a0 La tol\u00e9rance religieuse est \u00e0 l\u2019honneur du pays qui n\u2019a jamais connu dans son histoire de grave dissension entre les communaut\u00e9s religieuses. Aujourd\u2019hui, c\u2019est le jour de l\u2019ascension chez les chr\u00e9tiens et je vois le Cardinal, chef de l\u2019Eglise peut se passer de ses propres c\u00e9r\u00e9monies pour venir communier avec les musulmans, je pense que c\u2019est de la tr\u00e8s haute symbolique. C\u2019est une chance pour notre pays que nous devons pr\u00e9server. Coute que coute vaille que vaille, il faut que tous les croyants vivent en symbiose dans la paix, la joie pour que notre pays soit toujours un havre de paix\u00a0\u00bb,<\/em> souhaite le ministre en charge des cultes, Cl\u00e9ment Sawadogo.<\/p>\n<figure id=\"attachment_35289\" aria-describedby=\"caption-attachment-35289\" class=\"wp-caption alignnone c3\"><img decoding=\"async\" loading=\"lazy\" class=\"wp-image-35289\" src=\"https:\/\/www.sidwaya.info\/wp-content\/uploads\/2021\/05\/MATD-300x200.jpg\" alt=\"\" width=\"539\" height=\"359\" srcset=\"https:\/\/www.sidwaya.info\/wp-content\/uploads\/2021\/05\/MATD-300x200.jpg 300w, https:\/\/www.sidwaya.info\/wp-content\/uploads\/2021\/05\/MATD-768x512.jpg 768w, https:\/\/www.sidwaya.info\/wp-content\/uploads\/2021\/05\/MATD-150x100.jpg 150w, https:\/\/www.sidwaya.info\/wp-content\/uploads\/2021\/05\/MATD-696x464.jpg 696w, https:\/\/www.sidwaya.info\/wp-content\/uploads\/2021\/05\/MATD-630x420.jpg 630w, https:\/\/www.sidwaya.info\/wp-content\/uploads\/2021\/05\/MATD.jpg 900w\" sizes=\"auto, (max-width: 539px) 100vw, 539px\"\/><figcaption id=\"caption-attachment-35289\" class=\"wp-caption-text\">?????????<\/figcaption><\/figure>\n<p>Abondant dans le m\u00eame sens, le pr\u00e9sident de l\u2019Assembl\u00e9e nationale, Alassane Sakand\u00e9 salue cette tol\u00e9rance religieuse et la coh\u00e9sion entre les Burkinab\u00e8. <em>\u00ab\u00a0Lorsque l\u2019exemple vient d\u2019en haut, en bas, les gens sont oblig\u00e9s de suivre. Nous avons foi que la coh\u00e9sion sociale sera retrouv\u00e9e et que la paix reviendra au Burkina\u00a0\u00bb<\/em>, souhaite le pr\u00e9sident du parlement burkinab\u00e8.<\/p>\n<p>L\u2019ambassadeur de l\u2019Union europ\u00e9enne(UE), le Mogho Naaba, le pr\u00e9sident du Conseil constitutionnel et d\u2019autres personnes ont marqu\u00e9 leur pr\u00e9sence \u00e0 la pri\u00e8re marquant la fin du Ramadan.<\/p>\n<p><strong>Abdel Aziz NABALOUM<\/strong><\/p>\n<p><a href=\"mailto:emirathe@yahoo.fr\"><strong>emirathe@yahoo.fr<\/strong><\/a><\/p>\n<p><strong>Cr\u00e9dit photos\u00a0: Remi ZOERINGRE<\/strong><\/p>\n<div class=\"td-a-rec td-a-rec-id-content_bottom tdi_33_966 td_block_template_1\">\n<p><img loading=\"lazy\" decoding=\"async\" class=\"aligncenter size-full wp-image-27454\" src=\"https:\/\/www.sidwaya.info\/wp-content\/uploads\/2020\/10\/PUB-Bandeau-paiement-mobile-siteweb.jpg\" alt=\"\" width=\"728\" height=\"90\"\/><\/div>\n<p>Auteur: Wamini SIDWAYA<br \/>\n<a href=\"https:\/\/www.sidwaya.info\/blog\/2021\/05\/13\/fete-de-laid-el-fitr-la-cohesion-sociale-au-menu-de-la-rupture-du-jeune\/\">Cliquez ici pour lire l&rsquo;article depuis sa source.<\/a><\/p>\n","protected":false},"excerpt":{"rendered":"<p>????????? La pri\u00e8re marquant la fin du mois de je\u00fbne de Ramadan a \u00e9t\u00e9 c\u00e9l\u00e9br\u00e9e, le jeudi 13 mai 2021 sur toute l\u2019\u00e9tendue du territoire national. A la Place de la Nation de Ouagadougou, les fid\u00e8les ont pri\u00e9 pour la paix, la coh\u00e9sion\u2026sous l\u2019\u00e9gide de l\u2019imam Abdallah Ou\u00e9draogo, imam de la grande mosqu\u00e9e de la [&hellip;]<\/p>\n","protected":false},"author":1816,"featured_media":0,"comment_status":"closed","ping_status":"closed","sticky":false,"template":"","format":"standard","meta":{"fifu_image_url":"https:\/\/www.sidwaya.info\/wp-content\/uploads\/2021\/05\/PR-1-696x464.jpg","fifu_image_alt":"F\u00eate de l\u2019A\u00efd el Fitr\u00a0: La coh\u00e9sion sociale au menu de la rupture du je\u00fbne","footnotes":""},"categories":[73,81],"tags":[],"class_list":["post-116724","post","type-post","status-publish","format-standard","hentry","category-actualite","category-burkina-faso"],"_links":{"self":[{"href":"https:\/\/linitiative.ca\/International\/wp-json\/wp\/v2\/posts\/116724","targetHints":{"allow":["GET"]}}],"collection":[{"href":"https:\/\/linitiative.ca\/International\/wp-json\/wp\/v2\/posts"}],"about":[{"href":"https:\/\/linitiative.ca\/International\/wp-json\/wp\/v2\/types\/post"}],"author":[{"embeddable":true,"href":"https:\/\/linitiative.ca\/International\/wp-json\/wp\/v2\/users\/1816"}],"replies":[{"embeddable":true,"href":"https:\/\/linitiative.ca\/International\/wp-json\/wp\/v2\/comments?post=116724"}],"version-history":[{"count":0,"href":"https:\/\/linitiative.ca\/International\/wp-json\/wp\/v2\/posts\/116724\/revisions"}],"wp:attachment":[{"href":"https:\/\/linitiative.ca\/International\/wp-json\/wp\/v2\/media?parent=116724"}],"wp:term":[{"taxonomy":"category","embeddable":true,"href":"https:\/\/linitiative.ca\/International\/wp-json\/wp\/v2\/categories?post=116724"},{"taxonomy":"post_tag","embeddable":true,"href":"https:\/\/linitiative.ca\/International\/wp-json\/wp\/v2\/tags?post=116724"}],"curies":[{"name":"wp","href":"https:\/\/api.w.org\/{rel}","templated":true}]}}