{"id":116725,"date":"2021-05-13T12:11:40","date_gmt":"2021-05-13T16:11:40","guid":{"rendered":"https:\/\/linitiative.ca\/International\/fete-de-lascension-les-chretiens-ont-celebre-la-montee-de-jesus-christ-ciel\/"},"modified":"2021-05-13T12:11:40","modified_gmt":"2021-05-13T16:11:40","slug":"fete-de-lascension-les-chretiens-ont-celebre-la-montee-de-jesus-christ-ciel","status":"publish","type":"post","link":"https:\/\/linitiative.ca\/International\/fete-de-lascension-les-chretiens-ont-celebre-la-montee-de-jesus-christ-ciel\/","title":{"rendered":"F\u00eate de l\u2019Ascension: les chr\u00e9tiens ont c\u00e9l\u00e9br\u00e9 la mont\u00e9e de J\u00e9sus Christ ciel"},"content":{"rendered":"<div class=\"td-post-featured-image\"><a href=\"https:\/\/www.sidwaya.info\/wp-content\/uploads\/2021\/05\/Ph04.jpg\" data-caption=\"\"><img loading=\"lazy\" decoding=\"async\" width=\"696\" height=\"522\" class=\"entry-thumb td-modal-image\" src=\"https:\/\/www.sidwaya.info\/wp-content\/uploads\/2021\/05\/Ph04-696x522.jpg\" srcset=\"https:\/\/www.sidwaya.info\/wp-content\/uploads\/2021\/05\/Ph04-696x522.jpg 696w, https:\/\/www.sidwaya.info\/wp-content\/uploads\/2021\/05\/Ph04-300x225.jpg 300w, https:\/\/www.sidwaya.info\/wp-content\/uploads\/2021\/05\/Ph04-768x576.jpg 768w, https:\/\/www.sidwaya.info\/wp-content\/uploads\/2021\/05\/Ph04-150x113.jpg 150w, https:\/\/www.sidwaya.info\/wp-content\/uploads\/2021\/05\/Ph04-560x420.jpg 560w, https:\/\/www.sidwaya.info\/wp-content\/uploads\/2021\/05\/Ph04-80x60.jpg 80w, https:\/\/www.sidwaya.info\/wp-content\/uploads\/2021\/05\/Ph04-265x198.jpg 265w, https:\/\/www.sidwaya.info\/wp-content\/uploads\/2021\/05\/Ph04.jpg 1008w\" sizes=\"auto, (max-width: 696px) 100vw, 696px\" alt=\"\" title=\"Ph04\"\/><\/a><\/div>\n<p><strong>Des fid\u00e8les catholiques ont c\u00e9l\u00e9br\u00e9 la f\u00eate de l\u2019Ascension le 13 mai 2021 \u00e0 la cath\u00e9drale de Ouagadougou.<\/strong><\/p>\n<p>L\u2019Ascension est une f\u00eate chr\u00e9tienne c\u00e9l\u00e9br\u00e9e le quaranti\u00e8me jour apr\u00e8s P\u00e2ques. Elle marque la derni\u00e8re rencontre de J\u00e9sus avec ses disciples apr\u00e8s sa r\u00e9surrection et son \u00e9l\u00e9vation au ciel. Elle est l\u2019expression de la pr\u00e9sence du Christ, qui n\u2019est plus visible dans le monde terrestre mais demeure pr\u00e9sent dans les sacrements. En effet, cette solennit\u00e9 a \u00e9t\u00e9 c\u00e9l\u00e9br\u00e9e le jeudi 13 mai 2021 \u00e0 Ouagadougou et partout ailleurs dans le monde. Au Burkina Faso, elle co\u00efncide cette ann\u00e9e avec la c\u00e9l\u00e9bration de la <strong>f\u00eate du Ramadan ou l\u2019A\u00efd-el-<\/strong><strong>fitr<\/strong> qui marque la fin d\u2019un mois de je\u00fbne chez les musulmans du Burkina Faso. Pour le doyen de la commission du dialogue entre Chr\u00e9tiens et Musulmans au niveau du dioc\u00e8se de Ouagadougou, le p\u00e8re Joseph Clochard, la f\u00eate de l\u2019ascension c\u00e9l\u00e8bre le jour o\u00f9 J\u00e9sus a rejoint son p\u00e8re au ciel. Le p\u00e8re Clochard a saisi l\u2019occasion pour souhaiter bonne f\u00eate de Ramadan \u00e0 tous les musulmans.\u00a0 \u00a0L\u2019archev\u00eaque m\u00e9tropolitain de Ouagadougou, Mgr Philippe Ou\u00e9draogo, au nom de l\u2019Eglise famille de Dieu, a souhait\u00e9 \u00e9galement heureux f\u00eate aux musulmans pour la f\u00eate de Ramadan.\u00a0 Selon lui, le Pape Fran\u00e7ois, \u00e0 travers le conseil pontifical pour le dialogue interreligieux, invite chr\u00e9tiens et musulmans \u00e0 \u00eatre des b\u00e2tisseurs d\u2019esp\u00e9rance face \u00e0 la crise sanitaire et s\u00e9curitaire. Pour lui, face aux difficult\u00e9s inh\u00e9rentes \u00e0 toute existence humaine, les hommes sont invit\u00e9s \u00e0 avoir une confiance totale en l\u2019amour de Dieu. Et d\u2019ajouter\u00a0: \u00ab <em>Nous devons avoir confiance les uns aux autres au-del\u00e0 de nos divergences de religions, d\u2019ethnie, d\u2019option politique, de conditions sociale, car nous sommes tous membre de la m\u00eame maison\u00a0<\/em>\u00bb. Pour l\u2019archev\u00eaque, l\u2019ensemble des croyants doivent d\u00e9truire les murs de la haine, de l\u2019intol\u00e9rance, de la violence et construire des ponts de fraternit\u00e9 et de pardon.<\/p>\n<p><strong>Des sacrements pour 70 fid\u00e8les<\/strong><\/p>\n<p>La c\u00e9l\u00e9bration eucharistique de l\u2019Ascension a \u00e9t\u00e9 offici\u00e9e par le vicaire de la Paroisse-cath\u00e9drale de Ouagadougou, l\u2019abb\u00e9 Hyacinthe Cyrille Kabor\u00e9. Au cours de cette c\u00e9l\u00e9bration, environ 70 fid\u00e8les ont re\u00e7u leurs sacrements de bapt\u00eame, de premi\u00e8re communion et de confirmation. Pour l\u2019abb\u00e9 Kabor\u00e9,\u00a0le Christ est remont\u00e9 au ciel pour nous r\u00e9concilier avec Dieu. Cela signifie, d\u2019apr\u00e8s lui, que le chemin du Ciel est ouvert aux hommes parce que J\u00e9sus a pr\u00e9par\u00e9 une place pour chacun. Christian Bonkoungou a, au nom de ses fr\u00e8res et s\u0153urs en Christ, dit sa joie pour les sacrements re\u00e7us. Il a traduit sa reconnaissance \u00e0 l\u2019ensemble du corps presbyt\u00e9ral avant de rassurer la communaut\u00e9 chr\u00e9tienne de leur engagement pour l\u2019\u00e9vangile. Tapsoba Audrey,\u00a0nouvelle baptis\u00e9e s\u2019est tr\u00e8s heureuse apr\u00e8s trois ans de cat\u00e9ch\u00e8se d\u2019appartenir \u00e0 la merveilleuse famille chr\u00e9tienne.<\/p>\n<p>Emmanuel BICABA<\/p>\n<div class=\"td-a-rec td-a-rec-id-content_bottom tdi_33_330 td_block_template_1\">\n<p><img loading=\"lazy\" decoding=\"async\" class=\"aligncenter size-full wp-image-27454\" src=\"https:\/\/www.sidwaya.info\/wp-content\/uploads\/2020\/10\/PUB-Bandeau-paiement-mobile-siteweb.jpg\" alt=\"\" width=\"728\" height=\"90\"\/><\/div>\n<p>Auteur: Wamini SIDWAYA<br \/>\n<a href=\"https:\/\/www.sidwaya.info\/blog\/2021\/05\/13\/fete-de-lascension-les-chretiens-ont-celebre-la-montee-de-jesus-christ-ciel\/\">Cliquez ici pour lire l&rsquo;article depuis sa source.<\/a><\/p>\n","protected":false},"excerpt":{"rendered":"<p>Des fid\u00e8les catholiques ont c\u00e9l\u00e9br\u00e9 la f\u00eate de l\u2019Ascension le 13 mai 2021 \u00e0 la cath\u00e9drale de Ouagadougou. L\u2019Ascension est une f\u00eate chr\u00e9tienne c\u00e9l\u00e9br\u00e9e le quaranti\u00e8me jour apr\u00e8s P\u00e2ques. Elle marque la derni\u00e8re rencontre de J\u00e9sus avec ses disciples apr\u00e8s sa r\u00e9surrection et son \u00e9l\u00e9vation au ciel. Elle est l\u2019expression de la pr\u00e9sence du Christ, [&hellip;]<\/p>\n","protected":false},"author":1816,"featured_media":0,"comment_status":"closed","ping_status":"closed","sticky":false,"template":"","format":"standard","meta":{"fifu_image_url":"https:\/\/www.sidwaya.info\/wp-content\/uploads\/2021\/05\/Ph04-696x522.jpg","fifu_image_alt":"F\u00eate de l\u2019Ascension: les chr\u00e9tiens ont c\u00e9l\u00e9br\u00e9 la mont\u00e9e de J\u00e9sus Christ ciel","footnotes":""},"categories":[73,81],"tags":[],"class_list":["post-116725","post","type-post","status-publish","format-standard","hentry","category-actualite","category-burkina-faso"],"_links":{"self":[{"href":"https:\/\/linitiative.ca\/International\/wp-json\/wp\/v2\/posts\/116725","targetHints":{"allow":["GET"]}}],"collection":[{"href":"https:\/\/linitiative.ca\/International\/wp-json\/wp\/v2\/posts"}],"about":[{"href":"https:\/\/linitiative.ca\/International\/wp-json\/wp\/v2\/types\/post"}],"author":[{"embeddable":true,"href":"https:\/\/linitiative.ca\/International\/wp-json\/wp\/v2\/users\/1816"}],"replies":[{"embeddable":true,"href":"https:\/\/linitiative.ca\/International\/wp-json\/wp\/v2\/comments?post=116725"}],"version-history":[{"count":0,"href":"https:\/\/linitiative.ca\/International\/wp-json\/wp\/v2\/posts\/116725\/revisions"}],"wp:attachment":[{"href":"https:\/\/linitiative.ca\/International\/wp-json\/wp\/v2\/media?parent=116725"}],"wp:term":[{"taxonomy":"category","embeddable":true,"href":"https:\/\/linitiative.ca\/International\/wp-json\/wp\/v2\/categories?post=116725"},{"taxonomy":"post_tag","embeddable":true,"href":"https:\/\/linitiative.ca\/International\/wp-json\/wp\/v2\/tags?post=116725"}],"curies":[{"name":"wp","href":"https:\/\/api.w.org\/{rel}","templated":true}]}}