{"id":116726,"date":"2021-05-13T15:45:37","date_gmt":"2021-05-13T19:45:37","guid":{"rendered":"https:\/\/linitiative.ca\/International\/ghassimi-diallo-maire-de-la-commune-de-thiou-jai-negocie-avec-les-terroristes-pour-que-ma-commune-ne-soit-pas-attaquee\/"},"modified":"2021-05-13T15:45:37","modified_gmt":"2021-05-13T19:45:37","slug":"ghassimi-diallo-maire-de-la-commune-de-thiou-jai-negocie-avec-les-terroristes-pour-que-ma-commune-ne-soit-pas-attaquee","status":"publish","type":"post","link":"https:\/\/linitiative.ca\/International\/ghassimi-diallo-maire-de-la-commune-de-thiou-jai-negocie-avec-les-terroristes-pour-que-ma-commune-ne-soit-pas-attaquee\/","title":{"rendered":"Ghassimi Diallo, maire de la commune de Thiou : \u00ab J\u2019ai n\u00e9goci\u00e9 avec les terroristes pour  que ma commune ne soit pas attaqu\u00e9e \u00bb"},"content":{"rendered":"<div class=\"td-post-featured-image\">\n<figure><a href=\"https:\/\/www.sidwaya.info\/wp-content\/uploads\/2021\/05\/as.jpg\" data-caption=\"Le maire de Thiou, Ghassimi Diallo : \u00ab Dans certaines communes, les n\u00e9gociations peuvent apporter une accalmie \u00bb.\"><img loading=\"lazy\" decoding=\"async\" width=\"696\" height=\"551\" class=\"entry-thumb td-modal-image\" src=\"https:\/\/www.sidwaya.info\/wp-content\/uploads\/2021\/05\/as-696x551.jpg\" srcset=\"https:\/\/www.sidwaya.info\/wp-content\/uploads\/2021\/05\/as-696x551.jpg 696w, https:\/\/www.sidwaya.info\/wp-content\/uploads\/2021\/05\/as-300x237.jpg 300w, https:\/\/www.sidwaya.info\/wp-content\/uploads\/2021\/05\/as-768x608.jpg 768w, https:\/\/www.sidwaya.info\/wp-content\/uploads\/2021\/05\/as-150x119.jpg 150w, https:\/\/www.sidwaya.info\/wp-content\/uploads\/2021\/05\/as-531x420.jpg 531w, https:\/\/www.sidwaya.info\/wp-content\/uploads\/2021\/05\/as.jpg 780w\" sizes=\"auto, (max-width: 696px) 100vw, 696px\" alt=\"\" title=\"as\"\/><\/a><figcaption class=\"wp-caption-text\">Le maire de Thiou, Ghassimi Diallo : \u00ab Dans certaines communes, les n\u00e9gociations peuvent apporter une accalmie \u00bb.<\/figcaption><\/figure>\n<\/div>\n<p><strong>Thiou fait partie des quatre communes frontali\u00e8res (les trois autres sont Soll\u00e9, Banh et Kain) de la r\u00e9gion du Nord avec le Mali, attaqu\u00e9es par les terroristes depuis 2018. Les conseils municipaux de ces communes, \u00e0 l\u2019exception de Thiou, ont \u00e9t\u00e9 oblig\u00e9s de se d\u00e9localiser dans la ville de Ouahigouya. Comment la mairie de Thiou a r\u00e9ussi \u00e0 fonctionner sur place. Le maire de la commune, Ghassimi Diallo, dans cet entretien accord\u00e9 \u00e0 Sidwaya, le lundi 10 mai 2021, \u00e0 Ouahigouya, nous donne des \u00e9l\u00e9ments de r\u00e9ponse.<\/strong><\/p>\n<p><strong>Sidwaya (S) : Pouvez-vous pr\u00e9senter votre commune ?<\/strong><br \/><strong>Ghassimi Diallo (G.D.) :<\/strong> Ma commune est situ\u00e9e \u00e0 35 km de Ouahigouya sur l\u2019axe Ouahigouya-K\u00f4r\u00f4. Elle est une commune rurale \u00e9mergente avec pr\u00e8s de 50 000 habitants. Nous comptons 32 villages avec 65 conseillers municipaux. L\u2019agriculture et l\u2019\u00e9levage sont les principales activit\u00e9s men\u00e9es. De plus, nous faisons la promotion de la culture mara\u00eech\u00e8re avec la production en quantit\u00e9 de la tomate et du chou. Il y a aussi l\u2019exploitation aurif\u00e8re artisanale qui fait vivre bon nombre de personnes non seulement dans la commune mais aussi dans le chef-lieu de r\u00e9gion qu\u2019est Ouahigouya.<\/p>\n<p><strong>S : Thiou fait partie des quatre communes frontali\u00e8res de la r\u00e9gion du Nord (Soll\u00e9, Banh, Kain) touch\u00e9es par le terrorisme. Les autres mairies ont \u00e9t\u00e9 oblig\u00e9es de se d\u00e9localiser \u00e0 Ouahigouya. Comment se fait-il que vous soyez toujours \u00e0 Thiou ?<\/strong><\/p>\n<p><strong>G. D. :<\/strong> J\u2019entends toutes sortes d\u2019interpr\u00e9tations et d\u2019accusations \u00e0 ce sujet. En effet, en 2017, on pressentait quelques sillons de l\u2019hydre terroriste. Au premier trimestre de l\u2019ann\u00e9e 2018, quelques interventions du c\u00f4t\u00e9 du Mali et de la commune de Kain, situ\u00e9e \u00e0 25 km de Thiou, nous ont mis la puce \u00e0 l\u2019oreille. D\u00e8s lors, la mairie a commenc\u00e9 \u00e0 faire de la pr\u00e9vention pour que le terrorisme n\u2019arrive pas \u00e0 Thiou. Cela a consist\u00e9 \u00e0 rapprocher les trois communaut\u00e9s que compte la commune \u00e0 savoir les Dogons, les Mossis et les Peulhs. Les terroristes avaient assi\u00e9g\u00e9 Kain parce qu\u2019il y avait une m\u00e9sentente entre les communaut\u00e9s. Des populations de Kain interdisaient l\u2019acc\u00e8s des march\u00e9s aux Peulhs.<\/p>\n<p>A Thiou, l\u2019on a initi\u00e9 une grande rencontre entre ces ethnies chez le chef peulh (il est le chef des chefs dans la commune). Etaient pr\u00e9sents \u00e0 la rencontre de la mairie, un repr\u00e9sentant de la pr\u00e9fecture, le chef peulh, celui des Dogons et celui des Mossi au niveau de la cour royale de Thiou. C\u2019\u00e9tait en fin 2018. A l\u2019issue de cette rencontre, l\u2019engagement a \u00e9t\u00e9 pris qu\u2019aucune d\u00e9cision ne se prendra sans l\u2019accord de toutes ces personnes. D\u00e8s lors, l\u2019on a pu \u00e9viter la fracture entre les communaut\u00e9s. Ensuite, l\u2019on a initi\u00e9 deux autres r\u00e9unions avec ces diff\u00e9rents chefs. En 2019, alors que la commune de Kain \u00e9tait d\u00e9j\u00e0 bloqu\u00e9e, l\u2019on a tout fait pour que Thiou-ville ne soit pas \u00e0 l\u2019image de Kain.<\/p>\n<p>Mais bon nombre de villages de la commune \u00e9tait d\u00e9j\u00e0 occup\u00e9s par les terroristes. Seulement, le centre-ville de la commune et les villages de S\u00f4r\u00f4, de Sim, de Nodin, de Bouro, de Bango et de Cado sur les 32 sont rest\u00e9s intacts. En plus de notre coh\u00e9sion sociale solide, la commune a \u00e9t\u00e9 l\u2019une des premi\u00e8res \u00e0 lancer le recrutement des Volontaires pour la d\u00e9fense de la patrie (VDP) en 2019 d\u00e8s que l\u2019Etat a approuv\u00e9 la d\u00e9cision. Actuellement, on en d\u00e9nombre plusieurs VDP, encadr\u00e9s par l\u2019arm\u00e9e.<\/p>\n<p>Mieux, ils ont une cinquantaine de motos qui leur permettent de faire la ronde et \u00e9viter de se faire surprendre par ces personnes arm\u00e9es. En plus de cela, il y a la pr\u00e9sence de l\u2019arm\u00e9e, de la police des fronti\u00e8res. C\u2019est tout cela qui fait que le conseil municipal ne s\u2019est pas d\u00e9plac\u00e9.<\/p>\n<p><strong>S : Est-ce vrai que vous avez n\u00e9goci\u00e9 avec les terroristes afin qu\u2019ils \u00e9pargnent vos populations ?<\/strong><\/p>\n<p><strong>G. D. :<\/strong> Oui, j\u2019ai n\u00e9goci\u00e9 avec eux. Mais la n\u00e9gociation ne vient pas de nous seulement, eux aussi ont manifest\u00e9 le d\u00e9sir. Dans le groupe de ces hommes arm\u00e9s, je connais des gens qui sont de la commune. L\u2019on a incit\u00e9 les populations \u00e0 appeler leurs parents qui y sont et essayer de comprendre leur motivation. D\u2019appel en appel, j\u2019ai pu joindre leur responsable dans la zone de Thiou et j\u2019ai essay\u00e9 de comprendre. Selon eux, c\u2019est l\u2019islam radical, la charia, qu\u2019ils veulent instaurer.<\/p>\n<p>C\u2019est impossible parce que nous sommes dans un Etat la\u00efc et \u00e0 Thiou, toutes les communaut\u00e9s (musulmanes, catholiques et protestantes) collaborent sans probl\u00e8me. Je crois qu\u2019il y a d\u2019autres raisons. Ils ont \u00e9t\u00e9 utilis\u00e9s pour perturber l\u2019ordre social. Apr\u00e8s cela, l\u2019on a rassembl\u00e9 toutes les communaut\u00e9s religieuses, les couches politiques pour se concerter et sauver les populations. En tant que premier responsable de la commune, l\u00e0 o\u00f9 il y a la paix, je suis partant. C\u2019est ainsi que j\u2019ai constitu\u00e9 une \u00e9quipe dirig\u00e9e par le 1er adjoint au maire pour aller n\u00e9gocier avec eux.<\/p>\n<p>Le premier contact a eu lieu en d\u00e9cembre 2020. Par la suite, il y a eu plusieurs rencontres. L\u2019on \u00e9tait \u00e0 la phase d\u2019organiser une grande rencontre qui va r\u00e9unir toutes les couches sociales. Elle \u00e9tait pr\u00e9vue probablement pour la semaine prochaine (NDLR : l\u2019interview a \u00e9t\u00e9 r\u00e9alis\u00e9e le 10 mai). Mais avec l\u2019op\u00e9ration des forces arm\u00e9es nationales dans la r\u00e9gion du Nord, j\u2019ai peur que nos d\u00e9marches ne puissent pas aboutir.<\/p>\n<p>Mais, il faut reconna\u00eetre que chacun fait son travail et le r\u00f4le des \u00e9lus locaux est de tout faire pour ramener la paix. A cet effet, je f\u00e9licite la commune parce que toutes ces rencontres ont permis de garantir la paix. Aujourd\u2019hui, Thiou compte 7 000 personnes d\u00e9plac\u00e9es. Si on attaque la ville, que ferons-nous avec toutes ces personnes ? Il fallait qu\u2019il y ait une forme de paix pour que chacun puisse vaquer \u00e0 ses occupations.<\/p>\n<p><strong>S : Qui sont r\u00e9ellement ces terroristes et que veulent-ils en attaquant ainsi les villages ?<\/strong><\/p>\n<p><strong>G. D. :<\/strong> Au d\u00e9but des hostilit\u00e9s, l\u2019on pensait que ce sont des terroristes venus du Mali pour nous attaquer. Mais au fil du temps, l\u2019on a fini par comprendre que ce sont nos fr\u00e8res de la m\u00eame communaut\u00e9 qui nous attaquent. Une bonne partie vient de notre communaut\u00e9 de Thiou. Il n\u2019y a que quelques individus arabes ou touaregs qui viennent les induire en erreur, les transformant en terroristes islamistes. Ils pensent devoir instaurer la charia alors que Thiou est une zone islamique \u00e0 plus de 98%. Pourquoi vouloir imposer du djihad \u00e0 Thiou ? L\u2019on a donc compris qu\u2019il fallait n\u00e9gocier pour que la commune ne soit pas attaqu\u00e9e.<\/p>\n<p><strong>S : Quelles ont \u00e9t\u00e9 les clauses de la n\u00e9gociation ?<\/strong><\/p>\n<p><strong>G. D. :<\/strong> Il n\u2019y a pas de clause pour l\u2019instant, car l\u2019on attendait la grande rencontre pour d\u00e9finir des termes clairs et on comptait recruter un sp\u00e9cialiste en la mati\u00e8re pour nous accompagner. J\u2019ai bon espoir qu\u2019apr\u00e8s l\u2019op\u00e9ration de ratissage de l\u2019arm\u00e9e, on va pouvoir poursuivre les n\u00e9gociations.<\/p>\n<p><strong>S : Quel a \u00e9t\u00e9 le compromis entre vous et ces hommes arm\u00e9s non identifi\u00e9s ?<\/strong><\/p>\n<p><strong>G. D. :<\/strong> J\u2019ai re\u00e7u trois courriers de ces individus arm\u00e9s. Dans ces \u00e9crits, en termes de compromis, ils tiennent toujours \u00e0 garder leurs armes et continuer de faire leurs pr\u00eaches. Je ne suis pas d\u2019accord pour cela. Ils ont demand\u00e9 aussi qu\u2019on d\u00e9sarme les VDP. Pourtant, sans eux, plus la pr\u00e9sence des forces de d\u00e9fense et de s\u00e9curit\u00e9, on risque de perdre la commune. Si celle-ci n\u2019a pas \u00e9t\u00e9 assi\u00e9g\u00e9e, c\u2019est en partie \u00e0 cause de leur pr\u00e9sence. Mais si les n\u00e9gociations se poursuivent, l\u2019on trouvera un terrain d\u2019entente.<\/p>\n<p><strong>S : Quelles activit\u00e9s m\u00e8nent-ils sur votre territoire communal ?<\/strong><\/p>\n<p><strong>G. D. :<\/strong> Selon les populations, ce sont des activit\u00e9s de vols de b\u00e9tail, de braquages et de pillages dans les villages, \u00e0 l\u2019image de mon propre village, Ingar\u00e9, \u00e0 7 km de Thiou. La population de ce village a \u00e9t\u00e9 chass\u00e9e \u00e0 100% et la localit\u00e9 pill\u00e9e. Dans certains villages, ils ont ouvert des boutiques de vente de tenues religieuses (la Burqa, les voiles\u2026) et ils obligent les populations \u00e0 pratiquer l\u2019islam radical.<\/p>\n<p><strong>S : Pourquoi croyez-vous que vos vis-\u00e0-vis sont sinc\u00e8res dans leurs n\u00e9gociations ?<\/strong><\/p>\n<p><strong>G. D. :<\/strong> A Thiou, l\u2019on a pu aboutir \u00e0 quelque chose. C\u2019est pourquoi, la ville n\u2019a pas \u00e9t\u00e9 attaqu\u00e9e. Cela est li\u00e9 \u00e0 ces n\u00e9gociations qu\u2019ils ont respect\u00e9es. Aussi, bon nombre de ces terroristes sont de Thiou, peut-\u00eatre qu\u2019ils ne veulent pas qu\u2019on attaque leur village parce que leurs familles y vivent. Tout compte fait, je crois qu\u2019ils sont des hommes de parole et qu\u2019ils vont toujours respecter les termes des n\u00e9gociations.<\/p>\n<p><strong>S : Y a-t-il un espoir que ce probl\u00e8me puisse prendre fin un jour ?<\/strong><\/p>\n<p><strong>G. D. :<\/strong> Oui, j\u2019ai espoir que cette situation finisse. Mais \u00e0 l\u2019avenir, il nous faudra plus de vigilance dans nos fronti\u00e8res. Il ne faut plus qu\u2019on ait une fronti\u00e8re poreuse avec le Mali car, le ph\u00e9nom\u00e8ne peut prendre fin mais revenir \u00e0 cause de ces fronti\u00e8res poreuses. Mais aussi entre cette bande (Soll\u00e9, Banh, Kain et Thiou) et le Mali, il n\u2019y a pas de contr\u00f4le rigoureux.<br \/>M\u00eame \u00e0 pied, les populations entrent et ressortent. Il faudrait qu\u2019on apprenne \u00e0 ma\u00eetriser notre territoire car c\u2019est de l\u00e0 que vient notre faiblesse.<\/p>\n<p><strong>S : Quelle solution pr\u00e9conisez-vous pour les autres communes qui subissent toujours les attaques ?<\/strong><br \/><strong>G. D. :<\/strong> Il est difficile pour moi de proposer des solutions car j\u2019ai beaucoup davantages qu\u2019elles n\u2019ont pas.<br \/>Dans ma commune, il y a l\u2019arm\u00e9e, la police des fronti\u00e8res et les VDP. Aussi, j\u2019ai r\u00e9ussi \u00e0 faire r\u00e9gner la coh\u00e9sion sociale entre les trois communaut\u00e9s. C\u2019est dire que je profite d\u2019une situation et cela a \u00e9t\u00e9 une chance pour moi.<\/p>\n<p><strong>S : Comment avez-vous re\u00e7u la d\u00e9cision de reporter les \u00e9lections municipales \u00e0 2022 ?<\/strong><\/p>\n<p><strong>G. D. :<\/strong> J\u2019ai beaucoup appr\u00e9ci\u00e9 cette d\u00e9cision, car l\u2019on ne pouvait pas organiser des \u00e9lections \u00e0 Thiou avec seulement six villages libres sur 32. A Kain, \u00e0 Soll\u00e9 et \u00e0 Banh, aucun village n\u2019est libre. On allait juste bricoler et ce serait une forme de massacre de la d\u00e9mocratie.<\/p>\n<p>En 2022, l\u2019on esp\u00e8re pouvoir r\u00e9ellement les tenir. Je sais que dans beaucoup de communes, des n\u00e9gociations sont en cours notamment \u00e0 Tangaye o\u00f9 j\u2019ai particip\u00e9 \u00e0 une r\u00e9union. A Kain, quelque chose se pr\u00e9pare, \u00e0 Soll\u00e9 \u00e9galement, sauf Banh o\u00f9 je n\u2019ai aucune id\u00e9e. Mon souhait est que la paix revienne et qu\u2019on puisse tenir ces \u00e9lections.<\/p>\n<p class=\"c1\">Interview r\u00e9alis\u00e9e<br \/><strong>par Fleur BIRBA<\/strong><\/p>\n<div class=\"td-a-rec td-a-rec-id-content_bottom tdi_33_d09 td_block_template_1\">\n<p><img loading=\"lazy\" decoding=\"async\" class=\"aligncenter size-full wp-image-27454\" src=\"https:\/\/www.sidwaya.info\/wp-content\/uploads\/2020\/10\/PUB-Bandeau-paiement-mobile-siteweb.jpg\" alt=\"\" width=\"728\" height=\"90\"\/><\/div>\n<p>Auteur: JK. Sidwaya<br \/>\n<a href=\"https:\/\/www.sidwaya.info\/blog\/2021\/05\/13\/ghassimi-diallo-maire-de-la-commune-de-thiou-jai-negocie-avec-les-terroristes-pour-que-ma-commune-ne-soit-pas-attaquee\/\">Cliquez ici pour lire l&rsquo;article depuis sa source.<\/a><\/p>\n","protected":false},"excerpt":{"rendered":"<p>Le maire de Thiou, Ghassimi Diallo : \u00ab Dans certaines communes, les n\u00e9gociations peuvent apporter une accalmie \u00bb. Thiou fait partie des quatre communes frontali\u00e8res (les trois autres sont Soll\u00e9, Banh et Kain) de la r\u00e9gion du Nord avec le Mali, attaqu\u00e9es par les terroristes depuis 2018. Les conseils municipaux de ces communes, \u00e0 l\u2019exception [&hellip;]<\/p>\n","protected":false},"author":1816,"featured_media":0,"comment_status":"closed","ping_status":"closed","sticky":false,"template":"","format":"standard","meta":{"fifu_image_url":"https:\/\/www.sidwaya.info\/wp-content\/uploads\/2021\/05\/as-696x551.jpg","fifu_image_alt":"Ghassimi Diallo, maire de la commune de Thiou : \u00ab J\u2019ai n\u00e9goci\u00e9 avec les terroristes pour  que ma commune ne soit pas attaqu\u00e9e \u00bb","footnotes":""},"categories":[73,81],"tags":[],"class_list":["post-116726","post","type-post","status-publish","format-standard","hentry","category-actualite","category-burkina-faso"],"_links":{"self":[{"href":"https:\/\/linitiative.ca\/International\/wp-json\/wp\/v2\/posts\/116726","targetHints":{"allow":["GET"]}}],"collection":[{"href":"https:\/\/linitiative.ca\/International\/wp-json\/wp\/v2\/posts"}],"about":[{"href":"https:\/\/linitiative.ca\/International\/wp-json\/wp\/v2\/types\/post"}],"author":[{"embeddable":true,"href":"https:\/\/linitiative.ca\/International\/wp-json\/wp\/v2\/users\/1816"}],"replies":[{"embeddable":true,"href":"https:\/\/linitiative.ca\/International\/wp-json\/wp\/v2\/comments?post=116726"}],"version-history":[{"count":0,"href":"https:\/\/linitiative.ca\/International\/wp-json\/wp\/v2\/posts\/116726\/revisions"}],"wp:attachment":[{"href":"https:\/\/linitiative.ca\/International\/wp-json\/wp\/v2\/media?parent=116726"}],"wp:term":[{"taxonomy":"category","embeddable":true,"href":"https:\/\/linitiative.ca\/International\/wp-json\/wp\/v2\/categories?post=116726"},{"taxonomy":"post_tag","embeddable":true,"href":"https:\/\/linitiative.ca\/International\/wp-json\/wp\/v2\/tags?post=116726"}],"curies":[{"name":"wp","href":"https:\/\/api.w.org\/{rel}","templated":true}]}}