{"id":116728,"date":"2021-05-12T20:18:02","date_gmt":"2021-05-13T00:18:02","guid":{"rendered":"https:\/\/linitiative.ca\/International\/le-maroc-sengage-a-soutenir-le-renforcement-et-le-developpement-des-capacites-humaines-du-liberia\/"},"modified":"2021-05-12T20:18:02","modified_gmt":"2021-05-13T00:18:02","slug":"le-maroc-sengage-a-soutenir-le-renforcement-et-le-developpement-des-capacites-humaines-du-liberia","status":"publish","type":"post","link":"https:\/\/linitiative.ca\/International\/le-maroc-sengage-a-soutenir-le-renforcement-et-le-developpement-des-capacites-humaines-du-liberia\/","title":{"rendered":"Le Maroc s\u2019engage \u00e0 soutenir le renforcement et le d\u00e9veloppement des capacit\u00e9s humaines du Lib\u00e9ria"},"content":{"rendered":"<div readability=\"32\">\n<p>Publi\u00e9 le 13.05.2021 \u00e0 01h18 par APA News<\/p>\n<\/div>\n<div readability=\"104\">\n<p>Le ministre marocain des Affaires \u00e9trang\u00e8res, Nasser Bourita, a renouvel\u00e9 l\u2019engagement du Maroc \u00e0 soutenir le renforcement et le d\u00e9veloppement des capacit\u00e9s humaines du Lib\u00e9ria par l\u2019octroi de bourses d\u2019\u00e9tudes et autres formations professionnelles.Lors d\u2019un entretien, mercredi en mode visioconf\u00e9rence, avec son homologue lib\u00e9rien, Dee-Maxwell Saah Kemayah Sr., le ministre marocain a ajout\u00e9 que le Royaume envisage ainsi d\u2019approfondir cette relation d\u2019exception dans le cadre du programme de relance \u00ab Liberia Vision 2030 \u00bb.<\/p>\n<p>Il a, en outre, indiqu\u00e9 qu\u2019il s\u2019est mis d\u2019accord avec son homologue lib\u00e9rien pour d\u00e9velopper davantage les relations bilat\u00e9rales, notamment \u00e0 travers une mission pour la coop\u00e9ration sectorielle qui se rendra \u00e0 Monrovia, d\u00e8s que les conditions sanitaires le permettraient, afin de pr\u00e9parer la prochaine session de la Commission Mixte.<\/p>\n<p>Par ailleurs, M. Bourita a r\u00e9it\u00e9r\u00e9 les remerciements du Maroc au Lib\u00e9ria pour son appui constant et ferme \u00e0 l\u2019int\u00e9grit\u00e9 territoriale du Maroc, notamment, par ses positions claires en faveur du Sahara marocain, dans les instances r\u00e9gionales et internationales et par ses actions sur le terrain, concr\u00e9tis\u00e9es par l\u2019ouverture d\u2019un Consulat G\u00e9n\u00e9ral du Lib\u00e9ria, \u00e0 Dakhla en mars 2020, et le soutien exprim\u00e9 \u00e0 l\u2019action du Maroc apr\u00e8s la lib\u00e9ration du passage au poste fronti\u00e8re d\u2019El Guergarat entre le Maroc et la Mauritanie.<\/p>\n<p>M. Dee-Maxwell Saah Kemayah Sr. n\u2019a pas manqu\u00e9 \u00e0 cet effet, de renouveler le soutien de son pays \u00e0 une solution politique n\u00e9goci\u00e9e, consensuelle et d\u00e9finitive du diff\u00e9rend autour du Sahara marocain, r\u00e9it\u00e9rant ainsi la n\u00e9cessit\u00e9 de respecter la d\u00e9cision 693, adopt\u00e9e au niveau des Chefs d\u2019Etat africains, au Sommet de l\u2019Union africaine de Nouakchott, en juillet 2018, qui a r\u00e9affirm\u00e9 l\u2019exclusivit\u00e9 des Nations Unies en tant que cadre de recherche d\u2019une solution politique, mutuellement acceptable, r\u00e9aliste, pragmatique et durable \u00e0 la question du Sahara.<\/p>\n<p>Les deux ministres se sont, par ailleurs, engag\u00e9s \u00e0 une meilleure coordination de leurs actions et \u00e0 un soutien mutuel constant dans les instances r\u00e9gionales et internationales, pour la d\u00e9fense de leurs int\u00e9r\u00eats respectifs et pour \u0153uvrer ensemble en faveur du d\u00e9veloppement, de la paix et de la stabilit\u00e9 du continent africain.<\/p>\n<p>Sur cette base, les deux parties ont convenu d\u2019appuyer, de mani\u00e8re concert\u00e9e et mutuelle, les candidatures marocaines et lib\u00e9riennes au niveau des instances r\u00e9gionales et internationales, et d\u2019instruire leurs Repr\u00e9sentants Permanents \u00e0 New York, Gen\u00e8ve et l\u2019Union Africaine afin de coordonner leurs actions et d\u00e9cisions concernant les sujets d\u2019int\u00e9r\u00eat commun.<\/p>\n<p>A ce titre, M. Dee-Maxwell Saah Kemayah Sr. a exprim\u00e9 le soutien inconditionnel du Lib\u00e9ria \u00e0 la candidature du Maroc au poste de Commissaire de la Commission de l\u2019Union Africaine dans les domaines de l\u2019Education, de la Science, la Technologie et l\u2019Innovation.<\/p>\n<\/div>\n<p>Auteur: APA News<br \/>\n<a href=\"https:\/\/www.journalducameroun.com\/le-maroc-sengage-a-soutenir-le-renforcement-et-le-developpement-des-capacites-humaines-du-liberia\/\">Cliquez ici pour lire l&rsquo;article depuis sa source.<\/a><\/p>\n","protected":false},"excerpt":{"rendered":"<p>Publi\u00e9 le 13.05.2021 \u00e0 01h18 par APA News Le ministre marocain des Affaires \u00e9trang\u00e8res, Nasser Bourita, a renouvel\u00e9 l\u2019engagement du Maroc \u00e0 soutenir le renforcement et le d\u00e9veloppement des capacit\u00e9s humaines du Lib\u00e9ria par l\u2019octroi de bourses d\u2019\u00e9tudes et autres formations professionnelles.Lors d\u2019un entretien, mercredi en mode visioconf\u00e9rence, avec son homologue lib\u00e9rien, Dee-Maxwell Saah Kemayah [&hellip;]<\/p>\n","protected":false},"author":1965,"featured_media":0,"comment_status":"closed","ping_status":"closed","sticky":false,"template":"","format":"standard","meta":{"fifu_image_url":"","fifu_image_alt":"","footnotes":""},"categories":[73,82],"tags":[],"class_list":["post-116728","post","type-post","status-publish","format-standard","hentry","category-actualite","category-cameroun"],"_links":{"self":[{"href":"https:\/\/linitiative.ca\/International\/wp-json\/wp\/v2\/posts\/116728","targetHints":{"allow":["GET"]}}],"collection":[{"href":"https:\/\/linitiative.ca\/International\/wp-json\/wp\/v2\/posts"}],"about":[{"href":"https:\/\/linitiative.ca\/International\/wp-json\/wp\/v2\/types\/post"}],"author":[{"embeddable":true,"href":"https:\/\/linitiative.ca\/International\/wp-json\/wp\/v2\/users\/1965"}],"replies":[{"embeddable":true,"href":"https:\/\/linitiative.ca\/International\/wp-json\/wp\/v2\/comments?post=116728"}],"version-history":[{"count":0,"href":"https:\/\/linitiative.ca\/International\/wp-json\/wp\/v2\/posts\/116728\/revisions"}],"wp:attachment":[{"href":"https:\/\/linitiative.ca\/International\/wp-json\/wp\/v2\/media?parent=116728"}],"wp:term":[{"taxonomy":"category","embeddable":true,"href":"https:\/\/linitiative.ca\/International\/wp-json\/wp\/v2\/categories?post=116728"},{"taxonomy":"post_tag","embeddable":true,"href":"https:\/\/linitiative.ca\/International\/wp-json\/wp\/v2\/tags?post=116728"}],"curies":[{"name":"wp","href":"https:\/\/api.w.org\/{rel}","templated":true}]}}