{"id":116729,"date":"2021-05-12T20:18:03","date_gmt":"2021-05-13T00:18:03","guid":{"rendered":"https:\/\/linitiative.ca\/International\/maroc-le-roi-mohammed-vi-gracie-810-personnes\/"},"modified":"2021-05-12T20:18:03","modified_gmt":"2021-05-13T00:18:03","slug":"maroc-le-roi-mohammed-vi-gracie-810-personnes","status":"publish","type":"post","link":"https:\/\/linitiative.ca\/International\/maroc-le-roi-mohammed-vi-gracie-810-personnes\/","title":{"rendered":"Maroc : le Roi Mohammed VI gracie 810 personnes"},"content":{"rendered":"<div readability=\"32\">\n<p>Publi\u00e9 le 13.05.2021 \u00e0 01h18 par APA News<\/p>\n<\/div>\n<div readability=\"60\">\n<p>A l\u2019occasion de l\u2019A\u00efd el-Fitr, le Roi Mohammed VI a accord\u00e9 sa gr\u00e2ce \u00e0 810 personnes, dont certaines sont en d\u00e9tention et d\u2019autres en libert\u00e9, condamn\u00e9es par diff\u00e9rents tribunaux du Royaume, indique mercredi un communiqu\u00e9 du minist\u00e8re de la Justice.Les b\u00e9n\u00e9ficiaires de la gr\u00e2ce royale qui sont en d\u00e9tention sont au nombre de 606 d\u00e9tenus se r\u00e9partissant comme suit, alors que ceux en libert\u00e9 sont au nombre de 204 personnes.<\/p>\n<p>Parmi les b\u00e9n\u00e9ficiaires de la gr\u00e2ce royale figurent 12 d\u00e9tenus qui ont \u00e9t\u00e9 condamn\u00e9s dans des affaires d\u2019extr\u00e9misme et de terrorisme ayant particip\u00e9 \u00e0 la 7e \u00e9dition du programme \u00ab r\u00e9conciliation \u00bb.<\/p>\n<p>Selon le communiqu\u00e9, \u00ab cette bienveillance royale intervient en r\u00e9ponse aux demandes de gr\u00e2ce que ces d\u00e9tenus soumettent au Souverain, apr\u00e8s avoir officiellement annonc\u00e9 leur rejet de toute forme d\u2019extr\u00e9misme et de terrorisme, ainsi que leur ferme attachement aux constantes et aux sacralit\u00e9s de la nation et aux institutions nationales.<\/p>\n<p>Et en consid\u00e9ration des circonstances familiales et humaines des personnes condamn\u00e9es dans le cadre des \u00e9v\u00e8nements de la r\u00e9gion d\u2019Al Hoce\u00efma, et en concr\u00e9tisation de la volont\u00e9 royale dans toutes les occasions, le Souverain a octroy\u00e9 sa gr\u00e2ce royale \u00e0 17 d\u00e9tenus sur le reliquat de la peine d\u2019emprisonnement, a fait savoir la m\u00eame source.<\/p>\n<\/div>\n<p>Auteur: APA News<br \/>\n<a href=\"https:\/\/www.journalducameroun.com\/maroc-le-roi-mohammed-vi-gracie-810-personnes\/\">Cliquez ici pour lire l&rsquo;article depuis sa source.<\/a><\/p>\n","protected":false},"excerpt":{"rendered":"<p>Publi\u00e9 le 13.05.2021 \u00e0 01h18 par APA News A l\u2019occasion de l\u2019A\u00efd el-Fitr, le Roi Mohammed VI a accord\u00e9 sa gr\u00e2ce \u00e0 810 personnes, dont certaines sont en d\u00e9tention et d\u2019autres en libert\u00e9, condamn\u00e9es par diff\u00e9rents tribunaux du Royaume, indique mercredi un communiqu\u00e9 du minist\u00e8re de la Justice.Les b\u00e9n\u00e9ficiaires de la gr\u00e2ce royale qui sont [&hellip;]<\/p>\n","protected":false},"author":1965,"featured_media":0,"comment_status":"closed","ping_status":"closed","sticky":false,"template":"","format":"standard","meta":{"fifu_image_url":"","fifu_image_alt":"","footnotes":""},"categories":[73,82],"tags":[],"class_list":["post-116729","post","type-post","status-publish","format-standard","hentry","category-actualite","category-cameroun"],"_links":{"self":[{"href":"https:\/\/linitiative.ca\/International\/wp-json\/wp\/v2\/posts\/116729","targetHints":{"allow":["GET"]}}],"collection":[{"href":"https:\/\/linitiative.ca\/International\/wp-json\/wp\/v2\/posts"}],"about":[{"href":"https:\/\/linitiative.ca\/International\/wp-json\/wp\/v2\/types\/post"}],"author":[{"embeddable":true,"href":"https:\/\/linitiative.ca\/International\/wp-json\/wp\/v2\/users\/1965"}],"replies":[{"embeddable":true,"href":"https:\/\/linitiative.ca\/International\/wp-json\/wp\/v2\/comments?post=116729"}],"version-history":[{"count":0,"href":"https:\/\/linitiative.ca\/International\/wp-json\/wp\/v2\/posts\/116729\/revisions"}],"wp:attachment":[{"href":"https:\/\/linitiative.ca\/International\/wp-json\/wp\/v2\/media?parent=116729"}],"wp:term":[{"taxonomy":"category","embeddable":true,"href":"https:\/\/linitiative.ca\/International\/wp-json\/wp\/v2\/categories?post=116729"},{"taxonomy":"post_tag","embeddable":true,"href":"https:\/\/linitiative.ca\/International\/wp-json\/wp\/v2\/tags?post=116729"}],"curies":[{"name":"wp","href":"https:\/\/api.w.org\/{rel}","templated":true}]}}