{"id":116730,"date":"2021-05-12T20:18:03","date_gmt":"2021-05-13T00:18:03","guid":{"rendered":"https:\/\/linitiative.ca\/International\/le-maroc-celebre-jeudi-laid-el-fitr\/"},"modified":"2021-05-12T20:18:03","modified_gmt":"2021-05-13T00:18:03","slug":"le-maroc-celebre-jeudi-laid-el-fitr","status":"publish","type":"post","link":"https:\/\/linitiative.ca\/International\/le-maroc-celebre-jeudi-laid-el-fitr\/","title":{"rendered":"Le Maroc c\u00e9l\u00e8bre jeudi l\u2019Aid-el-Fitr"},"content":{"rendered":"<div readability=\"32\">\n<p>Publi\u00e9 le 13.05.2021 \u00e0 01h18 par APA News<\/p>\n<\/div>\n<div readability=\"54\">\n<p>Le Maroc c\u00e9l\u00e9brera jeudi l\u2019Aid-el-Fitr, annonce mercredi un communiqu\u00e9 du minist\u00e8re des habous et des affaires islamiques.Cette f\u00eate, qui intervient apr\u00e8s 29 jours de je\u00fbne \u00e0 l\u2019occasion du mois de Ramadan, connait des rassemblements conviviaux et des visites familiales pour se f\u00e9liciter de la venue de l\u2019Aid. Cette tradition ne sera pas consacr\u00e9e cette ann\u00e9e tout comme l\u2019ann\u00e9e pr\u00e9c\u00e9dente. Et pour cause, les mesures pr\u00e9ventives pour faire face \u00e0 la pand\u00e9mie de la Covid-19<\/p>\n<p>Pour \u00e9viter une nouvelle vague de contamination notamment en cette p\u00e9riode de l\u2019Aid-El Fitr, le gouvernement marocain a d\u00e9cid\u00e9, ce mercredi, de maintenir toutes les mesures de pr\u00e9vention qui \u00e9taient en vigueur au Maroc avant le mois de Ramadan.<\/p>\n<p>Selon le chef du gouvernement, Saad Dine El Otmani, aucun changement n\u2019est \u00e0 l\u2019ordre du jour concernant les diff\u00e9rentes mesures restrictives mises en place par les autorit\u00e9s dans le cadre de la lutte contre la propagation de la pand\u00e9mie, qu\u2019il s\u2019agisse du couvre-feu nocturne de 20h \u00e0 6h ou des restrictions des d\u00e9placements entre les villes.<\/p>\n<\/div>\n<p>Auteur: APA News<br \/>\n<a href=\"https:\/\/www.journalducameroun.com\/le-maroc-celebre-jeudi-laid-el-fitr\/\">Cliquez ici pour lire l&rsquo;article depuis sa source.<\/a><\/p>\n","protected":false},"excerpt":{"rendered":"<p>Publi\u00e9 le 13.05.2021 \u00e0 01h18 par APA News Le Maroc c\u00e9l\u00e9brera jeudi l\u2019Aid-el-Fitr, annonce mercredi un communiqu\u00e9 du minist\u00e8re des habous et des affaires islamiques.Cette f\u00eate, qui intervient apr\u00e8s 29 jours de je\u00fbne \u00e0 l\u2019occasion du mois de Ramadan, connait des rassemblements conviviaux et des visites familiales pour se f\u00e9liciter de la venue de l\u2019Aid. [&hellip;]<\/p>\n","protected":false},"author":1965,"featured_media":0,"comment_status":"closed","ping_status":"closed","sticky":false,"template":"","format":"standard","meta":{"fifu_image_url":"","fifu_image_alt":"","footnotes":""},"categories":[73,82],"tags":[],"class_list":["post-116730","post","type-post","status-publish","format-standard","hentry","category-actualite","category-cameroun"],"_links":{"self":[{"href":"https:\/\/linitiative.ca\/International\/wp-json\/wp\/v2\/posts\/116730","targetHints":{"allow":["GET"]}}],"collection":[{"href":"https:\/\/linitiative.ca\/International\/wp-json\/wp\/v2\/posts"}],"about":[{"href":"https:\/\/linitiative.ca\/International\/wp-json\/wp\/v2\/types\/post"}],"author":[{"embeddable":true,"href":"https:\/\/linitiative.ca\/International\/wp-json\/wp\/v2\/users\/1965"}],"replies":[{"embeddable":true,"href":"https:\/\/linitiative.ca\/International\/wp-json\/wp\/v2\/comments?post=116730"}],"version-history":[{"count":0,"href":"https:\/\/linitiative.ca\/International\/wp-json\/wp\/v2\/posts\/116730\/revisions"}],"wp:attachment":[{"href":"https:\/\/linitiative.ca\/International\/wp-json\/wp\/v2\/media?parent=116730"}],"wp:term":[{"taxonomy":"category","embeddable":true,"href":"https:\/\/linitiative.ca\/International\/wp-json\/wp\/v2\/categories?post=116730"},{"taxonomy":"post_tag","embeddable":true,"href":"https:\/\/linitiative.ca\/International\/wp-json\/wp\/v2\/tags?post=116730"}],"curies":[{"name":"wp","href":"https:\/\/api.w.org\/{rel}","templated":true}]}}