{"id":116732,"date":"2021-05-13T08:19:42","date_gmt":"2021-05-13T12:19:42","guid":{"rendered":"https:\/\/linitiative.ca\/International\/crise-energetique-letat-ivoirien-plafonne-les-prix-du-ciment\/"},"modified":"2021-05-13T08:19:42","modified_gmt":"2021-05-13T12:19:42","slug":"crise-energetique-letat-ivoirien-plafonne-les-prix-du-ciment","status":"publish","type":"post","link":"https:\/\/linitiative.ca\/International\/crise-energetique-letat-ivoirien-plafonne-les-prix-du-ciment\/","title":{"rendered":"Crise \u00e9nerg\u00e9tique: l\u2019Etat ivoirien plafonne les prix du ciment"},"content":{"rendered":"<div readability=\"32\">\n<p>Publi\u00e9 le 13.05.2021 \u00e0 13h19 par APA News<\/p>\n<\/div>\n<div readability=\"69\">\n<p>Le minist\u00e8re ivoirien du Commerce et de l\u2019industrie, a dans le cadre de la crise \u00e9nerg\u00e9tique que traverse le pays, fix\u00e9 les prix maxima de la tonne du ciment sur toute l\u2019\u00e9tendue du territoire.<\/p>\n<p>Selon un communiqu\u00e9, sign\u00e9 du ministre du Commerce et de l\u2019industrie, Souleymane Diarrassouba, le prix sortie usine du ciment CPJ 32.5 est de 73.000 TTC la tonne.\u00a0<\/p>\n<p>Le prix de d\u00e9tail du ciment CPJ 32.5, lui, a \u00e9t\u00e9 fix\u00e9 \u00e0 80.000 Fcfa TTC\/tonne \u00e0 Abidjan et San-Pedro puis les villes environnantes dans un rayon de 300 Km. Au-del\u00e0 de 300 Km le co\u00fbt est fix\u00e9 \u00e0 95.000 Fcfa.\u00a0<\/p>\n<p>Quant au ciment CPJ 42.5, le prix maxima de la tonne revient \u00e0 75.000 Fcfa TTC au sortie de l\u2019usine. Pour le prix de d\u00e9tail \u00e0 Abidjan, San-Pedro et les villes de 300 Km, le prix est de \u00a090.000 Fcfa contre 95.000 Fcfa TTC au-del\u00e0 de 300 Km.\u00a0<\/p>\n<p>Dans le communiqu\u00e9, le ministre du Commerce et de l\u2019industrie rassure que \u00ab\u00a0toutes les dispositions sont prises avec les industriels pour assurer l\u2019approvisionnement du march\u00e9\u00a0\u00bb.\u00a0<\/p>\n<p>\u00ab\u00a0Le non-respect des prix indiqu\u00e9s expose les contrevenants \u00e0 des sanctions pr\u00e9vues par la r\u00e9glementation\u00a0\u00bb, conclut le communiqu\u00e9.<\/p>\n<p>Les soci\u00e9t\u00e9s de production de ciment ont augment\u00e9 ces derniers jours le prix du ciment, \u00e9voquant entre autre les coupures \u00e9lectriques, ce qui a entra\u00een\u00e9 une flamb\u00e9e des prix sur le march\u00e9 ivoirien. \u00a0<\/p>\n<\/div>\n<p>Auteur: APA News<br \/>\n<a href=\"https:\/\/www.journalducameroun.com\/crise-energetique-letat-ivoirien-plafonne-les-prix-du-ciment\/\">Cliquez ici pour lire l&rsquo;article depuis sa source.<\/a><\/p>\n","protected":false},"excerpt":{"rendered":"<p>Publi\u00e9 le 13.05.2021 \u00e0 13h19 par APA News Le minist\u00e8re ivoirien du Commerce et de l\u2019industrie, a dans le cadre de la crise \u00e9nerg\u00e9tique que traverse le pays, fix\u00e9 les prix maxima de la tonne du ciment sur toute l\u2019\u00e9tendue du territoire. Selon un communiqu\u00e9, sign\u00e9 du ministre du Commerce et de l\u2019industrie, Souleymane Diarrassouba, [&hellip;]<\/p>\n","protected":false},"author":1965,"featured_media":0,"comment_status":"closed","ping_status":"closed","sticky":false,"template":"","format":"standard","meta":{"fifu_image_url":"","fifu_image_alt":"","footnotes":""},"categories":[73,82],"tags":[],"class_list":["post-116732","post","type-post","status-publish","format-standard","hentry","category-actualite","category-cameroun"],"_links":{"self":[{"href":"https:\/\/linitiative.ca\/International\/wp-json\/wp\/v2\/posts\/116732","targetHints":{"allow":["GET"]}}],"collection":[{"href":"https:\/\/linitiative.ca\/International\/wp-json\/wp\/v2\/posts"}],"about":[{"href":"https:\/\/linitiative.ca\/International\/wp-json\/wp\/v2\/types\/post"}],"author":[{"embeddable":true,"href":"https:\/\/linitiative.ca\/International\/wp-json\/wp\/v2\/users\/1965"}],"replies":[{"embeddable":true,"href":"https:\/\/linitiative.ca\/International\/wp-json\/wp\/v2\/comments?post=116732"}],"version-history":[{"count":0,"href":"https:\/\/linitiative.ca\/International\/wp-json\/wp\/v2\/posts\/116732\/revisions"}],"wp:attachment":[{"href":"https:\/\/linitiative.ca\/International\/wp-json\/wp\/v2\/media?parent=116732"}],"wp:term":[{"taxonomy":"category","embeddable":true,"href":"https:\/\/linitiative.ca\/International\/wp-json\/wp\/v2\/categories?post=116732"},{"taxonomy":"post_tag","embeddable":true,"href":"https:\/\/linitiative.ca\/International\/wp-json\/wp\/v2\/tags?post=116732"}],"curies":[{"name":"wp","href":"https:\/\/api.w.org\/{rel}","templated":true}]}}