{"id":116733,"date":"2021-05-13T10:18:21","date_gmt":"2021-05-13T14:18:21","guid":{"rendered":"https:\/\/linitiative.ca\/International\/filiere-textile-lartisanat-textile-traditionnel-serait-le-levier-pour-developper-la-filiere-au-cameroun\/"},"modified":"2021-05-13T10:18:21","modified_gmt":"2021-05-13T14:18:21","slug":"filiere-textile-lartisanat-textile-traditionnel-serait-le-levier-pour-developper-la-filiere-au-cameroun","status":"publish","type":"post","link":"https:\/\/linitiative.ca\/International\/filiere-textile-lartisanat-textile-traditionnel-serait-le-levier-pour-developper-la-filiere-au-cameroun\/","title":{"rendered":"Fili\u00e8re textile : l\u2019artisanat textile traditionnel serait le levier pour d\u00e9velopper la fili\u00e8re au Cameroun"},"content":{"rendered":"<p>S\u2019appuyer sur l\u2019artisanat textile traditionnel comme bouton prioritaire pour d\u00e9velopper le secteur textile-habillement au Cameroun, est l\u2019une des recommandations forte de l\u2019\u00e9tude\u00a0\ud835\ude2e\ud835\ude26\ud835\ude2f\u00e9\ud835\ude26\u00a0\ud835\ude26\ud835\ude2f\ud835\ude35\ud835\ude33\ud835\ude26\u00a02019\u00a0\ud835\ude26\ud835\ude35\u00a02020 Gherzi Textil, Renforts Actions+Sarl. C\u2019est pour se faire que le 30 avril dernier, s\u2019est tenu dans la ville d\u2019Ebolowa r\u00e9gion du Sud Cameroun,\u00a0un atelier de \u00a0r\ud835\uddf2\ud835\ude00\ud835\ude01\ud835\uddf6\ud835\ude01\ud835\ude02\ud835\ude01\ud835\uddf6\ud835\uddfc\ud835\uddfb\u00a0de \u00a0son \u00e9\ud835\ude01\ud835\ude02\ud835\uddf1\ud835\uddf2\u00a0men\u00e9e durant la p\u00e9riode susmentionn\u00e9e. Financ\u00e9e par le projet \u00ab Durabilit\u00e9 et valeur ajout\u00e9e dans les cha\u00eenes d\u2019approvisionnement agricoles\u00bb (ProCOTON), l\u2019\u00e9tude avait pour objectif principal d\u2019\u00e9valuer les possibilit\u00e9s de d\u00e9veloppement de l\u2019industrie du textile-habillement camerounais, afin de renforcer les capacit\u00e9s nationales de transformation du coton durable, qui se situait \u00a0en 2019 \u00e0 moins de 10%.<\/p>\n<p><strong>Lire aussi :<\/strong> <strong><a href=\"https:\/\/ecomatin.net\/les-artisans-camerounais-vont-produire-15-millions-de-masques-pour-les-360-communes\/\">Les artisans camerounais vont produire 1,5 millions de masques pour les 360 communes<\/a><\/strong><\/p>\n<p>Laurent Aucouturier de Gherzi Textil et le Dr Constant Lobe du Cabinet Renforts Actions+Sarl, au cours de leurs expos\u00e9s ont \u00a0pr\u00e9sent\u00e9 les obstacles qui entravent le d\u00e9veloppement du secteur textile-habillement au Cameroun. On note dans l\u2019\u00e9ventail des blocus, \u00able manque d\u2019infrastructures modernes et appropri\u00e9es, la faible capacit\u00e9 de production des industries ainsi qu\u2019un faible niveau d\u2019investissement dans le secteur\u00a0\u00bb, rel\u00e8ve les chercheurs.<\/p>\n<p>Dans la m\u00eame lanc\u00e9e les experts donnent aussi des pistes pour d\u00e9velopper cette fili\u00e8re, notamment \u00abs\u2019appuyer sur l\u2019artisanat textile traditionnel comme bouton prioritaire pour d\u00e9velopper le secteur textile-habillement au Cameroun\u00a0\u00bb, indique l\u2019\u00e9tude des \u00a0chercheurs.<\/p>\n<p><strong>Lire aussi :<\/strong> <strong><a href=\"https:\/\/ecomatin.net\/assainissement-du-marche-du-textile-bientot-une-equipe-de-lanor-et-du-mincommerce-sur-le-terrain\/\">Assainissement du march\u00e9 du textile: bient\u00f4t une \u00e9quipe de l\u2019Anor et du Mincommerce sur le terrain<\/a><\/strong><\/p>\n<p>\u00a0A l\u2019issue de l\u2019atelier, les participants ont convenu de la n\u00e9cessit\u00e9 de mettre sur pied un partenariat multi-acteurs (PMA) cr\u00e9dible pour la redynamisation de la chaine de valeur textile-habillement. \u00ab\u00a0Les consultations vont \u00eatre lanc\u00e9es dans les\u00a0 prochains jours \u00e0 l\u2019effet de d\u00e9terminer la forme, le contenu et la composition dudit partenariat\u00a0\u00bb envisage les participants.<\/p>\n<p>Rappelons que cette recommandation des deux cabinets \u00a0s\u2019inscrit en droite ligne de l\u2019ensemble des mesures nationales prises pour booster la production locale. Entre autres mesures, la suspension des importations d\u2019\u00e9crus (tissus non imprim\u00e9s), d\u00e9cid\u00e9 par le Conseil d\u2019administration de la Cotonni\u00e8re industrielle du Cameroun (Cicam) en janvier dernier, l\u2019augmentation des capacit\u00e9s de production du coton, pour lesquels l\u2019on envisage atteindre le cap de 600\u00a0000 d\u2019ici 2025.<\/p>\n<p>Lire aussi : <strong><a href=\"https:\/\/ecomatin.net\/snd30-letat-reservera-60-de-sa-commande-a-la-production-locale\/\">SND30: l\u2019Etat r\u00e9servera 60% de sa commande \u00e0 la production locale<\/a><\/strong><\/p>\n<p>Auteur: Amina MALLOUM<br \/>\n<a href=\"https:\/\/ecomatin.net\/filiere-textile-lartisanatt-textile-traditionnel-serait-le-levier-pour-developper-la-filiere-au-cameroun\/\">Cliquez ici pour lire l&rsquo;article depuis sa source.<\/a><\/p>\n","protected":false},"excerpt":{"rendered":"<p>S\u2019appuyer sur l\u2019artisanat textile traditionnel comme bouton prioritaire pour d\u00e9velopper le secteur textile-habillement au Cameroun, est l\u2019une des recommandations forte de l\u2019\u00e9tude\u00a0\ud835\ude2e\ud835\ude26\ud835\ude2f\u00e9\ud835\ude26\u00a0\ud835\ude26\ud835\ude2f\ud835\ude35\ud835\ude33\ud835\ude26\u00a02019\u00a0\ud835\ude26\ud835\ude35\u00a02020 Gherzi Textil, Renforts Actions+Sarl. C\u2019est pour se faire que le 30 avril dernier, s\u2019est tenu dans la ville d\u2019Ebolowa r\u00e9gion du Sud Cameroun,\u00a0un atelier de \u00a0r\ud835\uddf2\ud835\ude00\ud835\ude01\ud835\uddf6\ud835\ude01\ud835\ude02\ud835\ude01\ud835\uddf6\ud835\uddfc\ud835\uddfb\u00a0de \u00a0son \u00e9\ud835\ude01\ud835\ude02\ud835\uddf1\ud835\uddf2\u00a0men\u00e9e durant la p\u00e9riode susmentionn\u00e9e. Financ\u00e9e [&hellip;]<\/p>\n","protected":false},"author":1969,"featured_media":0,"comment_status":"closed","ping_status":"closed","sticky":false,"template":"","format":"standard","meta":{"fifu_image_url":"","fifu_image_alt":"","footnotes":""},"categories":[82,78],"tags":[],"class_list":["post-116733","post","type-post","status-publish","format-standard","hentry","category-cameroun","category-economie"],"_links":{"self":[{"href":"https:\/\/linitiative.ca\/International\/wp-json\/wp\/v2\/posts\/116733","targetHints":{"allow":["GET"]}}],"collection":[{"href":"https:\/\/linitiative.ca\/International\/wp-json\/wp\/v2\/posts"}],"about":[{"href":"https:\/\/linitiative.ca\/International\/wp-json\/wp\/v2\/types\/post"}],"author":[{"embeddable":true,"href":"https:\/\/linitiative.ca\/International\/wp-json\/wp\/v2\/users\/1969"}],"replies":[{"embeddable":true,"href":"https:\/\/linitiative.ca\/International\/wp-json\/wp\/v2\/comments?post=116733"}],"version-history":[{"count":0,"href":"https:\/\/linitiative.ca\/International\/wp-json\/wp\/v2\/posts\/116733\/revisions"}],"wp:attachment":[{"href":"https:\/\/linitiative.ca\/International\/wp-json\/wp\/v2\/media?parent=116733"}],"wp:term":[{"taxonomy":"category","embeddable":true,"href":"https:\/\/linitiative.ca\/International\/wp-json\/wp\/v2\/categories?post=116733"},{"taxonomy":"post_tag","embeddable":true,"href":"https:\/\/linitiative.ca\/International\/wp-json\/wp\/v2\/tags?post=116733"}],"curies":[{"name":"wp","href":"https:\/\/api.w.org\/{rel}","templated":true}]}}