{"id":116734,"date":"2021-05-13T11:50:24","date_gmt":"2021-05-13T15:50:24","guid":{"rendered":"https:\/\/linitiative.ca\/International\/developpement-local-le-feicom-octroie-14633-milliards-de-f-aux-ctd-du-sud-ouest-en-9-ans\/"},"modified":"2021-05-13T11:50:24","modified_gmt":"2021-05-13T15:50:24","slug":"developpement-local-le-feicom-octroie-14633-milliards-de-f-aux-ctd-du-sud-ouest-en-9-ans","status":"publish","type":"post","link":"https:\/\/linitiative.ca\/International\/developpement-local-le-feicom-octroie-14633-milliards-de-f-aux-ctd-du-sud-ouest-en-9-ans\/","title":{"rendered":"D\u00e9veloppement local: le Feicom octroie 14,633 milliards de F aux CTD du Sud-Ouest en 9 ans"},"content":{"rendered":"<p>Le Fonds d\u2019\u00e9quipements et d\u2019intervention communale (Feicom), vient de se doter d\u2019une nouvelle agence r\u00e9gionale dans la r\u00e9gion du Sud-Ouest. Celle-ci a \u00e9t\u00e9 inaugur\u00e9e le 11 mai 2021, par le ministre de la D\u00e9centralisation et du D\u00e9veloppement local (Minddevel), Georges Elanga Obam, en pr\u00e9sence du Directeur g\u00e9n\u00e9ral du Feicom, Philippe Camille Akoa et des autorit\u00e9s locales.<\/p>\n<p>La nouvelle infrastructure qui s\u2019\u00e9tend sur 5000m<sup>2<\/sup>, dispose de deux \u00e9tages, un hall de r\u00e9ception, une salle d\u2019archives, une salle de r\u00e9union entre autres. Elle a \u00e9t\u00e9 construite \u00e0 hauteur de 42,545 millions de Fcfa, pour une dur\u00e9e des travaux de 16 mois (lanc\u00e9s le 23 avril 2020). Sa r\u00e9alisation a \u00e9t\u00e9 confi\u00e9e Groupement INTEGC\/METRA CONSEIL<strong>,\u00a0<\/strong>en tant qu\u2019entreprise de gestion de projet. Elle a \u00e9t\u00e9 accompagn\u00e9e dans la construction par les entreprises\u00a0ETS NEW SERVICE TJR et GROUPE WAGA INC.<\/p>\n<p><strong>Lire aussi :<\/strong> <strong><a href=\"https:\/\/ecomatin.net\/le-feicom-octroie-4638-millions-pour-la-construction-dinfrastructures-educatives-a-foumban\/\">Le Feicom octroie 463,8 millions pour la construction d\u2019infrastructures \u00e9ducatives \u00e0 Foumban<\/a><\/strong><\/p>\n<p>Cette nouvelle repr\u00e9sentation r\u00e9gionale du Feicom s\u2019inscrit dans le cadre du programme\u00a0\u00a0de construction des agences r\u00e9gionales engag\u00e9 depuis 2013. Ce programme qui b\u00e9n\u00e9ficie \u00e0 ce jour de la construction des agences r\u00e9gionales de l\u2019Ouest, de l\u2019Extr\u00eame-Nord, de l\u2019Est, du Centre entre autres.<\/p>\n<p><strong>14,633 milliards de 2011 \u00e0 2020<\/strong><\/p>\n<p>Promouvoir le d\u00e9veloppement local est l\u2019une des missions assign\u00e9e au Feicom. En neuf ans, le Fonds a apport\u00e9 des concours financiers de l\u2019ordre de\u00a0219,871 milliards de Fcfa aux Collectivit\u00e9s territoriales d\u00e9centralis\u00e9es (CTD). Pour le cas pr\u00e9cis de la r\u00e9gion du Sud-Ouest cette enveloppe se chiffre \u00e0 14,633 milliards de Fcfa, soit 7% du financement total. Cette enveloppe est repartie entre les cinq d\u00e9partements que compte la r\u00e9gion du Sud-Ouest savoir\u00a0: le Ndian\u00a0avec 3\u00a0082 milliards de F; la M\u00e9m\u00e9\u00a03,063 milliards de F; le Lebialem\u00a01, 173 milliard de F; le Koupe-Manengouba 822,991 millions de F et le Fako 4,485 milliards de F.<\/p>\n<p><strong>Lire aussi :<\/strong> <strong><a href=\"https:\/\/ecomatin.net\/developpement-local-le-feicom-accorde-pres-dun-milliard-de-f-a-la-commune-de-foumban\/\">D\u00e9veloppement local : le Feicom accorde pr\u00e8s d\u2019un milliard de F \u00e0 la commune de Foumban<\/a><\/strong><\/p>\n<p>Les financements allou\u00e9s par le Feicom ont alors permis de r\u00e9aliser dans ces communes la construction de salles de classes; la fourniture de table-bancs;\u00a0\u00a0l\u2019assainissement urbain; la fourniture en mat\u00e9riel roulant; la construction d\u2019h\u00f4tels de ville; la construction de complexes h\u00f4teliers; la r\u00e9alisation de microprojets en partenariat avec le Programme national de d\u00e9veloppement participatif (Pndp) entre autres.<\/p>\n<p><strong>Lire aussi :<\/strong> <strong><a href=\"https:\/\/ecomatin.net\/developpement-local-la-4e-edition-du-prixx-national-feicom-est-lancee\/\">D\u00e9veloppement local : la 4e \u00e9dition du Prix national Feicom est lanc\u00e9e<\/a><\/strong><\/p>\n<p>Auteur: Cindy MBALA<br \/>\n<a href=\"https:\/\/ecomatin.net\/developpement-local-le-feicom-octroie-14633-milliardss-de-f-aux-ctd-du-sud-ouest-en-9-ans\/\">Cliquez ici pour lire l&rsquo;article depuis sa source.<\/a><\/p>\n","protected":false},"excerpt":{"rendered":"<p>Le Fonds d\u2019\u00e9quipements et d\u2019intervention communale (Feicom), vient de se doter d\u2019une nouvelle agence r\u00e9gionale dans la r\u00e9gion du Sud-Ouest. Celle-ci a \u00e9t\u00e9 inaugur\u00e9e le 11 mai 2021, par le ministre de la D\u00e9centralisation et du D\u00e9veloppement local (Minddevel), Georges Elanga Obam, en pr\u00e9sence du Directeur g\u00e9n\u00e9ral du Feicom, Philippe Camille Akoa et des autorit\u00e9s [&hellip;]<\/p>\n","protected":false},"author":1969,"featured_media":0,"comment_status":"closed","ping_status":"closed","sticky":false,"template":"","format":"standard","meta":{"fifu_image_url":"","fifu_image_alt":"","footnotes":""},"categories":[82,78],"tags":[],"class_list":["post-116734","post","type-post","status-publish","format-standard","hentry","category-cameroun","category-economie"],"_links":{"self":[{"href":"https:\/\/linitiative.ca\/International\/wp-json\/wp\/v2\/posts\/116734","targetHints":{"allow":["GET"]}}],"collection":[{"href":"https:\/\/linitiative.ca\/International\/wp-json\/wp\/v2\/posts"}],"about":[{"href":"https:\/\/linitiative.ca\/International\/wp-json\/wp\/v2\/types\/post"}],"author":[{"embeddable":true,"href":"https:\/\/linitiative.ca\/International\/wp-json\/wp\/v2\/users\/1969"}],"replies":[{"embeddable":true,"href":"https:\/\/linitiative.ca\/International\/wp-json\/wp\/v2\/comments?post=116734"}],"version-history":[{"count":0,"href":"https:\/\/linitiative.ca\/International\/wp-json\/wp\/v2\/posts\/116734\/revisions"}],"wp:attachment":[{"href":"https:\/\/linitiative.ca\/International\/wp-json\/wp\/v2\/media?parent=116734"}],"wp:term":[{"taxonomy":"category","embeddable":true,"href":"https:\/\/linitiative.ca\/International\/wp-json\/wp\/v2\/categories?post=116734"},{"taxonomy":"post_tag","embeddable":true,"href":"https:\/\/linitiative.ca\/International\/wp-json\/wp\/v2\/tags?post=116734"}],"curies":[{"name":"wp","href":"https:\/\/api.w.org\/{rel}","templated":true}]}}