{"id":116735,"date":"2021-05-14T07:00:57","date_gmt":"2021-05-14T11:00:57","guid":{"rendered":"https:\/\/linitiative.ca\/International\/campagne-de-don-sang-lacademie-royale-militaire-de-meknes-se-mobilise\/"},"modified":"2021-05-14T07:00:57","modified_gmt":"2021-05-14T11:00:57","slug":"campagne-de-don-sang-lacademie-royale-militaire-de-meknes-se-mobilise","status":"publish","type":"post","link":"https:\/\/linitiative.ca\/International\/campagne-de-don-sang-lacademie-royale-militaire-de-meknes-se-mobilise\/","title":{"rendered":"Campagne de don sang  : L\u2019Acad\u00e9mie royale militaire de Mekn\u00e8s se mobilise"},"content":{"rendered":"<figure class=\"post-thumbnail\" itemprop=\"associatedMedia\" itemscope=\"itemscope\" itemtype=\"http:\/\/schema.org\/ImageObject\"><img decoding=\"async\" class=\"post_layout_5_img\" src=\"http:\/\/aujourdhui.ma\/wp-content\/uploads\/2021\/05\/academie-royale.jpg\" alt=\"Campagne de don sang : L\u2019Acad\u00e9mie royale militaire de Mekn\u00e8s se mobilise\"\/><\/figure>\n<p><span class=\"c7\"><strong>Une campagne de don de sang a \u00e9t\u00e9 organis\u00e9e, mardi, \u00e0 l\u2019Acad\u00e9mie royale militaire (ARM) de Mekn\u00e8s, avec une forte mobilisation des officiers et des \u00e9l\u00e8ves officiers des premi\u00e8re, deuxi\u00e8me et troisi\u00e8me ann\u00e9es pour contribuer \u00e0 cette action de grande port\u00e9e humaine.<\/strong><\/span><span id=\"more-376419\"\/><\/p>\n<p>C\u2019est dans un climat de discipline et de mobilisation que les \u00e9l\u00e9ments de l\u2019ARM, dont des officiers et des \u00e9l\u00e8ves officiers, ont pris part \u00e0 cette campagne, initi\u00e9e conform\u00e9ment aux Hautes instructions de SM le Roi Mohammed VI, Chef Supr\u00eame et Chef d\u2019Etat-Major g\u00e9n\u00e9ral des Forces Arm\u00e9es Royales (FAR).<br \/>Cette campagne a pour but de pallier au manque flagrant en cette mati\u00e8re vitale, dans une conjoncture exceptionnelle marqu\u00e9e par la crise sanitaire li\u00e9e \u00e0 la Covid-19 et le mois b\u00e9ni de Ramadan. Ces deux facteurs ont contribu\u00e9 \u00e0 la r\u00e9duction du nombre des donneurs de sang, ce qui s\u2019est r\u00e9percut\u00e9 n\u00e9gativement sur les stocks au Centre r\u00e9gional de transfusion sanguine (CRTS). Dans une d\u00e9claration \u00e0 la MAP, Ichraq Achour, m\u00e9decin lieutenant \u00e0 l\u2019ARM, a indiqu\u00e9 que sur Hautes instructions de SM le Roi Mohammed VI, Chef Supr\u00eame et Chef d\u2019Etat-Major g\u00e9n\u00e9ral des Forces Arm\u00e9es Royales (FAR), les membres de l\u2019ARM de Mekn\u00e8s, officiers et \u00e9l\u00e8ves officiers, font don de leur sang au profit du Centre national de transfusion sanguine.<\/p>\n<p>L\u2019objectif de cette campagne est de renflouer le stock national et aider les unit\u00e9s m\u00e9dicales \u00e0 r\u00e9pondre aux besoins en cette mati\u00e8re vitale, a-t-elle soulign\u00e9, ajoutant que l\u2019ARM de Mekn\u00e8s veille au respect strict des mesures pr\u00e9ventives contre la Covid-19 pour que cette action se d\u00e9roule dans de bonnes conditions. De son c\u00f4t\u00e9, le directeur du CRTS de F\u00e8s, Abderrahim Benyazghi, a indiqu\u00e9 que les membres de l\u2019Acad\u00e9mie royale militaire ont tenu \u00e0 participer \u00e0 cette campagne nationale de don de sang sur Hautes instructions de SM le Roi Mohammed VI en cette conjoncture difficile marqu\u00e9e par la baisse du stock en raison de la pand\u00e9mie de la Covid-19 et le mois de Ramadan, au cours duquel le nombre des donneurs de sang sont moins nombreux que d\u2019habitude.<\/p>\n<p>Les quantit\u00e9s de sang collect\u00e9es devraient contribuer \u00e0 renflouer le stock en cette mati\u00e8re vitale et r\u00e9pondre aux besoins des patients en sang, a-t-il assur\u00e9.<br \/>L\u2019op\u00e9ration s\u2019est d\u00e9roul\u00e9e dans de bonnes conditions et dans le respect des mesures de pr\u00e9vention requises en ces temps de la Covid-19.<\/p>\n<p>Auteur: ALM<br \/>\n<a href=\"https:\/\/aujourdhui.ma\/societe\/campagne-de-don-sang-lacademie-royale-militaire-de-meknes-se-mobilise\">Cliquez ici pour lire l&rsquo;article depuis sa source.<\/a><\/p>\n","protected":false},"excerpt":{"rendered":"<p>Une campagne de don de sang a \u00e9t\u00e9 organis\u00e9e, mardi, \u00e0 l\u2019Acad\u00e9mie royale militaire (ARM) de Mekn\u00e8s, avec une forte mobilisation des officiers et des \u00e9l\u00e8ves officiers des premi\u00e8re, deuxi\u00e8me et troisi\u00e8me ann\u00e9es pour contribuer \u00e0 cette action de grande port\u00e9e humaine. C\u2019est dans un climat de discipline et de mobilisation que les \u00e9l\u00e9ments de [&hellip;]<\/p>\n","protected":false},"author":1759,"featured_media":0,"comment_status":"closed","ping_status":"closed","sticky":false,"template":"","format":"standard","meta":{"fifu_image_url":"http:\/\/aujourdhui.ma\/wp-content\/uploads\/2021\/05\/academie-royale.jpg","fifu_image_alt":"Campagne de don sang  : L\u2019Acad\u00e9mie royale militaire de Mekn\u00e8s se mobilise","footnotes":""},"categories":[73,54],"tags":[],"class_list":["post-116735","post","type-post","status-publish","format-standard","hentry","category-actualite","category-maroc"],"_links":{"self":[{"href":"https:\/\/linitiative.ca\/International\/wp-json\/wp\/v2\/posts\/116735","targetHints":{"allow":["GET"]}}],"collection":[{"href":"https:\/\/linitiative.ca\/International\/wp-json\/wp\/v2\/posts"}],"about":[{"href":"https:\/\/linitiative.ca\/International\/wp-json\/wp\/v2\/types\/post"}],"author":[{"embeddable":true,"href":"https:\/\/linitiative.ca\/International\/wp-json\/wp\/v2\/users\/1759"}],"replies":[{"embeddable":true,"href":"https:\/\/linitiative.ca\/International\/wp-json\/wp\/v2\/comments?post=116735"}],"version-history":[{"count":0,"href":"https:\/\/linitiative.ca\/International\/wp-json\/wp\/v2\/posts\/116735\/revisions"}],"wp:attachment":[{"href":"https:\/\/linitiative.ca\/International\/wp-json\/wp\/v2\/media?parent=116735"}],"wp:term":[{"taxonomy":"category","embeddable":true,"href":"https:\/\/linitiative.ca\/International\/wp-json\/wp\/v2\/categories?post=116735"},{"taxonomy":"post_tag","embeddable":true,"href":"https:\/\/linitiative.ca\/International\/wp-json\/wp\/v2\/tags?post=116735"}],"curies":[{"name":"wp","href":"https:\/\/api.w.org\/{rel}","templated":true}]}}