{"id":116736,"date":"2021-05-14T07:49:44","date_gmt":"2021-05-14T11:49:44","guid":{"rendered":"https:\/\/linitiative.ca\/International\/technopark-et-le-cluster-solaire-promeuvent-lentrepreneuriat\/"},"modified":"2021-05-14T07:49:44","modified_gmt":"2021-05-14T11:49:44","slug":"technopark-et-le-cluster-solaire-promeuvent-lentrepreneuriat","status":"publish","type":"post","link":"https:\/\/linitiative.ca\/International\/technopark-et-le-cluster-solaire-promeuvent-lentrepreneuriat\/","title":{"rendered":"Technopark et le Cluster Solaire promeuvent l\u2019entrepreneuriat"},"content":{"rendered":"<header>\n<\/header>\n<div class=\"entry-content clearfix\" readability=\"51\">\n<figure class=\"post-thumbnail\" itemprop=\"associatedMedia\" itemscope=\"itemscope\" itemtype=\"http:\/\/schema.org\/ImageObject\"><img decoding=\"async\" class=\"post_layout_5_img\" src=\"http:\/\/aujourdhui.ma\/wp-content\/uploads\/2021\/05\/20210514_114459-e1620993469346.jpg\" alt=\"Technopark et le Cluster Solaire promeuvent l\u2019entrepreneuriat\"\/><\/figure>\n<p><span class=\"c7\"><strong>L\u2019entrepreneuriat vert dans le viseur de Moroccan information Technoprak Compagny (MITC).<\/strong><span id=\"more-376428\"\/><\/span><\/p>\n<p>Le gestionnaire de Technopark a conclu r\u00e9cemment un accord de coop\u00e9ration avec le Cluster solaire pour d\u00e9velopper ce cr\u00e9neau. Le but \u00e9tant de renforcer l\u2019engagement de ces structures en faveur du d\u00e9veloppement d\u2019une \u00e9conomie verte r\u00e9siliente et durable et ce, en offrant aux jeunes entreprises vertes un cadre de travail, les outils et le soutien n\u00e9cessaire au d\u00e9veloppement de leurs projets et \u00e0 la r\u00e9alisation de leurs objectifs. Au titre de ce partenariat, les deux parties s\u2019engagent \u00e0 renforcer leur synergie \u00e0 travers l\u2019organisation de conf\u00e9rences, workshops et s\u00e9minaires autour de la GreenTech ainsi qu\u2019\u00e0 travers l\u2019accompagnement des startups Green sur toute la cha\u00eene de valeur.<\/p>\n<p>Le Cluster solaire mettra, donc, diff\u00e9rents services \u00e0 la disposition des entreprises du MITC op\u00e9rant dans le secteur, notamment des formations, du coaching, l\u2019assistance technique pour le prototypage et l\u2019industrialisation, la mise en relation et le financement.<\/p>\n<p><a href=\"https:http:\/\/aujourdhui.ma\/wp-content\/uploads\/2021\/05\/Technopark-et-le-Cluster-Solaire-partenariat.jpg\"><img decoding=\"async\" loading=\"lazy\" class=\"size-full wp-image-376431 aligncenter\" src=\"http:\/\/aujourdhui.ma\/wp-content\/uploads\/2021\/05\/Technopark-et-le-Cluster-Solaire-partenariat.jpg\" alt=\"\" width=\"746\" height=\"380\" srcset=\"http:\/\/aujourdhui.ma\/wp-content\/uploads\/2021\/05\/Technopark-et-le-Cluster-Solaire-partenariat.jpg 746w, \/\/aujourdhui.ma\/wp-content\/uploads\/2021\/05\/Technopark-et-le-Cluster-Solaire-partenariat-300x153.jpg 300w, \/\/aujourdhui.ma\/wp-content\/uploads\/2021\/05\/Technopark-et-le-Cluster-Solaire-partenariat-274x140.jpg 274w, \/\/aujourdhui.ma\/wp-content\/uploads\/2021\/05\/Technopark-et-le-Cluster-Solaire-partenariat-165x84.jpg 165w, \/\/aujourdhui.ma\/wp-content\/uploads\/2021\/05\/Technopark-et-le-Cluster-Solaire-partenariat-702x358.jpg 702w\" sizes=\"auto, (max-width: 746px) 100vw, 746px\"\/><\/a><\/p>\n<\/div>\n<p>Auteur: ALM<br \/>\n<a href=\"https:\/\/aujourdhui.ma\/actualite\/technopark-et-le-cluster-solaire-promeuvent-lentrepreneuriat\">Cliquez ici pour lire l&rsquo;article depuis sa source.<\/a><\/p>\n","protected":false},"excerpt":{"rendered":"<p>L\u2019entrepreneuriat vert dans le viseur de Moroccan information Technoprak Compagny (MITC). Le gestionnaire de Technopark a conclu r\u00e9cemment un accord de coop\u00e9ration avec le Cluster solaire pour d\u00e9velopper ce cr\u00e9neau. Le but \u00e9tant de renforcer l\u2019engagement de ces structures en faveur du d\u00e9veloppement d\u2019une \u00e9conomie verte r\u00e9siliente et durable et ce, en offrant aux jeunes [&hellip;]<\/p>\n","protected":false},"author":1759,"featured_media":0,"comment_status":"closed","ping_status":"closed","sticky":false,"template":"","format":"standard","meta":{"fifu_image_url":"http:\/\/aujourdhui.ma\/wp-content\/uploads\/2021\/05\/20210514_114459-e1620993469346.jpg","fifu_image_alt":"Technopark et le Cluster Solaire promeuvent l\u2019entrepreneuriat","footnotes":""},"categories":[73,54],"tags":[],"class_list":["post-116736","post","type-post","status-publish","format-standard","hentry","category-actualite","category-maroc"],"_links":{"self":[{"href":"https:\/\/linitiative.ca\/International\/wp-json\/wp\/v2\/posts\/116736","targetHints":{"allow":["GET"]}}],"collection":[{"href":"https:\/\/linitiative.ca\/International\/wp-json\/wp\/v2\/posts"}],"about":[{"href":"https:\/\/linitiative.ca\/International\/wp-json\/wp\/v2\/types\/post"}],"author":[{"embeddable":true,"href":"https:\/\/linitiative.ca\/International\/wp-json\/wp\/v2\/users\/1759"}],"replies":[{"embeddable":true,"href":"https:\/\/linitiative.ca\/International\/wp-json\/wp\/v2\/comments?post=116736"}],"version-history":[{"count":0,"href":"https:\/\/linitiative.ca\/International\/wp-json\/wp\/v2\/posts\/116736\/revisions"}],"wp:attachment":[{"href":"https:\/\/linitiative.ca\/International\/wp-json\/wp\/v2\/media?parent=116736"}],"wp:term":[{"taxonomy":"category","embeddable":true,"href":"https:\/\/linitiative.ca\/International\/wp-json\/wp\/v2\/categories?post=116736"},{"taxonomy":"post_tag","embeddable":true,"href":"https:\/\/linitiative.ca\/International\/wp-json\/wp\/v2\/tags?post=116736"}],"curies":[{"name":"wp","href":"https:\/\/api.w.org\/{rel}","templated":true}]}}