{"id":116737,"date":"2021-05-14T08:00:06","date_gmt":"2021-05-14T12:00:06","guid":{"rendered":"https:\/\/linitiative.ca\/International\/sebt-ouled-nemma-un-trafiquant-de-drogue-implique-dans-une-affaire-de-meurtre-mis-sous-les-verrous\/"},"modified":"2021-05-14T08:00:06","modified_gmt":"2021-05-14T12:00:06","slug":"sebt-ouled-nemma-un-trafiquant-de-drogue-implique-dans-une-affaire-de-meurtre-mis-sous-les-verrous","status":"publish","type":"post","link":"https:\/\/linitiative.ca\/International\/sebt-ouled-nemma-un-trafiquant-de-drogue-implique-dans-une-affaire-de-meurtre-mis-sous-les-verrous\/","title":{"rendered":"Sebt Ouled Nemma : Un  trafiquant de drogue impliqu\u00e9 dans une affaire de meurtre mis sous les verrous"},"content":{"rendered":"<header>\n<\/header>\n<div class=\"entry-content clearfix\" readability=\"52\">\n<figure class=\"post-thumbnail\" itemprop=\"associatedMedia\" itemscope=\"itemscope\" itemtype=\"http:\/\/schema.org\/ImageObject\"><img decoding=\"async\" class=\"post_layout_5_img\" src=\"http:\/\/aujourdhui.ma\/wp-content\/uploads\/2020\/02\/Arrestation.jpg\" alt=\"Sebt Ouled Nemma : Un trafiquant de drogue impliqu\u00e9 dans une affaire de meurtre mis sous les verrous\"\/><\/figure>\n<p><span class=\"c7\"><strong>Apr\u00e8s plus d\u2019un mois de cavale, le meurtrier d\u2019un jeune vingtenaire, \u00e0 Sebt Ouled Nemma relevant de la province de Fkih Ben Saleh, vient d\u2019\u00eatre arr\u00eat\u00e9 par les \u00e9l\u00e9ments de la gendarmerie royale de la r\u00e9gion.<\/strong><\/span><span id=\"more-376413\"\/><\/p>\n<p>Il s\u2019agit d\u2019un trafiquant de drogue dure, repris de justice, originaire du douar Rouajeh relevant de la commune rurale Ouled Bourahmoune, \u00e0 la m\u00eame province, qui faisait l\u2019objet d\u2019une quarantaine de notes de recherche \u00e0 l\u2019\u00e9chelle nationale.<br \/>A propos de cette affaire, l\u2019enqu\u00eate a commenc\u00e9 \u00e0 la fin du mois de mars dernier, apr\u00e8s la d\u00e9couverte du cadavre de ce vingtenaire dans un canal d\u2019irrigation. En rep\u00eachant le cadavre, les enqu\u00eateurs ont remarqu\u00e9 une grave blessure au niveau de la t\u00eate pour qu\u2019ils concluent qu\u2019il s\u2019agirait d\u2019un meurtre suivi de jet du cadavre dans un canal d\u2019irrigation afin de le masquer en noyade. Seulement, le crime a \u00e9t\u00e9 r\u00e9solu en identifiant le meurtrier qui a manifest\u00e9 une r\u00e9sistance farouche lors de son arrestation. Sur lui, les limiers ont saisi une quantit\u00e9 de coca\u00efne, une petite balance et une importante somme d\u2019argent.<\/p>\n<\/div>\n<p>Auteur: Abderrafii ALOUMLIKI<br \/>\n<a href=\"https:\/\/aujourdhui.ma\/faits-divers\/sebt-ouled-nemma-un-trafiquant-de-drogue-implique-dans-une-affaire-de-meurtre-mis-sous-les-verrous\">Cliquez ici pour lire l&rsquo;article depuis sa source.<\/a><\/p>\n","protected":false},"excerpt":{"rendered":"<p>Apr\u00e8s plus d\u2019un mois de cavale, le meurtrier d\u2019un jeune vingtenaire, \u00e0 Sebt Ouled Nemma relevant de la province de Fkih Ben Saleh, vient d\u2019\u00eatre arr\u00eat\u00e9 par les \u00e9l\u00e9ments de la gendarmerie royale de la r\u00e9gion. Il s\u2019agit d\u2019un trafiquant de drogue dure, repris de justice, originaire du douar Rouajeh relevant de la commune rurale [&hellip;]<\/p>\n","protected":false},"author":1759,"featured_media":0,"comment_status":"closed","ping_status":"closed","sticky":false,"template":"","format":"standard","meta":{"fifu_image_url":"http:\/\/aujourdhui.ma\/wp-content\/uploads\/2020\/02\/Arrestation.jpg","fifu_image_alt":"Sebt Ouled Nemma : Un  trafiquant de drogue impliqu\u00e9 dans une affaire de meurtre mis sous les verrous","footnotes":""},"categories":[73,54],"tags":[],"class_list":["post-116737","post","type-post","status-publish","format-standard","hentry","category-actualite","category-maroc"],"_links":{"self":[{"href":"https:\/\/linitiative.ca\/International\/wp-json\/wp\/v2\/posts\/116737","targetHints":{"allow":["GET"]}}],"collection":[{"href":"https:\/\/linitiative.ca\/International\/wp-json\/wp\/v2\/posts"}],"about":[{"href":"https:\/\/linitiative.ca\/International\/wp-json\/wp\/v2\/types\/post"}],"author":[{"embeddable":true,"href":"https:\/\/linitiative.ca\/International\/wp-json\/wp\/v2\/users\/1759"}],"replies":[{"embeddable":true,"href":"https:\/\/linitiative.ca\/International\/wp-json\/wp\/v2\/comments?post=116737"}],"version-history":[{"count":0,"href":"https:\/\/linitiative.ca\/International\/wp-json\/wp\/v2\/posts\/116737\/revisions"}],"wp:attachment":[{"href":"https:\/\/linitiative.ca\/International\/wp-json\/wp\/v2\/media?parent=116737"}],"wp:term":[{"taxonomy":"category","embeddable":true,"href":"https:\/\/linitiative.ca\/International\/wp-json\/wp\/v2\/categories?post=116737"},{"taxonomy":"post_tag","embeddable":true,"href":"https:\/\/linitiative.ca\/International\/wp-json\/wp\/v2\/tags?post=116737"}],"curies":[{"name":"wp","href":"https:\/\/api.w.org\/{rel}","templated":true}]}}