{"id":116738,"date":"2021-05-14T08:23:39","date_gmt":"2021-05-14T12:23:39","guid":{"rendered":"https:\/\/linitiative.ca\/International\/usurpation-de-lidentite-visuelle-du-parlement-europeen-les-eurodeputes-sattaquent-aux-manoeuvres-du-polisario\/"},"modified":"2021-05-14T08:23:39","modified_gmt":"2021-05-14T12:23:39","slug":"usurpation-de-lidentite-visuelle-du-parlement-europeen-les-eurodeputes-sattaquent-aux-manoeuvres-du-polisario","status":"publish","type":"post","link":"https:\/\/linitiative.ca\/International\/usurpation-de-lidentite-visuelle-du-parlement-europeen-les-eurodeputes-sattaquent-aux-manoeuvres-du-polisario\/","title":{"rendered":"Usurpation de l\u2019identit\u00e9 visuelle du parlement europ\u00e9en\u00a0: Les eurod\u00e9put\u00e9s s\u2019attaquent aux manoeuvres du Polisario"},"content":{"rendered":"<figure class=\"post-thumbnail\" itemprop=\"associatedMedia\" itemscope=\"itemscope\" itemtype=\"http:\/\/schema.org\/ImageObject\"><img decoding=\"async\" class=\"post_layout_5_img\" src=\"http:\/\/aujourdhui.ma\/wp-content\/uploads\/2016\/10\/Parlement-europeen.jpg\" alt=\"Usurpation de l\u2019identit\u00e9 visuelle du parlement europ\u00e9en\u00a0: Les eurod\u00e9put\u00e9s s\u2019attaquent aux manoeuvres du Polisario\"\/><\/figure>\n<p><span class=\"c7\"><strong>Un groupe d\u2019eurod\u00e9put\u00e9s a lanc\u00e9 une proc\u00e9dure formelle d\u2019examen et d\u2019intervention contre les pratiques ill\u00e9gales d\u2019usurpation de titres, de qualit\u00e9s, de logos et de l\u2019identit\u00e9 visuelle du Parlement europ\u00e9en, men\u00e9es par le polisario et l\u2019Alg\u00e9rie dans le cadre de leur lobbying toxique destin\u00e9 \u00e0 tromper l\u2019opinion publique europ\u00e9enne et \u00e0 faire croire \u00e0 un quelconque soutien de la part de l\u2019Union Europ\u00e9enne aux th\u00e8ses s\u00e9paratistes.<\/strong><\/span><span id=\"more-376436\"\/><\/p>\n<p>Apr\u00e8s la saisine de la pr\u00e9sidence du Parlement europ\u00e9en par l\u2019eurod\u00e9put\u00e9e belge Fr\u00e9d\u00e9rique Ries, suite \u00e0 la publication par l\u2019appareil de propagande du polisario et de l\u2019Alg\u00e9rie d\u2019une annonce d\u2019un webinaire sur les r\u00e9seaux sociaux estampill\u00e9e d\u2019un faux logo du Parlement europ\u00e9en, c\u2019est tout un groupe d\u2019europarlementaires qui s\u2019est insurg\u00e9 contre ces pratiques ill\u00e9gales.<\/p>\n<p>Ces eurod\u00e9put\u00e9s, appartenant \u00e0 diff\u00e9rents groupes politiques, ont adress\u00e9 une lettre solennelle au Pr\u00e9sident de l\u2019instance parlementaire europ\u00e9enne David Sassoli afin de mettre un terme \u00e0 ces man\u0153uvres visant \u00e0 instrumentaliser le logo du Parlement europ\u00e9en \u00e0 des fins de propagande s\u00e9paratistes.<br \/>Dans cette lettre, les eurod\u00e9put\u00e9s \u00e9rigent une objection ferme \u00e0 l\u2019activisme hostile et aux pratiques de certains de leurs coll\u00e8gues instrumentalis\u00e9s par l\u2019Alg\u00e9rie et le polisario dans le cadre d\u2019un groupe informel soutenant les th\u00e8ses s\u00e9paratistes dit \u00abintergroupe Sahara occidental\u00bb.<br \/>Ils appellent le pr\u00e9sident du Parlement europ\u00e9en \u00e0 d\u00e9noncer les infractions aux proc\u00e9dures internes commises par ledit intergroupe, qui consistent notamment en l\u2019utilisation du logo du Parlement europ\u00e9en dans leur mat\u00e9riel de communication, \u00abce qui constitue une nuisance aux relations avec un pays partenaire\u00bb, en l\u2019occurrence, le Maroc.<br \/>En effet, selon la r\u00e9glementation r\u00e9gissant la constitution des intergroupes, ces derniers \u00abne sont pas des organes du Parlement europ\u00e9en et ne peuvent donc pas exprimer le point de vue de celui-ci\u00bb.<br \/>Ils ne peuvent pas non plus utiliser \u00able nom ou le logo du Parlement europ\u00e9en, ni le nom ou le logo des groupes politiques qui les composent, ni des d\u00e9nominations qui pourraient pr\u00eater \u00e0 confusion avec des organes officiels du Parlement europ\u00e9en, comme les commissions parlementaires, les d\u00e9l\u00e9gations interparlementaires et les commissions parlementaires mixtes\u00bb.<br \/>Ces intergroupes, ajoute la r\u00e9glementation, \u00abne peuvent mener des activit\u00e9s pouvant pr\u00eater \u00e0 confusion avec les activit\u00e9s officielles du Parlement et de ses organes ou susceptibles d\u2019affecter les relations avec les autres institutions de l\u2019Union ou les relations avec les pays tiers\u00bb.<br \/>Dans leur lettre, les d\u00e9put\u00e9s europ\u00e9ens s\u2019\u00e9l\u00e8vent contre la man\u0153uvre de cet intergroupe qui associe, dans ses tracts de propagande polisarienne, le logo du Parlement europ\u00e9en \u00e0 une carte contest\u00e9e de ce qu\u2019il appelle \u00able Sahara occidental\u00bb sur laquelle apparait le soi-disant \u00abdrapeau\u00bb de la fantomatique \u00abrasd\u00bb autoproclam\u00e9e \u00abqui n\u2019est reconnue ni par les \u00c9tats membres de l\u2019UE, ni par les Nations Unies\u00bb.<br \/>Pour les signataires de cette missive, \u00abla confusion sem\u00e9e, une fois de plus par cet intergroupe avec les activit\u00e9s officielles du Parlement europ\u00e9en, laisse penser qu\u2019elle refl\u00e8te la position de ce dernier\u00bb, notant que cet activisme nuisible \u00abattise les tensions, dessert le processus de r\u00e8glement en cours sous l\u2019\u00e9gide de l\u2019ONU et porte atteinte \u00e0 l\u2019image du Parlement europ\u00e9en\u00bb.<br \/>\u00abCet activisme pourrait gravement nuire aux relations de l\u2019Union europ\u00e9enne avec son partenaire reconnu et important qu\u2019est le Maroc\u00bb, estiment-ils, appelant le pr\u00e9sident du Parlement europ\u00e9en \u00e0 prendre les mesures qui s\u2019imposent pour garantir le respect des r\u00e8gles et l\u2019int\u00e9grit\u00e9 de l\u2019institution parlementaire europ\u00e9enne.<\/p>\n<p>Auteur: ALM<br \/>\n<a href=\"https:\/\/aujourdhui.ma\/politique\/usurpation-de-lidentite-visuelle-du-parlement-europeen-les-eurodeputes-sattaquent-aux-manoeuvres-du-polisario\">Cliquez ici pour lire l&rsquo;article depuis sa source.<\/a><\/p>\n","protected":false},"excerpt":{"rendered":"<p>Un groupe d\u2019eurod\u00e9put\u00e9s a lanc\u00e9 une proc\u00e9dure formelle d\u2019examen et d\u2019intervention contre les pratiques ill\u00e9gales d\u2019usurpation de titres, de qualit\u00e9s, de logos et de l\u2019identit\u00e9 visuelle du Parlement europ\u00e9en, men\u00e9es par le polisario et l\u2019Alg\u00e9rie dans le cadre de leur lobbying toxique destin\u00e9 \u00e0 tromper l\u2019opinion publique europ\u00e9enne et \u00e0 faire croire \u00e0 un quelconque [&hellip;]<\/p>\n","protected":false},"author":1759,"featured_media":0,"comment_status":"closed","ping_status":"closed","sticky":false,"template":"","format":"standard","meta":{"fifu_image_url":"http:\/\/aujourdhui.ma\/wp-content\/uploads\/2016\/10\/Parlement-europeen.jpg","fifu_image_alt":"Usurpation de l\u2019identit\u00e9 visuelle du parlement europ\u00e9en\u00a0: Les eurod\u00e9put\u00e9s s\u2019attaquent aux manoeuvres du Polisario","footnotes":""},"categories":[73,54],"tags":[],"class_list":["post-116738","post","type-post","status-publish","format-standard","hentry","category-actualite","category-maroc"],"_links":{"self":[{"href":"https:\/\/linitiative.ca\/International\/wp-json\/wp\/v2\/posts\/116738","targetHints":{"allow":["GET"]}}],"collection":[{"href":"https:\/\/linitiative.ca\/International\/wp-json\/wp\/v2\/posts"}],"about":[{"href":"https:\/\/linitiative.ca\/International\/wp-json\/wp\/v2\/types\/post"}],"author":[{"embeddable":true,"href":"https:\/\/linitiative.ca\/International\/wp-json\/wp\/v2\/users\/1759"}],"replies":[{"embeddable":true,"href":"https:\/\/linitiative.ca\/International\/wp-json\/wp\/v2\/comments?post=116738"}],"version-history":[{"count":0,"href":"https:\/\/linitiative.ca\/International\/wp-json\/wp\/v2\/posts\/116738\/revisions"}],"wp:attachment":[{"href":"https:\/\/linitiative.ca\/International\/wp-json\/wp\/v2\/media?parent=116738"}],"wp:term":[{"taxonomy":"category","embeddable":true,"href":"https:\/\/linitiative.ca\/International\/wp-json\/wp\/v2\/categories?post=116738"},{"taxonomy":"post_tag","embeddable":true,"href":"https:\/\/linitiative.ca\/International\/wp-json\/wp\/v2\/tags?post=116738"}],"curies":[{"name":"wp","href":"https:\/\/api.w.org\/{rel}","templated":true}]}}