{"id":116740,"date":"2021-05-14T11:56:36","date_gmt":"2021-05-14T15:56:36","guid":{"rendered":"https:\/\/linitiative.ca\/International\/reserve-de-jbilat-role-indeniable-dans-la-protection-des-gazelles-dorcas\/"},"modified":"2021-05-14T11:56:36","modified_gmt":"2021-05-14T15:56:36","slug":"reserve-de-jbilat-role-indeniable-dans-la-protection-des-gazelles-dorcas","status":"publish","type":"post","link":"https:\/\/linitiative.ca\/International\/reserve-de-jbilat-role-indeniable-dans-la-protection-des-gazelles-dorcas\/","title":{"rendered":"R\u00e9serve de Jbilat, r\u00f4le ind\u00e9niable dans la protection des Gazelles Dorcas"},"content":{"rendered":"<p><iframe loading=\"lazy\" width=\"1170\" height=\"658\" src=\"https:\/\/www.youtube.com\/embed\/WVbV43gRJdI?feature=oembed\" frameborder=\"0\" allow=\"accelerometer; autoplay; clipboard-write; encrypted-media; gyroscope; picture-in-picture\" allowfullscreen=\"allowfullscreen\">[embedded content]<\/iframe><\/p>\n<div class=\"single-post-excerpt post-excerpt-bc\" readability=\"39\">\n<p>Situ\u00e9e \u00e0 une vingtaine de minutes seulement de Marrakech, aux abords de la route nationale n\u00b09 reliant Marrakech et Casablanca, au niveau de la commune de Sidi Bouothmane (province de Rehamna), la r\u00e9serve de Jbilat, se veut un espace naturel et \u00e9cologique si singulier et hautement favorable \u00e0 la protection et \u00e0 la conservation des Gazelles Dorcas.<\/p>\n<\/div>\n<p>Auteur: Meriem IGASS<br \/>\n<a href=\"http:\/\/www.mapmarrakech.ma\/fr\/reserve-de-jbilat-role-indeniable-dans-la-protection-des-gazelles-dorcas\/\">Cliquez ici pour lire l&rsquo;article depuis sa source.<\/a><\/p>\n","protected":false},"excerpt":{"rendered":"<p>[embedded content] Situ\u00e9e \u00e0 une vingtaine de minutes seulement de Marrakech, aux abords de la route nationale n\u00b09 reliant Marrakech et Casablanca, au niveau de la commune de Sidi Bouothmane (province de Rehamna), la r\u00e9serve de Jbilat, se veut un espace naturel et \u00e9cologique si singulier et hautement favorable \u00e0 la protection et \u00e0 la [&hellip;]<\/p>\n","protected":false},"author":1788,"featured_media":0,"comment_status":"closed","ping_status":"closed","sticky":false,"template":"","format":"standard","meta":{"fifu_image_url":"","fifu_image_alt":"","footnotes":""},"categories":[54,76],"tags":[],"class_list":["post-116740","post","type-post","status-publish","format-standard","hentry","category-maroc","category-regions"],"_links":{"self":[{"href":"https:\/\/linitiative.ca\/International\/wp-json\/wp\/v2\/posts\/116740","targetHints":{"allow":["GET"]}}],"collection":[{"href":"https:\/\/linitiative.ca\/International\/wp-json\/wp\/v2\/posts"}],"about":[{"href":"https:\/\/linitiative.ca\/International\/wp-json\/wp\/v2\/types\/post"}],"author":[{"embeddable":true,"href":"https:\/\/linitiative.ca\/International\/wp-json\/wp\/v2\/users\/1788"}],"replies":[{"embeddable":true,"href":"https:\/\/linitiative.ca\/International\/wp-json\/wp\/v2\/comments?post=116740"}],"version-history":[{"count":0,"href":"https:\/\/linitiative.ca\/International\/wp-json\/wp\/v2\/posts\/116740\/revisions"}],"wp:attachment":[{"href":"https:\/\/linitiative.ca\/International\/wp-json\/wp\/v2\/media?parent=116740"}],"wp:term":[{"taxonomy":"category","embeddable":true,"href":"https:\/\/linitiative.ca\/International\/wp-json\/wp\/v2\/categories?post=116740"},{"taxonomy":"post_tag","embeddable":true,"href":"https:\/\/linitiative.ca\/International\/wp-json\/wp\/v2\/tags?post=116740"}],"curies":[{"name":"wp","href":"https:\/\/api.w.org\/{rel}","templated":true}]}}