{"id":116742,"date":"2021-05-14T05:54:22","date_gmt":"2021-05-14T09:54:22","guid":{"rendered":"https:\/\/linitiative.ca\/International\/le-salon-international-du-tourisme-de-madrid-en-presentiel\/"},"modified":"2021-05-14T05:54:22","modified_gmt":"2021-05-14T09:54:22","slug":"le-salon-international-du-tourisme-de-madrid-en-presentiel","status":"publish","type":"post","link":"https:\/\/linitiative.ca\/International\/le-salon-international-du-tourisme-de-madrid-en-presentiel\/","title":{"rendered":"Le Salon international du tourisme de Madrid en pr\u00e9sentiel"},"content":{"rendered":"<p class=\"rtejustify\">Le Salon international du tourisme de Madrid (Fitur), l&rsquo;un des \u00e9v\u00e8nements touristiques les plus importants au monde, se tiendra du 19 au 23 mai en pr\u00e9sentiel, ont annonc\u00e9 les organisateurs.<\/p>\n<p class=\"rtejustify\">Il s&rsquo;agira du \u00ab\u00a0premier salon pr\u00e9sentiel\u00a0\u00bb pour le secteur touristique mondial depuis le d\u00e9but de la pand\u00e9mie de Covid-19, ont pr\u00e9cis\u00e9, jeudi, les organisateurs qui pr\u00e9voient l\u2019accueil de 100.000 personnes venant de 60 pays. \u00ab\u00a0Le monde entier nous regarde, car en d\u00e9pit de tous les pronostics, nous avons fait le pari de c\u00e9l\u00e9brer cet \u00e9v\u00e8nement de mani\u00e8re pr\u00e9sentielle\u00a0\u00bb, a soulign\u00e9 le pr\u00e9sident du comit\u00e9 ex\u00e9cutif du parc des expositions Ifema \u00e0 Madrid qui abritera le Salon, Jos\u00e9 Vicente de Los Mozos.<\/p>\n<p class=\"rtejustify\">L&rsquo;objectif est d'\u00a0\u00bbencourager la reprise\u00a0\u00bb du tourisme qui repr\u00e9sente 12% du Produit int\u00e9rieur brut de l\u2019Espagne, a ajout\u00e9 M. De Los Mozos, mettant l\u2019accent sur l\u2019importance de ce secteur dans le tissu \u00e9conomique du pays ib\u00e9rique. \u00ab\u00a0Les pr\u00e9visions de participation tournent autour de 50.000 professionnels nationaux et internationaux, du mercredi au vendredi, tandis que 50.000 autres personnes sont attendues lors de l&rsquo;ouverture au public le week-end\u00a0\u00bb, ont indiqu\u00e9 Ifema et Fitur dans un communiqu\u00e9 publi\u00e9 \u00e0 cette occasion. La capacit\u00e9 d&rsquo;accueil des pavillons sera limit\u00e9e \u00e0 50%, alors que 5.000 entreprises du secteur sont attendues \u00e0 cet \u00e9v\u00e8nement phare du secteur en Espagne et en Europe.<\/p>\n<p class=\"rtejustify\">Afin d\u2019\u00e9viter les restrictions de voyages concernant les ressortissants de pays hors Union europ\u00e9enne, le gouvernement espagnol a accord\u00e9 le statut de \u00ab\u00a0voyage essentiel\u00a0\u00bb \u00e0 leur venue \u00e0 Fitur, leur permettant d&rsquo;obtenir un visa. Ils devront, comme tout voyageur, pr\u00e9senter un test PCR n\u00e9gatif de moins de 72 heures \u00e0 leur arriv\u00e9e, et se soumettre \u00e0 de nouveaux tests Covid pendant les journ\u00e9es professionnelles.<\/p>\n<p class=\"rtejustify\">\u00a0<\/p>\n<p>Auteur: mbasraoui<br \/>\n<a href=\"https:\/\/www.leconomiste.com\/flash-infos\/le-salon-international-du-tourisme-de-madrid-en-presentiel\">Cliquez ici pour lire l&rsquo;article depuis sa source.<\/a><\/p>\n","protected":false},"excerpt":{"rendered":"<p>Le Salon international du tourisme de Madrid (Fitur), l&rsquo;un des \u00e9v\u00e8nements touristiques les plus importants au monde, se tiendra du 19 au 23 mai en pr\u00e9sentiel, ont annonc\u00e9 les organisateurs. Il s&rsquo;agira du \u00ab\u00a0premier salon pr\u00e9sentiel\u00a0\u00bb pour le secteur touristique mondial depuis le d\u00e9but de la pand\u00e9mie de Covid-19, ont pr\u00e9cis\u00e9, jeudi, les organisateurs qui [&hellip;]<\/p>\n","protected":false},"author":1763,"featured_media":0,"comment_status":"closed","ping_status":"closed","sticky":false,"template":"","format":"standard","meta":{"fifu_image_url":"","fifu_image_alt":"","footnotes":""},"categories":[78,54],"tags":[],"class_list":["post-116742","post","type-post","status-publish","format-standard","hentry","category-economie","category-maroc"],"_links":{"self":[{"href":"https:\/\/linitiative.ca\/International\/wp-json\/wp\/v2\/posts\/116742","targetHints":{"allow":["GET"]}}],"collection":[{"href":"https:\/\/linitiative.ca\/International\/wp-json\/wp\/v2\/posts"}],"about":[{"href":"https:\/\/linitiative.ca\/International\/wp-json\/wp\/v2\/types\/post"}],"author":[{"embeddable":true,"href":"https:\/\/linitiative.ca\/International\/wp-json\/wp\/v2\/users\/1763"}],"replies":[{"embeddable":true,"href":"https:\/\/linitiative.ca\/International\/wp-json\/wp\/v2\/comments?post=116742"}],"version-history":[{"count":0,"href":"https:\/\/linitiative.ca\/International\/wp-json\/wp\/v2\/posts\/116742\/revisions"}],"wp:attachment":[{"href":"https:\/\/linitiative.ca\/International\/wp-json\/wp\/v2\/media?parent=116742"}],"wp:term":[{"taxonomy":"category","embeddable":true,"href":"https:\/\/linitiative.ca\/International\/wp-json\/wp\/v2\/categories?post=116742"},{"taxonomy":"post_tag","embeddable":true,"href":"https:\/\/linitiative.ca\/International\/wp-json\/wp\/v2\/tags?post=116742"}],"curies":[{"name":"wp","href":"https:\/\/api.w.org\/{rel}","templated":true}]}}