{"id":116744,"date":"2021-05-14T07:18:53","date_gmt":"2021-05-14T11:18:53","guid":{"rendered":"https:\/\/linitiative.ca\/International\/creation-des-far-le-roi-adresse-un-ordre-du-jour\/"},"modified":"2021-05-14T07:18:53","modified_gmt":"2021-05-14T11:18:53","slug":"creation-des-far-le-roi-adresse-un-ordre-du-jour","status":"publish","type":"post","link":"https:\/\/linitiative.ca\/International\/creation-des-far-le-roi-adresse-un-ordre-du-jour\/","title":{"rendered":"Cr\u00e9ation des FAR : le Roi adresse un Ordre du jour"},"content":{"rendered":"<p><em>A l&rsquo;occasion du 65-\u00e8me anniversaire de la cr\u00e9ation des Forces Arm\u00e9es Royales (FAR), Sa Majest\u00e9 le Roi Mohammed VI, Chef Supr\u00eame et Chef d&rsquo;\u00c9tat-Major g\u00e9n\u00e9ral des FAR, a adress\u00e9 vendredi un Ordre du jour aux officiers, sous-officiers et militaires de rang.<\/em><\/p>\n<p><strong>En voici la traduction :<\/strong><\/p>\n<p>\u00ab\u00a0Louange \u00e0 Dieu, que la pri\u00e8re et la b\u00e9n\u00e9diction soient sur le Proph\u00e8te, sa famille et ses compagnons,<\/p>\n<p>Officiers, Sous-officiers et Militaires du rang,<\/p>\n<p>A l&rsquo;occasion du soixante-cinqui\u00e8me anniversaire de la cr\u00e9ation des Forces Arm\u00e9es Royales, qui co\u00efncide cette ann\u00e9e avec la f\u00eate sacr\u00e9e de A\u00efd Al-Fitr, Nous Nous r\u00e9jouissons de vous adresser, vous membres des diff\u00e9rentes composantes de Nos Forces Arm\u00e9es Royales, Terre, Air, Marine et Gendarmerie Royale, Nos plus chaleureuses f\u00e9licitations et Notre bienveillance paternelle, Notre estime et Notre satisfaction pour toutes vos actions au cours de cette ann\u00e9e remplie de sacrifices, de g\u00e9n\u00e9rosit\u00e9 et de fid\u00e9lit\u00e9 \u00e0 nos \u00e9ternelles valeurs nationales.<\/p>\n<p>La symbolique de cet \u00e9v\u00e9nement national associ\u00e9 \u00e0 la construction du Maroc moderne est source de davantage de fiert\u00e9 de Notre valeureuse arm\u00e9e et son histoire faite de gloire et d\u2019h\u00e9ro\u00efsme, et de sentiments de r\u00e9v\u00e9rence envers ceux qui ont jet\u00e9 les jalons de ce grandiose \u00e9difice, Notre Grand-P\u00e8re Feu Sa Majest\u00e9 Le Roi Mohammed V et notre V\u00e9n\u00e9r\u00e9 p\u00e8re, Feu Sa Majest\u00e9 le Roi Hassan II, que Dieu perp\u00e9tue leur M\u00e9moire et les ait en Sa sainte mis\u00e9ricorde, faisant de cette ancienne institution une \u00e9cole authentique pour l\u2019\u00e9ducation sinc\u00e8re et fid\u00e8le aux valeurs de citoyennet\u00e9 .<\/p>\n<p>Nous avons tenu, conform\u00e9ment \u00e0 nos traditions s\u00e9culaires, de faire de cette pr\u00e9cieuse occasion, une \u00e9tape annuelle pour \u00e9valuer, tirer les le\u00e7ons et d\u00e9finir les objectifs et les priorit\u00e9s, afin d\u2019\u00e9laborer et de mettre en \u0153uvre les plans et programmes futurs, en se focalisant sur le d\u00e9veloppement continu des capacit\u00e9s des Forces Arm\u00e9es Royales et en leur octroyant les moyens et les \u00e9quipements dont elles ont besoin, tout en veillant \u00e0 la formation et \u00e0 la mobilisation de leurs membres pour leur permettre de se mettre au diapason de toutes les \u00e9volutions et de relever les d\u00e9fis.<\/p>\n<p>Officiers, Sous-officiers et Militaires du rang,<\/p>\n<p>La force n\u00e9e de la d\u00e9termination, de la r\u00e9sistance et de l\u2019abn\u00e9gation dont vous faites preuve dans la surveillance et la s\u00e9curisation de nos fronti\u00e8res terrestres, a\u00e9riennes et maritimes, en particulier dans Nos provinces du sud et nos r\u00e9gions de l\u2019est, ainsi que les sacrifices consentis pour hisser tr\u00e8s haut le drapeau de la Nation partout dans le Royaume, restera une fiert\u00e9 pour tous les Marocains.<\/p>\n<p>Nous vous invitons \u00e0 plus d\u2019accomplissements et \u00e0 plus d\u2019abn\u00e9gation afin d\u2019exhausser la volont\u00e9 de r\u00e9ussite et de victoire qui vous anime.<\/p>\n<p>\u00c0 cet \u00e9gard, en Notre qualit\u00e9 de Chef Supr\u00eame et Chef d\u2019Etat-Major G\u00e9n\u00e9ral des Forces Arm\u00e9es Royales, Nous saluons en particulier la r\u00e9activit\u00e9 de nos Forces Arm\u00e9es en concordance avec Nos Hautes instructions pour s\u00e9curiser le passage frontalier d\u2019El Guergarate, conform\u00e9ment au plan bien pr\u00e9cis, pour mettre en \u00e9chec les man\u0153uvres des mercenaires. Vous \u00eates parvenus, gr\u00e2ce \u00e0 votre professionnalisme \u00e9lev\u00e9 dans les domaines de la planification, du commandement et de l\u2019ex\u00e9cution op\u00e9rationnelle, \u00e0 faire \u00e9chouer les man\u0153uvres ignobles des ennemis de notre int\u00e9grit\u00e9 territoriale. Vous avez montr\u00e9 au monde entier le bien-fond\u00e9 et la l\u00e9gitimit\u00e9 de cette op\u00e9ration qualitative qui a permis d\u2019assurer la circulation en toute s\u00e9curit\u00e9 des flux de marchandises et des personnes entre le Maroc et sa profondeur africaine.<\/p>\n<p>Tout en Louant la pers\u00e9v\u00e9rance des membres de Nos Forces Arm\u00e9es Royales, aussi bien dans la d\u00e9fense des constantes du Maroc et de son int\u00e9grit\u00e9 territoriale, que dans la participation de Nos contingents aux op\u00e9rations de maintien de la paix, Nous ne pouvons, en cette conjoncture sensible, marqu\u00e9e par la persistance de la pand\u00e9mie de Covid-19 \u00e0 l\u2019international, que rendre hommage aux personnels m\u00e9dicaux et aux cadres des Services Sociaux des Forces Arm\u00e9es Royales qui sont aux avant-postes aux c\u00f4t\u00e9s de leurs homologues des \u00e9tablissements hospitaliers nationaux, des membres de la Protection civile et des Forces publiques, qui se sont mobilis\u00e9s, en ex\u00e9cution de Nos Hautes instructions, pour assurer les prestations m\u00e9dicales ainsi que lors de l\u2019op\u00e9ration nationale de vaccination.<\/p>\n<p>Aussi, et en d\u00e9pit des circonstances urgentes et difficiles de la pand\u00e9mie et les restrictions et les contraintes qu\u2019elle a impos\u00e9es, vous avez pu, comme attendu de vous, poursuivre vos multiples missions avec le m\u00eame enthousiasme et le m\u00eame esprit de pers\u00e9v\u00e9rance, tout en mettant en \u0153uvre les plans \u00e0 dimension s\u00e9curitaire, ax\u00e9s sur une lutte plus efficace et efficiente contre la criminalit\u00e9 transfrontali\u00e8re, sans oublier votre vigilance permanente pour faire face aux changements climatiques \u00e0 travers le positionnement proactif des \u00e9quipes m\u00e9dicales et logistiques multidisciplinaires pour intervenir rapidement en cas d\u2019urgence afin de porter secours et assurer le d\u00e9senclavement, et fournir l\u2019assistance humanitaire et m\u00e9dicale n\u00e9cessaire.<\/p>\n<p>Officiers, Sous-officiers et Militaires du rang,<\/p>\n<p>Les mutations rapides que connaissent aujourd\u2019hui les sciences et les technologies de s\u00e9curit\u00e9 et de d\u00e9fense, doivent inciter nos jeunes comp\u00e9tences militaires \u00e0 les accompagner, et les mettre \u00e0 profit dans des programmes nationaux de recherche exclusifs permettant de concevoir des solutions innovantes dans les domaines de la transformation num\u00e9rique et des technologies de l\u2019information et de la communication, de commandement et de contr\u00f4le, et ce afin d\u2019augmenter le degr\u00e9s de pr\u00e9paration de Notre Arm\u00e9e et de soutenir ses capacit\u00e9s de combat sur le terrain.<\/p>\n<p>A cet effet, Notre Haute sollicitude restera li\u00e9e au soutien de vos efforts et \u00e0 la mise \u00e0 votre disposition des \u00e9quipements n\u00e9cessaires et appropri\u00e9s pour vous permettre d&rsquo;accomplir vos missions dans les meilleures conditions, dans le cadre des objectifs que Nous avons trac\u00e9s sur le moyen et le long termes, pour que Nos Forces arm\u00e9es demeurent l\u2019\u0153il vigilant de la s\u00e9curit\u00e9 de la Nation et le bouclier qui prot\u00e8ge son int\u00e9grit\u00e9 territoriale, ses valeurs sacr\u00e9es et ses acquis.<\/p>\n<p>Nous continuerons, avec la m\u00eame d\u00e9termination et la m\u00eame volont\u00e9, de renforcer vos capacit\u00e9s et vos qualifications humaines et d\u2019en \u00e9largir les horizons aux niveaux interne et international, et ce, \u00e0 travers les m\u00e9canismes de coop\u00e9ration militaire bilat\u00e9rale et multilat\u00e9rale entre<\/p>\n<p>Nos Forces Arm\u00e9es Royales et les diff\u00e9rentes Arm\u00e9es amies, en vue d\u2019\u00e9changer les exp\u00e9riences au service des valeurs de solidarit\u00e9 et de paix internationales, pour concr\u00e9tiser votre honorable capital en tant que partenaire efficace et cr\u00e9dible dans le maintien de la paix dans le monde, reconnu notamment par les Nations Unies.<\/p>\n<p>Officiers, Sous-officiers et Militaires du rang,<\/p>\n<p>En ce glorieux anniversaire, Nous \u00e9levons Nos sinc\u00e8res louanges \u00e0 Dieu pour nous avoir inspir\u00e9 la foi et la confiance afin de pers\u00e9v\u00e9rer dans la voie trac\u00e9e par le lib\u00e9rateur de la Nation et le fondateur des Forces Arm\u00e9es Royales, Notre v\u00e9n\u00e9r\u00e9 Grand-p\u00e8re Feu Sa Majest\u00e9 le Roi Mohammed V et sur celle de Notre v\u00e9n\u00e9r\u00e9 P\u00e8re, b\u00e2tisseur du Maroc moderne, Feu Sa Majest\u00e9 le Roi Hassan II, que Dieu les ait en Sa Sainte mis\u00e9ricorde, implorant le Tout-Puissant de les combler de Sa grande Mis\u00e9ricorde et de les accueillir en Son vaste Paradis parmi les Proph\u00e8tes, les saints, les martyrs et les vertueux.<\/p>\n<p>Nous prions \u00e9galement Dieu de r\u00e9pandre Sa mis\u00e9ricorde sur Nos martyrs b\u00e9nis qui ont sacrifi\u00e9 leurs \u00e2mes pour la d\u00e9fense de la Patrie, de son unit\u00e9 et de sa dignit\u00e9, fid\u00e8les en cela au Pacte sacr\u00e9 de la pr\u00e9servation de l\u2019unit\u00e9, de la s\u00e9curit\u00e9 et de l\u2019int\u00e9grit\u00e9 de la Nation.<\/p>\n<p>Perp\u00e9tuez, que Dieu vous prot\u00e8ge, le legs des a\u00efeuls et des parents qui ont \u00e9crit avec fiert\u00e9 et orgueil les pages m\u00e9morables de courage, de sacrifice et de fid\u00e9lit\u00e9, dans la v\u00e9n\u00e9ration de leur Nation, derri\u00e8re Votre Chef supr\u00eame, fid\u00e8les \u00e0 jamais \u00e0 notre devise \u00e9ternelle : Dieu, la Patrie, le Roi.\u00a0\u00bb<\/p>\n<p>Auteur: mbasraoui<br \/>\n<a href=\"https:\/\/www.leconomiste.com\/flash-infos\/creation-des-far-le-roi-adresse-un-ordre-du-jour\">Cliquez ici pour lire l&rsquo;article depuis sa source.<\/a><\/p>\n","protected":false},"excerpt":{"rendered":"<p>A l&rsquo;occasion du 65-\u00e8me anniversaire de la cr\u00e9ation des Forces Arm\u00e9es Royales (FAR), Sa Majest\u00e9 le Roi Mohammed VI, Chef Supr\u00eame et Chef d&rsquo;\u00c9tat-Major g\u00e9n\u00e9ral des FAR, a adress\u00e9 vendredi un Ordre du jour aux officiers, sous-officiers et militaires de rang. En voici la traduction : \u00ab\u00a0Louange \u00e0 Dieu, que la pri\u00e8re et la b\u00e9n\u00e9diction [&hellip;]<\/p>\n","protected":false},"author":1763,"featured_media":0,"comment_status":"closed","ping_status":"closed","sticky":false,"template":"","format":"standard","meta":{"fifu_image_url":"","fifu_image_alt":"","footnotes":""},"categories":[78,54],"tags":[],"class_list":["post-116744","post","type-post","status-publish","format-standard","hentry","category-economie","category-maroc"],"_links":{"self":[{"href":"https:\/\/linitiative.ca\/International\/wp-json\/wp\/v2\/posts\/116744","targetHints":{"allow":["GET"]}}],"collection":[{"href":"https:\/\/linitiative.ca\/International\/wp-json\/wp\/v2\/posts"}],"about":[{"href":"https:\/\/linitiative.ca\/International\/wp-json\/wp\/v2\/types\/post"}],"author":[{"embeddable":true,"href":"https:\/\/linitiative.ca\/International\/wp-json\/wp\/v2\/users\/1763"}],"replies":[{"embeddable":true,"href":"https:\/\/linitiative.ca\/International\/wp-json\/wp\/v2\/comments?post=116744"}],"version-history":[{"count":0,"href":"https:\/\/linitiative.ca\/International\/wp-json\/wp\/v2\/posts\/116744\/revisions"}],"wp:attachment":[{"href":"https:\/\/linitiative.ca\/International\/wp-json\/wp\/v2\/media?parent=116744"}],"wp:term":[{"taxonomy":"category","embeddable":true,"href":"https:\/\/linitiative.ca\/International\/wp-json\/wp\/v2\/categories?post=116744"},{"taxonomy":"post_tag","embeddable":true,"href":"https:\/\/linitiative.ca\/International\/wp-json\/wp\/v2\/tags?post=116744"}],"curies":[{"name":"wp","href":"https:\/\/api.w.org\/{rel}","templated":true}]}}