{"id":116745,"date":"2021-05-14T08:09:19","date_gmt":"2021-05-14T12:09:19","guid":{"rendered":"https:\/\/linitiative.ca\/International\/la-cop26-se-tiendra-en-presentiel-a-glasgow\/"},"modified":"2021-05-14T08:09:19","modified_gmt":"2021-05-14T12:09:19","slug":"la-cop26-se-tiendra-en-presentiel-a-glasgow","status":"publish","type":"post","link":"https:\/\/linitiative.ca\/International\/la-cop26-se-tiendra-en-presentiel-a-glasgow\/","title":{"rendered":"La COP26 se tiendra en pr\u00e9sentiel \u00e0 Glasgow"},"content":{"rendered":"<p class=\"rtejustify\">Le pr\u00e9sident de la 26\u00e8me Conf\u00e9rence des Nations Unies sur le climat (COP 26), Alok Sharma, a confirm\u00e9 la tenue du cet \u00e9v\u00e9nement en pr\u00e9sentiel en novembre prochain \u00e0 Glasgow (Ecosse), malgr\u00e9 les pr\u00e9occupations sanitaires li\u00e9es \u00e0 la pand\u00e9mie de coronavirus.<\/p>\n<p class=\"rtejustify\">\u00ab\u00a0Nous pr\u00e9voyons donc un sommet en pr\u00e9sentiel, o\u00f9 nous veillerons \u00e0 ce que la s\u00e9curit\u00e9 des d\u00e9l\u00e9gations et de la communaut\u00e9 locale soit primordiale\u00a0\u00bb, a d\u00e9clar\u00e9 M. Sharma dans un discours prononc\u00e9 depuis une centrale \u00e9olienne en Ecosse, notant que ce sommet constitue le \u00ab\u00a0dernier espoir\u00a0\u00bb de maintenir l&rsquo;augmentation des temp\u00e9ratures en dessous de 1,5\u00b0C. \u00ab\u00a0Avec nos coll\u00e8gues du gouvernement \u00e9cossais, du conseil municipal de Glasgow, des organismes de sant\u00e9 publique et de l&rsquo;ONU, nous explorons toutes les mesures de s\u00e9curit\u00e9 possibles contre le Covid-19 &#8211; y compris les tests, les vaccins et d&rsquo;autres mesures -, afin que la COP 26 se d\u00e9roule en tout s\u00e9curit\u00e9\u00a0\u00bb, a-t-il ajout\u00e9.<\/p>\n<p class=\"rtejustify\">Il a \u00e9galement soulign\u00e9 que \u00ab\u00a0les communaut\u00e9s historiquement marginalis\u00e9es sont parmi les plus touch\u00e9es par le changement climatique, alors que celles-ci proposent certaines des solutions les plus efficaces pour y faire face\u00a0\u00bb, notant qu&rsquo;il est \u201cessentiel\u00a0\u00bb que les pays en d\u00e9veloppement \u201cpuissent s&rsquo;asseoir \u00e0 la m\u00eame table en face \u00e0 face avec les pays riches et \u00e9metteurs\u00a0\u00bb. Il a enfin annonc\u00e9 que les mesures de pr\u00e9vention, qui seront mises en place lors du sommet, seront partag\u00e9es publiquement \u00ab\u00a0en temps opportun\u00a0\u00bb.<\/p>\n<p class=\"rtejustify\">Pr\u00e9vue du 1er au 12 novembre \u00e0 Glasgow, la 26\u00e8me Conf\u00e9rence des Nations unies sur le changement climatique, qui r\u00e9unit des dirigeants issus de 196 pays, ainsi que des entreprises et des experts, \u00e9tait initialement pr\u00e9vue pour novembre 2020, mais a \u00e9t\u00e9 repouss\u00e9e en raison de la crise sanitaire.<\/p>\n<p class=\"rtejustify\">\u00a0<\/p>\n<p>Auteur: mbasraoui<br \/>\n<a href=\"https:\/\/www.leconomiste.com\/flash-infos\/la-cop26-se-tiendra-en-presentiel-glasgow\">Cliquez ici pour lire l&rsquo;article depuis sa source.<\/a><\/p>\n","protected":false},"excerpt":{"rendered":"<p>Le pr\u00e9sident de la 26\u00e8me Conf\u00e9rence des Nations Unies sur le climat (COP 26), Alok Sharma, a confirm\u00e9 la tenue du cet \u00e9v\u00e9nement en pr\u00e9sentiel en novembre prochain \u00e0 Glasgow (Ecosse), malgr\u00e9 les pr\u00e9occupations sanitaires li\u00e9es \u00e0 la pand\u00e9mie de coronavirus. \u00ab\u00a0Nous pr\u00e9voyons donc un sommet en pr\u00e9sentiel, o\u00f9 nous veillerons \u00e0 ce que la [&hellip;]<\/p>\n","protected":false},"author":1763,"featured_media":0,"comment_status":"closed","ping_status":"closed","sticky":false,"template":"","format":"standard","meta":{"fifu_image_url":"","fifu_image_alt":"","footnotes":""},"categories":[78,54],"tags":[],"class_list":["post-116745","post","type-post","status-publish","format-standard","hentry","category-economie","category-maroc"],"_links":{"self":[{"href":"https:\/\/linitiative.ca\/International\/wp-json\/wp\/v2\/posts\/116745","targetHints":{"allow":["GET"]}}],"collection":[{"href":"https:\/\/linitiative.ca\/International\/wp-json\/wp\/v2\/posts"}],"about":[{"href":"https:\/\/linitiative.ca\/International\/wp-json\/wp\/v2\/types\/post"}],"author":[{"embeddable":true,"href":"https:\/\/linitiative.ca\/International\/wp-json\/wp\/v2\/users\/1763"}],"replies":[{"embeddable":true,"href":"https:\/\/linitiative.ca\/International\/wp-json\/wp\/v2\/comments?post=116745"}],"version-history":[{"count":0,"href":"https:\/\/linitiative.ca\/International\/wp-json\/wp\/v2\/posts\/116745\/revisions"}],"wp:attachment":[{"href":"https:\/\/linitiative.ca\/International\/wp-json\/wp\/v2\/media?parent=116745"}],"wp:term":[{"taxonomy":"category","embeddable":true,"href":"https:\/\/linitiative.ca\/International\/wp-json\/wp\/v2\/categories?post=116745"},{"taxonomy":"post_tag","embeddable":true,"href":"https:\/\/linitiative.ca\/International\/wp-json\/wp\/v2\/tags?post=116745"}],"curies":[{"name":"wp","href":"https:\/\/api.w.org\/{rel}","templated":true}]}}