{"id":116747,"date":"2021-05-14T15:14:08","date_gmt":"2021-05-14T19:14:08","guid":{"rendered":"https:\/\/linitiative.ca\/International\/pros-crotone-ounas-buteur-et-passeur-face-a-verone-video\/"},"modified":"2021-05-14T15:14:08","modified_gmt":"2021-05-14T19:14:08","slug":"pros-crotone-ounas-buteur-et-passeur-face-a-verone-video","status":"publish","type":"post","link":"https:\/\/linitiative.ca\/International\/pros-crotone-ounas-buteur-et-passeur-face-a-verone-video\/","title":{"rendered":"Pros : Crotone : Ounas buteur et passeur face \u00e0 V\u00e9rone (Vid\u00e9o)"},"content":{"rendered":"<div readability=\"32\">\n<p>Auteur : <span class=\"time\">vendredi 14 mai 2021 11:43<\/span><\/p>\n<\/div>\n<div id=\"post_core\" readability=\"36\">\n<p>Gr\u00e2ce \u00e0 des buts d&rsquo;Ounas (2e) et Simy (75e), les locaux se sont impos\u00e9s 2-1 (les visiteurs avaient r\u00e9duit l&rsquo;\u00e9cart gr\u00e2ce \u00e0 un but de Molina contre son camp \u00e0 la 87e) pour passer dix-neuvi\u00e8mes au classement. De leur c\u00f4t\u00e9, les Gialloblu ne quittent pas leur dixi\u00e8me place.<\/p>\n<p><strong>Publi\u00e9 dans :<\/strong> <span>Ounas<\/span><\/p>\n<\/div>\n<p>Auteur:<br \/>\n<a href=\"http:\/\/www.lebuteur.com\/article\/detail?titre=crotone-ounas-buteur-et-passeur-face-a-verone-video&#038;id=100051&#038;utm_source=feedburner&#038;utm_medium=feed&#038;utm_campaign=Feed%3A+GalerieFArtciles+%28Les+derniers+articles++-+lebuteur.com%29\">Cliquez ici pour lire l&rsquo;article depuis sa source.<\/a><\/p>\n","protected":false},"excerpt":{"rendered":"<p>Auteur : vendredi 14 mai 2021 11:43 Gr\u00e2ce \u00e0 des buts d&rsquo;Ounas (2e) et Simy (75e), les locaux se sont impos\u00e9s 2-1 (les visiteurs avaient r\u00e9duit l&rsquo;\u00e9cart gr\u00e2ce \u00e0 un but de Molina contre son camp \u00e0 la 87e) pour passer dix-neuvi\u00e8mes au classement. De leur c\u00f4t\u00e9, les Gialloblu ne quittent pas leur dixi\u00e8me place. [&hellip;]<\/p>\n","protected":false},"author":1738,"featured_media":0,"comment_status":"closed","ping_status":"closed","sticky":false,"template":"","format":"standard","meta":{"fifu_image_url":"\/\/cdn.lebuteur.com\/data\/images\/article\/thumbs\/large-crotone-ounas-buteur-et-passeur-face-a-verone-video-3f32f.png","fifu_image_alt":"Pros : Crotone : Ounas buteur et passeur face \u00e0 V\u00e9rone (Vid\u00e9o)","footnotes":""},"categories":[53,75],"tags":[],"class_list":["post-116747","post","type-post","status-publish","format-standard","hentry","category-algerie","category-sport"],"_links":{"self":[{"href":"https:\/\/linitiative.ca\/International\/wp-json\/wp\/v2\/posts\/116747","targetHints":{"allow":["GET"]}}],"collection":[{"href":"https:\/\/linitiative.ca\/International\/wp-json\/wp\/v2\/posts"}],"about":[{"href":"https:\/\/linitiative.ca\/International\/wp-json\/wp\/v2\/types\/post"}],"author":[{"embeddable":true,"href":"https:\/\/linitiative.ca\/International\/wp-json\/wp\/v2\/users\/1738"}],"replies":[{"embeddable":true,"href":"https:\/\/linitiative.ca\/International\/wp-json\/wp\/v2\/comments?post=116747"}],"version-history":[{"count":0,"href":"https:\/\/linitiative.ca\/International\/wp-json\/wp\/v2\/posts\/116747\/revisions"}],"wp:attachment":[{"href":"https:\/\/linitiative.ca\/International\/wp-json\/wp\/v2\/media?parent=116747"}],"wp:term":[{"taxonomy":"category","embeddable":true,"href":"https:\/\/linitiative.ca\/International\/wp-json\/wp\/v2\/categories?post=116747"},{"taxonomy":"post_tag","embeddable":true,"href":"https:\/\/linitiative.ca\/International\/wp-json\/wp\/v2\/tags?post=116747"}],"curies":[{"name":"wp","href":"https:\/\/api.w.org\/{rel}","templated":true}]}}