{"id":116749,"date":"2021-05-14T15:14:11","date_gmt":"2021-05-14T19:14:11","guid":{"rendered":"https:\/\/linitiative.ca\/International\/international-le-fc-barcelone-vise-un-cadre-de-la-juventus\/"},"modified":"2021-05-14T15:14:11","modified_gmt":"2021-05-14T19:14:11","slug":"international-le-fc-barcelone-vise-un-cadre-de-la-juventus","status":"publish","type":"post","link":"https:\/\/linitiative.ca\/International\/international-le-fc-barcelone-vise-un-cadre-de-la-juventus\/","title":{"rendered":"International : Le FC Barcelone vise un cadre de la Juventus"},"content":{"rendered":"<div readability=\"32\">\n<p>Auteur : <span class=\"time\">vendredi 14 mai 2021 18:30<\/span><\/p>\n<\/div>\n<div id=\"post_core\" readability=\"49\">\n<p>En grosses difficult\u00e9s financi\u00e8res, les dirigeants Blaugranas viseraient des joueurs libres, des pr\u00eats o\u00f9 m\u00eame des \u00e9changes. Selon Les-Transferts et\u00a0 Todofichajes, le club catalan aimerait s\u2019attacher les services du milieu de terrain, Rodrigo Betancur.<\/p>\n<p>Sous contrat jusqu\u2019en juin 2024 avec la Juventus Turin, ce dernier serait estim\u00e9 \u00e0 60 millions d\u2019euros sur le march\u00e9 des transferts. Pour s\u2019offrir l\u2019international uruguayen, le Bar\u00e7a envisagerait un \u00e9change avec Ousmane Demb\u00e9l\u00e9. Li\u00e9 au club catalan jusqu\u2019en juin 2022, l\u2019international tricolore n\u2019a toujours pas prolong\u00e9. Pour rappel, le profil du Fran\u00e7ais serait appr\u00e9ci\u00e9 du c\u00f4t\u00e9 des Turinois.<\/p>\n<p><strong>Publi\u00e9 dans :<\/strong> <span>fc barcelone<\/span> <span>juventus<\/span><\/p>\n<\/div>\n<p>Auteur:<br \/>\n<a href=\"http:\/\/www.lebuteur.com\/article\/detail?titre=le-fc-barcelone-vise-un-cadre-de-la-juventus&#038;id=100053&#038;utm_source=feedburner&#038;utm_medium=feed&#038;utm_campaign=Feed%3A+GalerieFArtciles+%28Les+derniers+articles++-+lebuteur.com%29\">Cliquez ici pour lire l&rsquo;article depuis sa source.<\/a><\/p>\n","protected":false},"excerpt":{"rendered":"<p>Auteur : vendredi 14 mai 2021 18:30 En grosses difficult\u00e9s financi\u00e8res, les dirigeants Blaugranas viseraient des joueurs libres, des pr\u00eats o\u00f9 m\u00eame des \u00e9changes. Selon Les-Transferts et\u00a0 Todofichajes, le club catalan aimerait s\u2019attacher les services du milieu de terrain, Rodrigo Betancur. Sous contrat jusqu\u2019en juin 2024 avec la Juventus Turin, ce dernier serait estim\u00e9 \u00e0 [&hellip;]<\/p>\n","protected":false},"author":1738,"featured_media":0,"comment_status":"closed","ping_status":"closed","sticky":false,"template":"","format":"standard","meta":{"fifu_image_url":"\/\/cdn.lebuteur.com\/data\/images\/article\/thumbs\/large-le-fc-barcelone-vise-un-cadre-de-la-juventus-3ac4e.png","fifu_image_alt":"International : Le FC Barcelone vise un cadre de la Juventus","footnotes":""},"categories":[53,75],"tags":[],"class_list":["post-116749","post","type-post","status-publish","format-standard","hentry","category-algerie","category-sport"],"_links":{"self":[{"href":"https:\/\/linitiative.ca\/International\/wp-json\/wp\/v2\/posts\/116749","targetHints":{"allow":["GET"]}}],"collection":[{"href":"https:\/\/linitiative.ca\/International\/wp-json\/wp\/v2\/posts"}],"about":[{"href":"https:\/\/linitiative.ca\/International\/wp-json\/wp\/v2\/types\/post"}],"author":[{"embeddable":true,"href":"https:\/\/linitiative.ca\/International\/wp-json\/wp\/v2\/users\/1738"}],"replies":[{"embeddable":true,"href":"https:\/\/linitiative.ca\/International\/wp-json\/wp\/v2\/comments?post=116749"}],"version-history":[{"count":0,"href":"https:\/\/linitiative.ca\/International\/wp-json\/wp\/v2\/posts\/116749\/revisions"}],"wp:attachment":[{"href":"https:\/\/linitiative.ca\/International\/wp-json\/wp\/v2\/media?parent=116749"}],"wp:term":[{"taxonomy":"category","embeddable":true,"href":"https:\/\/linitiative.ca\/International\/wp-json\/wp\/v2\/categories?post=116749"},{"taxonomy":"post_tag","embeddable":true,"href":"https:\/\/linitiative.ca\/International\/wp-json\/wp\/v2\/tags?post=116749"}],"curies":[{"name":"wp","href":"https:\/\/api.w.org\/{rel}","templated":true}]}}