{"id":116750,"date":"2021-05-14T04:00:00","date_gmt":"2021-05-14T08:00:00","guid":{"rendered":"https:\/\/linitiative.ca\/International\/les-jeunes-palestiniens-face-a-un-etat-raciste-dirige-par-un-criminel\/"},"modified":"2021-05-14T04:00:00","modified_gmt":"2021-05-14T08:00:00","slug":"les-jeunes-palestiniens-face-a-un-etat-raciste-dirige-par-un-criminel","status":"publish","type":"post","link":"https:\/\/linitiative.ca\/International\/les-jeunes-palestiniens-face-a-un-etat-raciste-dirige-par-un-criminel\/","title":{"rendered":"Les jeunes Palestiniens face \u00e0 un \u00e9tat raciste dirig\u00e9 par un criminel"},"content":{"rendered":"<p><span class=\"c2\"><em><strong><img decoding=\"async\" src=\"\/uploads\/FCK_files\/Mohamed-Larbi-Bouguerra(46).jpg\" alt=\"\" width=\"20%\" vspace=\"5\" hspace=\"5\" align=\"left\"\/>Mohamed Larbi Bouguerra &#8211;<\/strong><\/em><\/span> Le monde avait choisi de mettre la cause palestinienne sur le \u00ab back burner \u00bb, d\u2019ignorer l\u2019occupation et ses exactions et ses crimes, de ne pas voir l\u2019apartheid exerc\u00e9 \u00e0 l\u2019encontre des Palestiniens et de fermer les yeux face \u00e0 cette prison \u00e0 ciel ouvert qu\u2019est Gaza martyre. Les potentats des Emirats et de Bahre\u00efn ont choisi de normaliser avec les sionistes et de mettre, eux aussi, la cause palestinienne entre parenth\u00e8ses.\u00a0<\/p>\n<p>Les jeunes Palestiniens et les Gazaouis d\u00e9mentent tous ces politicards qui ont vendu leur \u00e2me et disent : \u00ab Nous sommes l\u00e0.<\/p>\n<p>Palestine vivra \u00bb. Ils r\u00e9pondent ainsi \u00e0 la r\u00e9pression massive men\u00e9e lundi matin 10 mai 2021 dans le sanctuaire d\u2019El Aqsa, le c\u0153ur battant de la ville trois fois Sainte et au cours de laquelle 520 Palestiniens ont \u00e9t\u00e9 bless\u00e9s.<\/p>\n<p>Les terribles \u00e9v\u00e8nements que vit la Palestine actuellement \u2013 en d\u00e9pit de leur insoutenable horreur- ne doivent pas faire oublier les provocations isra\u00e9liennes datant d\u2019un mois et dont l\u2019auteur n\u2019est autre que Benyamin Netanyahou. Face aux extr\u00e9mistes et aux fanatiques qui beuglent \u00e0 longueur de journ\u00e9e \u00e0 J\u00e9rusalem \u00ab Mort aux Arabes \u00bb et m\u00eame maintenant \u00e0 Lod, \u00e0 Ha\u00effa, \u00e0 Saint Jean d\u2019Acre, \u00e0 l\u2019int\u00e9rieur de la Ligne Verte, ce criminel leur permet tout<span class=\"c3\"><sup><strong>**<\/strong><\/sup><\/span>, car il est de la m\u00eame r\u00e9pugnante p\u00e2te qu\u2019eux et parce qu\u2019ils assurent sa survie politique malgr\u00e9 quatre scrutins en deux ans sans qu\u2019il parvienne \u00e0 d\u00e9gager une majorit\u00e9, il leur c\u00e8de. Ils lui permettent d\u00e9tourner les regards des proc\u00e8s inf\u00e2mants de corruption, d\u2019abus de confiance et de d\u00e9tournement des deniers publics engag\u00e9s contre lui.\u00a0<\/p>\n<p>Piotr Smolar, ancien correspondant du journal, \u00e9crit dans Le Monde (13 mai 2021, p. 3) : \u00ab Pour survivre politiquement, \u00ab Bibi \u00bb [Netanyahou] a vendu l\u2019\u00e2me de la d\u00e9mocratie isra\u00e9lienne \u00e0 l\u2019extr\u00eame droite x\u00e9nophobe. Il l\u2019a blanchie, transform\u00e9 en partenaire de coalition. Il a encourag\u00e9 la stigmatisation de la minorit\u00e9 arabe. Le camp nationaliste religieux, lui, consid\u00e8re les Palestiniens comme des \u00eatres violents, et non par circonstances historiques. D\u00e8s lors, il est \u00e9tonnant qu\u2019on s\u2019\u00e9tonne de la radicalisation, d\u2019une partie de la jeunesse palestinienne\u2026 \u00bb<\/p>\n<p>Il est vrai qu\u2019avec les ultras, Netanyahou est en terrain ami. Rien d\u2019\u00e9tonnant dans l\u2019attitude de Netanyahou : le racisme et la haine des Arabes sont inscrits dans les g\u00e8nes de sa famille. D\u2019apr\u00e8s l\u2019historien Dominique Vidal, le p\u00e8re de ce Premier Ministre charg\u00e9 des affaires courantes,\u00a0 \u00e9tait dans les ann\u00e9es 1920- 1930 d\u00e9j\u00e0 \u00e0 l\u2019extr\u00eame droite de l\u2019extr\u00eame droite sioniste. Le fils de Netanyahou vient de donner son visage pour des affiches du parti nazi AfD allemand. Quant \u00e0 son p\u00e8re, il assure qu\u2019Adolf Hitler ne voulait pas l\u2019\u00e9limination des juifs.<\/p>\n<p>Netanyahou, lui, veut v\u00e9ritablement l\u2019\u00e9limination des Arabes de J\u00e9rusalem afin que la partie Est ne puisse jamais servir de capitale \u00e0 un Etat palestinien.\u00a0 Afin aussi que J\u00e9rusalem soit \u00e0 100% juive et cacher. Ensuite, il s\u2019attaquera aux autres Arabes en Isra\u00ebl m\u00eame et en Cisjordanie. Tous les sionistes ont toujours r\u00eav\u00e9 de ce nettoyage ethnique. Les m\u00e9moires de Ben Gourion r\u00e9v\u00e9l\u00e9es la semaine derni\u00e8re le prouvent au-del\u00e0 de tout doute.<\/p>\n<p>Son gouvernement est tout engag\u00e9 dans cette sinistre t\u00e2che. Son ministre de la S\u00e9curit\u00e9 Publique d\u2019origine marocaine, Amir Ohana, regrette l\u2019arrestation, suite \u00e0 l\u2019assassinat par arme \u00e0 feu mercredi 12 mai d\u2019un Palestinien de la ville de Lod par un juif et d\u00e9clare: \u00ab L\u2019arrestation du tireur et de ses amis \u00e0 Lod est terrible car il s\u2019agit apparemment d\u2019autod\u00e9fense\u2026 les citoyens respectueux de la loi portant des armes augmentent le pouvoir des autorit\u00e9s pour neutraliser imm\u00e9diatement les menaces et les dangers. \u00bb et l\u2019\u00e9ditorialiste de Haaretz d\u2019\u00e9crire : \u00ab Un gouvernement int\u00e9rimaire dirig\u00e9 par un accus\u00e9 criminel r\u00e9colte les fruits de l&rsquo;incitation et de la n\u00e9gligence qu&rsquo;il a sem\u00e9es sur tous les fronts, alors que le ministre de la s\u00e9curit\u00e9 publique encourage le public, dans le dos de la police &#8211; dont il est responsable &#8211; \u00e0 se tirer dessus dans les rues. \u00bb (Haaretz, 13 mai 2021). Ohana n\u2019est pas seul \u00e0 nourrir cette rh\u00e9torique criminelle et d\u00e9gueulasse. Le d\u00e9put\u00e9 Naftali Bennett, le h\u00e9ros d\u2019origine am\u00e9ricaine des colons et pr\u00e9sident du parti Yamina, trouve, lui aussi, que c\u2019est \u00ab une injustice morale \u00bb de garder cet assassin en prison.<\/p>\n<p>Isra\u00ebl- la seule d\u00e9mocratie du Moyen Orient n\u2019est-ce pas ?- ainsi,\u00a0 Isra\u00ebl, gr\u00e2ce \u00e0 Ohana, \u00e0 Liberman, \u00e0 Bennett et \u00e0 quelques rabbins fanatiques,\u00a0 devient en somme, le nouveau Far West, au XXI\u00e8me si\u00e8cle, avec les Palestiniens pour Peaux Rouges!<br \/>Haaretz conclut par un verdict sans appel: \u00abIsra\u00ebl a urgemment besoin de changer de dirigeants. C\u2019est une question de vie ou de mort. \u00bb<\/p>\n<p><span class=\"c4\"><strong>Provocations en tout genre<\/strong><\/span><\/p>\n<p>Pour J\u00e9rusalem, Netanyahou et sa clique de racistes ont pris nombre de d\u00e9cisions incendiaires \u00e0 l\u2019occasion du Ramadan. Ils ont \u00e9rig\u00e9 des check points \u00e0 l\u2019entr\u00e9e de la Porte de Damas, ils n\u2019ont pas boug\u00e9 le petit doigt lors des \u00e9v\u00e8nements de Cheikh Jarrah foment\u00e9s par les colons, ils ont mobilis\u00e9 l\u2019arm\u00e9e pour emp\u00eacher les bus des fid\u00e8les palestiniens des villages alentour d\u2019acc\u00e9der \u00e0 la ville pour prier \u00e0 El Aqsa,\u00a0 ils ont profan\u00e9 la mosqu\u00e9e du D\u00f4me avec des grenades assourdissantes et arros\u00e9 d\u2019eau puante les manifestants, ils ont autoris\u00e9 la Marche des Drapeaux voulue par les fanatiques c\u00e9l\u00e9brant la conqu\u00eate de J\u00e9rusalem-Est. Pour d\u00e9fier 70 familles palestiniennes menac\u00e9es d\u2019expulsion de leurs maisons ; ces maisons qu\u2019elles occupent depuis bien avant 1967. Les sionistes veulent ces maisons car s\u2019ils peuvent prouver qu\u2019ils \u00e9taient \u00e0 J\u00e9rusalem-Est avant 1948, ils peuvent demander que leur soit rendu leur \u00ab droit de propri\u00e9t\u00e9 \u00bb. Cette proc\u00e9dure n\u2019existe pas pour les Palestiniens ; tout comme l\u2019inf\u00e2me loi du \u00ab retour \u00bb applicable aux seuls juifs qui font leur aliyah qu\u2019ils soient originaires de Bessarabie, de Pologne, de Sarcelles ou de Brooklyn !<\/p>\n<p>Et si la loi inique ne suffit pas, les organisations de colons se d\u00e9cha\u00eenent, multipliant les actes de violence afin de dissuader les familles palestiniennes de rester en vandalisant leurs maisons quand celles-ci ne sont pas tout bonnement livr\u00e9es aux bulldozers comme dans le quartier de Silwan.<\/p>\n<p>Le responsable de la police de J\u00e9rusalem, Yaacov Shabtai,\u00a0 a jug\u00e9 que ses troupes avaient \u00e9t\u00e9 trop douces avec les jeunes Palestiniens qui voulaient se rassembler paisiblement sur les places publiques et l\u2019agora de la Ville Sainte comme le veut la tradition,\u00a0 pendant le mois de je\u00fbne. Ce flic ne saisit pas que 54 ans d\u2019occupation p\u00e8sent sur la nation palestinienne et sur l\u2019enfer administratif que vivent les habitants de J\u00e9rusalem concernant les multiples cartes de s\u00e9jour auxquelles ils sont soumis. Pour s\u2019assurer que les Palestiniens vivent bien \u00e0 J\u00e9rusalem, les policiers isra\u00e9liens fouillent m\u00eame leurs poubelles pour d\u00e9couvrir si des couches usag\u00e9es pour b\u00e9b\u00e9s y sont ou pas !<\/p>\n<p><span class=\"c4\"><strong>La politique de l\u2019autruche<\/strong><\/span><\/p>\n<p>M. Biden et les Occidentaux renvoient dos \u00e0 dos occupants et occup\u00e9s. Comme \u00e0 l\u2019accoutum\u00e9e ! Les innocentes victimes de Gaza des bombardements de 2014 ne semblent gu\u00e8re les \u00e9mouvoir. Mais le peuple de Chicago a manifest\u00e9 en masse pour la Palestine en d\u00e9pit du lobby juif AIPAC et ses pressions sur l\u2019administration Biden.<\/p>\n<p>C\u2019est ainsi que Josep Borrell, le porte -parole de la diplomatie de l\u2019Union Europ\u00e9enne affirme, \u00e0 l\u2019occasion de la r\u00e9pression du dernier vendredi de Ramadan : \u00ab la violence et l\u2019incitation \u00e0 la violence sont inacceptables et leurs auteurs \u2026.doivent \u00eatre tenus pour responsables. \u00bb Quant \u00e0 l\u2019administration Biden, elle a appel\u00e9 \u00ab les responsables isra\u00e9liens et palestiniens \u00e0 agir\u00a0 de mani\u00e8re d\u00e9cisive pour d\u00e9samorcer les tensions et mettre un terme \u00e0 la violence. Il est absolument essentiel que toutes les parties fassent preuve de retenue et s\u2019abstiennent de toute action ou rh\u00e9torique provocatrice. \u00bb<\/p>\n<p>La France use elle aussi de mots creux mais pousse le soutien \u00e0 l\u2019agresseur en interdisant toute manifestation contre les racistes du gouvernement isra\u00e9lien comme celle pr\u00e9vue \u00e0 Barb\u00e8s (Paris) samedi 15 mai 2021. Elle met en garde \u00e0 vue M. Bertrand Heilbronn, pr\u00e9sident de l\u2019Association France Palestine Solidarit\u00e9 (AFPS) qui d\u00e9clare \u00e0 l\u2019issue de sa lib\u00e9ration que \u00ab le pouvoir fran\u00e7ais essaie par tous les moyens d\u2019emp\u00eacher nos voix de solidarit\u00e9 avec le peuple palestinien. \u00bb Plusieurs personnalit\u00e9s ont \u00e9crit \u00e0 M. Macron pour d\u00e9noncer la situation \u00e0 J\u00e9rusalem : \u00ab Nul ne comprendrait que la France, membre permanent du Conseil de S\u00e9curit\u00e9 de l\u2019ONU, qui se veut acteur majeur de la diplomatie europ\u00e9enne et trait d\u2019union avec le Sud, continue \u00e0 se taire ou pire \u00e0 renvoyer dos \u00e0 dos agresseurs et agress\u00e9s. \u00bb Ces personnalit\u00e9s demandent aussi des sanctions contre ceux qui n\u2019appliquent pas les r\u00e9solutions onusiennes pour \u00e9viter un nouvel embrasement en Isra\u00ebl-Palestine et au Golfe.<\/p>\n<p>A Londres pourtant immense manifestation propalestinienne devant le 10 Downing Street afin que Johnson l\u2019entende.<\/p>\n<p>Magnifique manifestation aussi pour la Palestine en Irlande avec toutes ces nombreuses personnes allong\u00e9es dans les rues pour protester contre la barbarie isra\u00e9lienne.<\/p>\n<p>Les tartufferies de certains Etats conduisent aux drames que vivent les Gazaouis livr\u00e9s aux avions les bombardant et tuant nombre de femmes et d\u2019enfants.<\/p>\n<p>Quel courage quand m\u00eame que ces aviateurs isra\u00e9liens tuant des innocents d\u00e9sarm\u00e9s\u2026sans courir le moindre risque ! \u00ab A vaincre sans p\u00e9ril, on triomphe sans gloire \u00bb disait d\u00e9j\u00e0 Pierre Corneille !<br \/>Quant aux pays arabes, ils n\u2019ont en magasin que les d\u00e9clarations oiseuses habituelles. A quoi vont servir les 30 Rafales achet\u00e9s par Sissi\u2026alors que les Egyptiens n\u2019ont ni eau ni assainissement ni h\u00f4pitaux dignes de ce nom\u2026et qu\u2019il ne peut g\u00e9rer le Sina\u00ef que dans le cadre de l\u2019accord pass\u00e9 avec Isra\u00ebl ! Mais le peuple \u00e9gyptien r\u00e9clame l\u2019expulsion de l\u2019ambassadeur d\u2019Isra\u00ebl au Caire malgr\u00e9 la chape de plomb impos\u00e9 par le pouvoir.\u00a0<\/p>\n<p>On peut penser ce que l\u2019on veut du Hamas \u00e0 Gaza. Il est clair qu\u2019il s\u2019est quand m\u00eame jou\u00e9 du Mossad, du Shin Bet, de ses espions isra\u00e9liens \u00ab imbattables \u00bb et de tous les instruments super sophistiqu\u00e9s de mouchardage d\u2019Isra\u00ebl, l\u2019Etat start up. Tant de missiles, de drones leur sont pass\u00e9s sous le nez ! Chapeau bas !<\/p>\n<p>Il n\u2019en demeure pas moins que le conflit isra\u00e9lo-palestinien n\u2019a rien \u00e0 faire avec la religion. C\u2019est le probl\u00e8me colonial du XXI\u00e8me si\u00e8cle. Est-ce que l\u2019on comprend cela \u00e0 Gaza ?<\/p>\n<p class=\"c5\"><strong>Mohamed Larbi Bouguerra<\/strong><\/p>\n<p><span class=\"c6\"><em>** Il est responsable de la mort des 45 juifs pi\u00e9tin\u00e9s au Mont M\u00e9ron. Il avait ferm\u00e9 les yeux sur l\u2019escalier de guingois construit par les ultraorthodoxes \u2026.pour absolument interdire que les femmes voient les danses des hommes.<br \/><\/em><\/span><\/p>\n<p>Auteur:<br \/>\n<a href=\"https:\/\/www.leaders.com.tn\/article\/31870-les-jeunes-palestiniens-face-a-un-etat-raciste-dirige-par-un-criminel\">Cliquez ici pour lire l&rsquo;article depuis sa source.<\/a><\/p>\n","protected":false},"excerpt":{"rendered":"<p>Mohamed Larbi Bouguerra &#8211; Le monde avait choisi de mettre la cause palestinienne sur le \u00ab back burner \u00bb, d\u2019ignorer l\u2019occupation et ses exactions et ses crimes, de ne pas voir l\u2019apartheid exerc\u00e9 \u00e0 l\u2019encontre des Palestiniens et de fermer les yeux face \u00e0 cette prison \u00e0 ciel ouvert qu\u2019est Gaza martyre. Les potentats des [&hellip;]<\/p>\n","protected":false},"author":1772,"featured_media":0,"comment_status":"closed","ping_status":"closed","sticky":false,"template":"","format":"standard","meta":{"fifu_image_url":"\/uploads\/FCK_files\/Mohamed-Larbi-Bouguerra(46).jpg","fifu_image_alt":"Les jeunes Palestiniens face \u00e0 un \u00e9tat raciste dirig\u00e9 par un criminel","footnotes":""},"categories":[73,55],"tags":[],"class_list":["post-116750","post","type-post","status-publish","format-standard","hentry","category-actualite","category-tunisie"],"_links":{"self":[{"href":"https:\/\/linitiative.ca\/International\/wp-json\/wp\/v2\/posts\/116750","targetHints":{"allow":["GET"]}}],"collection":[{"href":"https:\/\/linitiative.ca\/International\/wp-json\/wp\/v2\/posts"}],"about":[{"href":"https:\/\/linitiative.ca\/International\/wp-json\/wp\/v2\/types\/post"}],"author":[{"embeddable":true,"href":"https:\/\/linitiative.ca\/International\/wp-json\/wp\/v2\/users\/1772"}],"replies":[{"embeddable":true,"href":"https:\/\/linitiative.ca\/International\/wp-json\/wp\/v2\/comments?post=116750"}],"version-history":[{"count":0,"href":"https:\/\/linitiative.ca\/International\/wp-json\/wp\/v2\/posts\/116750\/revisions"}],"wp:attachment":[{"href":"https:\/\/linitiative.ca\/International\/wp-json\/wp\/v2\/media?parent=116750"}],"wp:term":[{"taxonomy":"category","embeddable":true,"href":"https:\/\/linitiative.ca\/International\/wp-json\/wp\/v2\/categories?post=116750"},{"taxonomy":"post_tag","embeddable":true,"href":"https:\/\/linitiative.ca\/International\/wp-json\/wp\/v2\/tags?post=116750"}],"curies":[{"name":"wp","href":"https:\/\/api.w.org\/{rel}","templated":true}]}}