{"id":116752,"date":"2021-05-14T16:38:49","date_gmt":"2021-05-14T20:38:49","guid":{"rendered":"https:\/\/linitiative.ca\/International\/le-president-macron-remercie-la-tunisie-pour-avoir-rejoint-le-sommet-de-lappel-de-christchurch\/"},"modified":"2021-05-14T16:38:49","modified_gmt":"2021-05-14T20:38:49","slug":"le-president-macron-remercie-la-tunisie-pour-avoir-rejoint-le-sommet-de-lappel-de-christchurch","status":"publish","type":"post","link":"https:\/\/linitiative.ca\/International\/le-president-macron-remercie-la-tunisie-pour-avoir-rejoint-le-sommet-de-lappel-de-christchurch\/","title":{"rendered":"Le pr\u00e9sident Macron remercie la Tunisie pour avoir rejoint le sommet de l\u2019appel de Christchurch"},"content":{"rendered":"<div class=\"post-cont-in left relative\">\n<div id=\"post-info-wrap\" class=\"left relative post-info-out\">\n<div class=\"post-info-img left relative\"><img decoding=\"async\" alt=\"\" src=\"https:\/\/secure.gravatar.com\/avatar\/047123be9d5e8513774383916ee72db2?s=50&amp;d=mm&amp;r=g\" srcset=\"https:\/\/secure.gravatar.com\/avatar\/047123be9d5e8513774383916ee72db2?s=100&amp;d=mm&amp;r=g 2x\" class=\"avatar avatar-50 photo\" height=\"50\" width=\"50\" loading=\"lazy\"\/><\/div>\n<div class=\"post-info-in\">\n<div class=\"post-info-right left relative post-info-name left relative\"><span><span class=\"post-info-text\">Par<\/span> <span class=\"author-name vcard fn author\"><a href=\"https:\/\/www.tunisienumerique.com\/author\/lm\/\" title=\"Articles par LM\" rel=\"author\">LM<\/a><\/span><\/span> <span class=\"post-date updated\"><time class=\"post-date updated\" datetime=\"2021-05-14\">\u00a0| Il y a 17 secondes<\/time><\/span><br \/>\n<meta itemprop=\"dateModified\" content=\"2021-05-14\"\/><\/div>\n<div class=\"left relative\"><button id=\"listenButton1\" class=\"responsivevoice-button\" type=\"button\" value=\"Play\" title=\"\u00c9coutez l'article\"><span>\ud83d\udd0a \u00c9coutez l&rsquo;article<\/span><\/button>\n<\/div>\n<\/div>\n<\/div>\n<p>Le pr\u00e9sident fran\u00e7ais Emmanuel Macron a remerci\u00e9, ce soir, \u00e0 travers son compte twitter, les pays qui ont, rejoint le groupe de l\u2019appel de Christchurch pour la lutte contre les contenus terroristes et extr\u00e9mistes violents en ligne. Il a express\u00e9ment nomm\u00e9 les USA, la Tunisie, le P\u00e9rou, la R\u00e9publique tch\u00e8que, la Slovaquie, la Croatie et l\u2019Estonie.<\/p>\n<div class=\"code-block code-block-1 c4\">\n <ins class=\"adsbygoogle c3\" data-ad-layout=\"in-article\" data-ad-format=\"fluid\" data-ad-client=\"ca-pub-2102118777505746\" data-ad-slot=\"7301775417\"\/>\n<\/div>\n<p>Pour rappel, le gouvernement tunisien s\u2019est joint, cette ann\u00e9e \u00e0 l\u2019initiative de l\u2019appel de Christchurch, et le chef du gouvernement, Mechichi, y a prononc\u00e9, ce soir, une allocution, par visio conf\u00e9rence, pour affirmer l\u2019engagement de la Tunisie dans cet effort international de lutte contre toutes les formes de terrorisme.<\/p>\n<p><a href=\"https:\/\/www.tunisienumerique.com\/le-president-macron-remercie-la-tunisie-pour-avoir-rejoint-le-sommet-de-lappel-de-christchurch\/marcccc\/\" rel=\"attachment wp-att-663081\"><img decoding=\"async\" loading=\"lazy\" class=\"aligncenter size-full wp-image-663081\" src=\"https:\/\/www.tunisienumerique.com\/wp-content\/uploads\/2021\/05\/marcccc.jpg\" alt=\"\" width=\"600\" height=\"663\"\/><\/a><\/p>\n<div class=\"swp_social_panel swp_horizontal_panel swp_flat_fresh swp_default_full_color swp_individual_full_color swp_other_full_color scale-100 scale-\" data-min-width=\"1100\" data-float-color=\"#ffffff\" data-float=\"bottom\" data-float-mobile=\"bottom\" data-transition=\"slide\">\n<div class=\"nc_tweetContainer swp_share_button total_shares total_sharesalt\"><span class=\"swp_count\">0 <span class=\"swp_label\">Partages<\/span><\/span><\/div>\n<\/div>\n<p><strong>Que se passe-t-il en Tunisie?<\/strong><br \/>Nous expliquons sur notre <a href=\"https:\/\/www.youtube.com\/channel\/UCRzypVq0B_yBad5eGrwBx0Q?sub_confirmation=1\" target=\"_blank\" rel=\"noopener\">cha\u00eene YouTube<\/a> . <a href=\"https:\/\/www.youtube.com\/channel\/UCRzypVq0B_yBad5eGrwBx0Q?sub_confirmation=1\" target=\"_blank\" rel=\"noopener\">Abonnez-vous!<\/a><\/p>\n<div class=\"mvp-org-wrap\" itemprop=\"publisher\">\n<div class=\"mvp-org-logo\" itemprop=\"logo\"><img decoding=\"async\" src=\"https:\/\/www.tunisienumerique.com\/wp-content\/uploads\/2017\/02\/logo_tunisie_numerique.png\"\/><br \/>\n<meta itemprop=\"url\" content=\"https:\/\/www.tunisienumerique.com\/wp-content\/uploads\/2017\/02\/logo_tunisie_numerique.png\"\/><\/div>\n<p><meta content=\"Tunisie\"\/><\/div>\n<div class=\"mvp-related-posts left relative\">\n<h4 class=\"post-header\"><span class=\"post-header\">Lire aussi<\/span><\/h4>\n<\/div>\n<div id=\"article-ad\">\n <ins class=\"adsbygoogle c5\" data-ad-client=\"ca-pub-2102118777505746\" data-ad-slot=\"6513972734\" data-ad-format=\"auto\" data-full-width-responsive=\"true\"\/>\n<\/div>\n<\/div>\n<div id=\"post-sidebar-wrap\">\n <ins class=\"adsbygoogle c5\" data-ad-client=\"ca-pub-2102118777505746\" data-ad-slot=\"6168283410\" data-ad-format=\"auto\" data-full-width-responsive=\"true\"\/>\n<\/div>\n<p>Auteur: LM<br \/>\n<a href=\"https:\/\/www.tunisienumerique.com\/le-president-macron-remercie-la-tunisie-pour-avoir-rejoint-le-sommet-de-lappel-de-christchurch\/\">Cliquez ici pour lire l&rsquo;article depuis sa source.<\/a><\/p>\n","protected":false},"excerpt":{"rendered":"<p>Par LM \u00a0| Il y a 17 secondes \ud83d\udd0a \u00c9coutez l&rsquo;article Le pr\u00e9sident fran\u00e7ais Emmanuel Macron a remerci\u00e9, ce soir, \u00e0 travers son compte twitter, les pays qui ont, rejoint le groupe de l\u2019appel de Christchurch pour la lutte contre les contenus terroristes et extr\u00e9mistes violents en ligne. Il a express\u00e9ment nomm\u00e9 les USA, la [&hellip;]<\/p>\n","protected":false},"author":1789,"featured_media":0,"comment_status":"closed","ping_status":"closed","sticky":false,"template":"","format":"standard","meta":{"fifu_image_url":"https:\/\/secure.gravatar.com\/avatar\/047123be9d5e8513774383916ee72db2?s=50&d=mm&r=g","fifu_image_alt":"Le pr\u00e9sident Macron remercie la Tunisie pour avoir rejoint le sommet de l\u2019appel de Christchurch","footnotes":""},"categories":[73,55],"tags":[],"class_list":["post-116752","post","type-post","status-publish","format-standard","hentry","category-actualite","category-tunisie"],"_links":{"self":[{"href":"https:\/\/linitiative.ca\/International\/wp-json\/wp\/v2\/posts\/116752","targetHints":{"allow":["GET"]}}],"collection":[{"href":"https:\/\/linitiative.ca\/International\/wp-json\/wp\/v2\/posts"}],"about":[{"href":"https:\/\/linitiative.ca\/International\/wp-json\/wp\/v2\/types\/post"}],"author":[{"embeddable":true,"href":"https:\/\/linitiative.ca\/International\/wp-json\/wp\/v2\/users\/1789"}],"replies":[{"embeddable":true,"href":"https:\/\/linitiative.ca\/International\/wp-json\/wp\/v2\/comments?post=116752"}],"version-history":[{"count":0,"href":"https:\/\/linitiative.ca\/International\/wp-json\/wp\/v2\/posts\/116752\/revisions"}],"wp:attachment":[{"href":"https:\/\/linitiative.ca\/International\/wp-json\/wp\/v2\/media?parent=116752"}],"wp:term":[{"taxonomy":"category","embeddable":true,"href":"https:\/\/linitiative.ca\/International\/wp-json\/wp\/v2\/categories?post=116752"},{"taxonomy":"post_tag","embeddable":true,"href":"https:\/\/linitiative.ca\/International\/wp-json\/wp\/v2\/tags?post=116752"}],"curies":[{"name":"wp","href":"https:\/\/api.w.org\/{rel}","templated":true}]}}