{"id":116755,"date":"2021-05-14T17:15:43","date_gmt":"2021-05-14T21:15:43","guid":{"rendered":"https:\/\/linitiative.ca\/International\/covid-19-variant-indien-lallemagne-reclasse-la-grande-bretagne-en-zone-a-risque\/"},"modified":"2021-05-14T17:15:43","modified_gmt":"2021-05-14T21:15:43","slug":"covid-19-variant-indien-lallemagne-reclasse-la-grande-bretagne-en-zone-a-risque","status":"publish","type":"post","link":"https:\/\/linitiative.ca\/International\/covid-19-variant-indien-lallemagne-reclasse-la-grande-bretagne-en-zone-a-risque\/","title":{"rendered":"Covid-19 \u2013 Variant indien\u00a0: l\u2019Allemagne reclasse la Grande-Bretagne en zone \u00e0 risque"},"content":{"rendered":"<div class=\"post-cont-in left relative\">\n<div id=\"post-info-wrap\" class=\"left relative post-info-out\">\n<div class=\"post-info-img left relative\"><img decoding=\"async\" alt=\"\" src=\"https:\/\/secure.gravatar.com\/avatar\/15bad04153577161b05c79be8f652165?s=50&amp;d=mm&amp;r=g\" srcset=\"https:\/\/secure.gravatar.com\/avatar\/15bad04153577161b05c79be8f652165?s=100&amp;d=mm&amp;r=g 2x\" class=\"avatar avatar-50 photo\" height=\"50\" width=\"50\" loading=\"lazy\"\/><\/div>\n<div class=\"post-info-in\">\n<div class=\"post-info-right left relative post-info-name left relative\"><span><span class=\"post-info-text\">Par<\/span> <span class=\"author-name vcard fn author\"><a href=\"https:\/\/www.tunisienumerique.com\/author\/balkis\/\" title=\"Articles par balkis\" rel=\"author\">balkis<\/a><\/span><\/span> <span class=\"post-date updated\"><time class=\"post-date updated\" datetime=\"2021-05-14\">\u00a0| Il y a 21 secondes<\/time><\/span><br \/>\n<meta itemprop=\"dateModified\" content=\"2021-05-14\"\/><\/div>\n<div class=\"left relative\"><button id=\"listenButton1\" class=\"responsivevoice-button\" type=\"button\" value=\"Play\" title=\"\u00c9coutez l'article\"><span>\ud83d\udd0a \u00c9coutez l&rsquo;article<\/span><\/button>\n<\/div>\n<\/div>\n<\/div>\n<p>L\u2019Allemagne a reclass\u00e9 la Grande-Bretagne dans sa liste des zones \u00e0 risques face \u00e0 la pand\u00e9mie de Covid-19 en raison des cas de variant indien. Pour le moment, il n\u2019y a pas de restrictions suppl\u00e9mentaires pour les voyageurs de la Grande-Bretagne.<\/p>\n<div class=\"code-block code-block-1 c4\">\n <ins class=\"adsbygoogle c3\" data-ad-layout=\"in-article\" data-ad-format=\"fluid\" data-ad-client=\"ca-pub-2102118777505746\" data-ad-slot=\"7301775417\"\/>\n<\/div>\n<p>Depuis mercredi, l\u2019Allemagne a assoupli les r\u00e8gles pour les voyageurs en provenance des pays class\u00e9s \u00e0 risque qui n\u2019ont plus \u00e0 observer de quarantaine \u00e0 leur arriv\u00e9e s\u2019ils pr\u00e9sentent un test n\u00e9gatif r\u00e9cent, sont totalement vaccin\u00e9s contre le coronavirus ou consid\u00e9r\u00e9s comme gu\u00e9ris.<\/p>\n<p>Par contre, des exigences strictes sont en place pour toute personne entrant en Allemagne en provenance des pays de la liste des zones \u00e0 variants pr\u00e9occupants, et m\u00eame les personnes vaccin\u00e9es doivent observer une quarantaine \u00e0 leur arriv\u00e9e afin d\u2019endiguer la propagation des souches de coronavirus jug\u00e9es plus contagieuses.<\/p>\n<p>Cette liste renferme le N\u00e9pal, l\u2019Inde, le Br\u00e9sil et l\u2019Afrique du Sud.<\/p>\n<div class=\"swp_social_panel swp_horizontal_panel swp_flat_fresh swp_default_full_color swp_individual_full_color swp_other_full_color scale-100 scale-\" data-min-width=\"1100\" data-float-color=\"#ffffff\" data-float=\"bottom\" data-float-mobile=\"bottom\" data-transition=\"slide\">\n<div class=\"nc_tweetContainer swp_share_button total_shares total_sharesalt\"><span class=\"swp_count\">0 <span class=\"swp_label\">Partages<\/span><\/span><\/div>\n<\/div>\n<p><strong>Que se passe-t-il en Tunisie?<\/strong><br \/>Nous expliquons sur notre <a href=\"https:\/\/www.youtube.com\/channel\/UCRzypVq0B_yBad5eGrwBx0Q?sub_confirmation=1\" target=\"_blank\" rel=\"noopener\">cha\u00eene YouTube<\/a> . <a href=\"https:\/\/www.youtube.com\/channel\/UCRzypVq0B_yBad5eGrwBx0Q?sub_confirmation=1\" target=\"_blank\" rel=\"noopener\">Abonnez-vous!<\/a><\/p>\n<div class=\"mvp-org-wrap\" itemprop=\"publisher\">\n<div class=\"mvp-org-logo\" itemprop=\"logo\"><img decoding=\"async\" src=\"https:\/\/www.tunisienumerique.com\/wp-content\/uploads\/2017\/02\/logo_tunisie_numerique.png\"\/><br \/>\n<meta itemprop=\"url\" content=\"https:\/\/www.tunisienumerique.com\/wp-content\/uploads\/2017\/02\/logo_tunisie_numerique.png\"\/><\/div>\n<p><meta content=\"Tunisie\"\/><\/div>\n<div class=\"mvp-related-posts left relative\">\n<h4 class=\"post-header\"><span class=\"post-header\">Lire aussi<\/span><\/h4>\n<\/div>\n<div id=\"article-ad\">\n <ins class=\"adsbygoogle c5\" data-ad-client=\"ca-pub-2102118777505746\" data-ad-slot=\"6513972734\" data-ad-format=\"auto\" data-full-width-responsive=\"true\"\/>\n<\/div>\n<\/div>\n<div id=\"post-sidebar-wrap\">\n <ins class=\"adsbygoogle c5\" data-ad-client=\"ca-pub-2102118777505746\" data-ad-slot=\"6168283410\" data-ad-format=\"auto\" data-full-width-responsive=\"true\"\/>\n<\/div>\n<p>Auteur: balkis<br \/>\n<a href=\"https:\/\/www.tunisienumerique.com\/covid-19-variant-indien-lallemagne-reclasse-la-grande-bretagne-en-zone-a-risque\/\">Cliquez ici pour lire l&rsquo;article depuis sa source.<\/a><\/p>\n","protected":false},"excerpt":{"rendered":"<p>Par balkis \u00a0| Il y a 21 secondes \ud83d\udd0a \u00c9coutez l&rsquo;article L\u2019Allemagne a reclass\u00e9 la Grande-Bretagne dans sa liste des zones \u00e0 risques face \u00e0 la pand\u00e9mie de Covid-19 en raison des cas de variant indien. Pour le moment, il n\u2019y a pas de restrictions suppl\u00e9mentaires pour les voyageurs de la Grande-Bretagne. Depuis mercredi, l\u2019Allemagne [&hellip;]<\/p>\n","protected":false},"author":1789,"featured_media":0,"comment_status":"closed","ping_status":"closed","sticky":false,"template":"","format":"standard","meta":{"fifu_image_url":"https:\/\/secure.gravatar.com\/avatar\/15bad04153577161b05c79be8f652165?s=50&d=mm&r=g","fifu_image_alt":"Covid-19 \u2013 Variant indien\u00a0: l\u2019Allemagne reclasse la Grande-Bretagne en zone \u00e0 risque","footnotes":""},"categories":[73,55],"tags":[],"class_list":["post-116755","post","type-post","status-publish","format-standard","hentry","category-actualite","category-tunisie"],"_links":{"self":[{"href":"https:\/\/linitiative.ca\/International\/wp-json\/wp\/v2\/posts\/116755","targetHints":{"allow":["GET"]}}],"collection":[{"href":"https:\/\/linitiative.ca\/International\/wp-json\/wp\/v2\/posts"}],"about":[{"href":"https:\/\/linitiative.ca\/International\/wp-json\/wp\/v2\/types\/post"}],"author":[{"embeddable":true,"href":"https:\/\/linitiative.ca\/International\/wp-json\/wp\/v2\/users\/1789"}],"replies":[{"embeddable":true,"href":"https:\/\/linitiative.ca\/International\/wp-json\/wp\/v2\/comments?post=116755"}],"version-history":[{"count":0,"href":"https:\/\/linitiative.ca\/International\/wp-json\/wp\/v2\/posts\/116755\/revisions"}],"wp:attachment":[{"href":"https:\/\/linitiative.ca\/International\/wp-json\/wp\/v2\/media?parent=116755"}],"wp:term":[{"taxonomy":"category","embeddable":true,"href":"https:\/\/linitiative.ca\/International\/wp-json\/wp\/v2\/categories?post=116755"},{"taxonomy":"post_tag","embeddable":true,"href":"https:\/\/linitiative.ca\/International\/wp-json\/wp\/v2\/tags?post=116755"}],"curies":[{"name":"wp","href":"https:\/\/api.w.org\/{rel}","templated":true}]}}