{"id":116757,"date":"2021-05-13T18:27:36","date_gmt":"2021-05-13T22:27:36","guid":{"rendered":"https:\/\/linitiative.ca\/International\/conference-provinciale-du-mpp-kossi-le-mpp-se-porte-tres-bien-dans-la-province-sg-de-la-section-provinciale-mami-boubacar-traore\/"},"modified":"2021-05-13T18:27:36","modified_gmt":"2021-05-13T22:27:36","slug":"conference-provinciale-du-mpp-kossi-le-mpp-se-porte-tres-bien-dans-la-province-sg-de-la-section-provinciale-mami-boubacar-traore","status":"publish","type":"post","link":"https:\/\/linitiative.ca\/International\/conference-provinciale-du-mpp-kossi-le-mpp-se-porte-tres-bien-dans-la-province-sg-de-la-section-provinciale-mami-boubacar-traore\/","title":{"rendered":"Conf\u00e9rence provinciale du MPP Kossi : \u00ab Le MPP se porte tr\u00e8s bien dans la province \u00bb, SG  de la section provinciale, Mami Boubacar Traor\u00e9"},"content":{"rendered":"<div class=\"td-post-featured-image\">\n<figure><a href=\"https:\/\/www.sidwaya.info\/wp-content\/uploads\/2021\/05\/renovation.jpg\" data-caption=\"Les participants \u00e0 la conf\u00e9rence provinciale du MPP dans la Kossi.\"><img loading=\"lazy\" decoding=\"async\" width=\"696\" height=\"522\" class=\"entry-thumb td-modal-image\" src=\"https:\/\/www.sidwaya.info\/wp-content\/uploads\/2021\/05\/renovation-696x522.jpg\" srcset=\"https:\/\/www.sidwaya.info\/wp-content\/uploads\/2021\/05\/renovation-696x522.jpg 696w, https:\/\/www.sidwaya.info\/wp-content\/uploads\/2021\/05\/renovation-300x225.jpg 300w, https:\/\/www.sidwaya.info\/wp-content\/uploads\/2021\/05\/renovation-768x576.jpg 768w, https:\/\/www.sidwaya.info\/wp-content\/uploads\/2021\/05\/renovation-150x113.jpg 150w, https:\/\/www.sidwaya.info\/wp-content\/uploads\/2021\/05\/renovation-560x420.jpg 560w, https:\/\/www.sidwaya.info\/wp-content\/uploads\/2021\/05\/renovation-80x60.jpg 80w, https:\/\/www.sidwaya.info\/wp-content\/uploads\/2021\/05\/renovation-265x198.jpg 265w, https:\/\/www.sidwaya.info\/wp-content\/uploads\/2021\/05\/renovation.jpg 780w\" sizes=\"auto, (max-width: 696px) 100vw, 696px\" alt=\"\" title=\"renovation\"\/><\/a><figcaption class=\"wp-caption-text\">Les participants \u00e0 la conf\u00e9rence provinciale du MPP dans la Kossi.<\/figcaption><\/figure>\n<\/div>\n<p><strong>Le Mouvement du peuple pour le progr\u00e8s (MPP) section de la Kossi, a tenu, le samedi 8 mai 2021 \u00e0 Nouna sa conf\u00e9rence provinciale. La rencontre a \u00e9t\u00e9 pr\u00e9sid\u00e9e par le maire de Ouagadougou, Armand Pierre B\u00e9ouind\u00e9.<\/strong><\/p>\n<p>Le samedi 8 mai 2021, les militants se sont retrouv\u00e9s pour sacrifier \u00e0 la tradition. Une conf\u00e9rence pr\u00e9sid\u00e9e par le maire de la ville de Ouagadougou, Armand Pierre B\u00e9ouind\u00e9. Ce dernier, se pronon\u00e7ant sur la situation s\u00e9curitaire, a salu\u00e9 la discipline, l\u2019esprit patriotique des Forces de d\u00e9fense et de s\u00e9curit\u00e9 (FDS) ainsi que des Volontaires pour la d\u00e9fense de la patrie (VDP). Pour lui, cette situation difficile est un appel \u00e0 la vigilance. Sur le plan sanitaire, a-t-il ajout\u00e9, gr\u00e2ce aux mesures-barri\u00e8res et avec un plan de riposte, le taux de contamination de la COVID-19 est en baisse. Et d\u2019annoncer que le Burkina Faso fera recours au vaccin dans les semaines \u00e0 venir.<\/p>\n<p>Les premiers b\u00e9n\u00e9ficiaires, a indiqu\u00e9 le chef de la d\u00e9l\u00e9gation, sont les personnes vuln\u00e9rables, le personnel de la sant\u00e9 et les personnes \u00e2g\u00e9es de plus de 65 ans.<br \/>Abordant la question de la vie du parti sur le plan local, le SG de la section provinciale, Mami Boubacar Traor\u00e9, s\u2019est r\u00e9joui de la participation de la section \u00e0 toutes les rencontres statutaires et aux diff\u00e9rents processus des \u00e9lections. \u00ab Le MPP se porte tr\u00e8s bien dans la Kossi \u00bb, a soulign\u00e9 le SG qui s\u2019est dit d\u00e9termin\u00e9 \u00e0 renforcer sa gouvernance et son leadership sur le plan local. Il a lanc\u00e9 un appel \u00e0 la coh\u00e9sion sociale et \u00e0 l\u2019union entre fils et filles de la province pour faire du parti le levier du d\u00e9veloppement de la Kossi.<br \/>Le Ministre d\u00e9l\u00e9gu\u00e9, Maxime Kon\u00e9, a, quant \u00e0 lui, fait le bilan des \u00e9lections coupl\u00e9es de novembre 2020. Il a salu\u00e9 la mobilisation g\u00e9n\u00e9rale qui a permis les r\u00e9sultats satisfaisants dans la Kossi.<\/p>\n<p class=\"c1\"><strong>Adama CISSE<\/strong><br \/>(AIB Kossi)<\/p>\n<div class=\"td-a-rec td-a-rec-id-content_bottom tdi_33_2ce td_block_template_1\">\n<p><img loading=\"lazy\" decoding=\"async\" class=\"aligncenter size-full wp-image-27454\" src=\"https:\/\/www.sidwaya.info\/wp-content\/uploads\/2020\/10\/PUB-Bandeau-paiement-mobile-siteweb.jpg\" alt=\"\" width=\"728\" height=\"90\"\/><\/div>\n<p>Auteur: JK. Sidwaya<br \/>\n<a href=\"https:\/\/www.sidwaya.info\/blog\/2021\/05\/13\/conference-provinciale-du-mpp-kossi-le-mpp-se-porte-tres-bien-dans-la-province-sg-de-la-section-provinciale-mami-boubacar-traore\/\">Cliquez ici pour lire l&rsquo;article depuis sa source.<\/a><\/p>\n","protected":false},"excerpt":{"rendered":"<p>Les participants \u00e0 la conf\u00e9rence provinciale du MPP dans la Kossi. Le Mouvement du peuple pour le progr\u00e8s (MPP) section de la Kossi, a tenu, le samedi 8 mai 2021 \u00e0 Nouna sa conf\u00e9rence provinciale. La rencontre a \u00e9t\u00e9 pr\u00e9sid\u00e9e par le maire de Ouagadougou, Armand Pierre B\u00e9ouind\u00e9. Le samedi 8 mai 2021, les militants [&hellip;]<\/p>\n","protected":false},"author":1816,"featured_media":0,"comment_status":"closed","ping_status":"closed","sticky":false,"template":"","format":"standard","meta":{"fifu_image_url":"https:\/\/www.sidwaya.info\/wp-content\/uploads\/2021\/05\/renovation-696x522.jpg","fifu_image_alt":"Conf\u00e9rence provinciale du MPP Kossi : \u00ab Le MPP se porte tr\u00e8s bien dans la province \u00bb, SG  de la section provinciale, Mami Boubacar Traor\u00e9","footnotes":""},"categories":[73,81],"tags":[],"class_list":["post-116757","post","type-post","status-publish","format-standard","hentry","category-actualite","category-burkina-faso"],"_links":{"self":[{"href":"https:\/\/linitiative.ca\/International\/wp-json\/wp\/v2\/posts\/116757","targetHints":{"allow":["GET"]}}],"collection":[{"href":"https:\/\/linitiative.ca\/International\/wp-json\/wp\/v2\/posts"}],"about":[{"href":"https:\/\/linitiative.ca\/International\/wp-json\/wp\/v2\/types\/post"}],"author":[{"embeddable":true,"href":"https:\/\/linitiative.ca\/International\/wp-json\/wp\/v2\/users\/1816"}],"replies":[{"embeddable":true,"href":"https:\/\/linitiative.ca\/International\/wp-json\/wp\/v2\/comments?post=116757"}],"version-history":[{"count":0,"href":"https:\/\/linitiative.ca\/International\/wp-json\/wp\/v2\/posts\/116757\/revisions"}],"wp:attachment":[{"href":"https:\/\/linitiative.ca\/International\/wp-json\/wp\/v2\/media?parent=116757"}],"wp:term":[{"taxonomy":"category","embeddable":true,"href":"https:\/\/linitiative.ca\/International\/wp-json\/wp\/v2\/categories?post=116757"},{"taxonomy":"post_tag","embeddable":true,"href":"https:\/\/linitiative.ca\/International\/wp-json\/wp\/v2\/tags?post=116757"}],"curies":[{"name":"wp","href":"https:\/\/api.w.org\/{rel}","templated":true}]}}