{"id":116761,"date":"2021-05-14T12:07:06","date_gmt":"2021-05-14T16:07:06","guid":{"rendered":"https:\/\/linitiative.ca\/International\/promotion-des-droits-des-enfants-afrique-seconde-famille-forme-des-ambassadeurs\/"},"modified":"2021-05-14T12:07:06","modified_gmt":"2021-05-14T16:07:06","slug":"promotion-des-droits-des-enfants-afrique-seconde-famille-forme-des-ambassadeurs","status":"publish","type":"post","link":"https:\/\/linitiative.ca\/International\/promotion-des-droits-des-enfants-afrique-seconde-famille-forme-des-ambassadeurs\/","title":{"rendered":"Promotion des droits des enfants: Afrique seconde famille forme des \u00ab\u00a0ambassadeurs\u00a0\u00bb"},"content":{"rendered":"<div class=\"td-post-featured-image\"><a href=\"https:\/\/www.sidwaya.info\/wp-content\/uploads\/2021\/05\/1-17.jpg\" data-caption=\"\"><img loading=\"lazy\" decoding=\"async\" width=\"696\" height=\"522\" class=\"entry-thumb td-modal-image\" src=\"https:\/\/www.sidwaya.info\/wp-content\/uploads\/2021\/05\/1-17-696x522.jpg\" srcset=\"https:\/\/www.sidwaya.info\/wp-content\/uploads\/2021\/05\/1-17-696x522.jpg 696w, https:\/\/www.sidwaya.info\/wp-content\/uploads\/2021\/05\/1-17-300x225.jpg 300w, https:\/\/www.sidwaya.info\/wp-content\/uploads\/2021\/05\/1-17-768x576.jpg 768w, https:\/\/www.sidwaya.info\/wp-content\/uploads\/2021\/05\/1-17-150x113.jpg 150w, https:\/\/www.sidwaya.info\/wp-content\/uploads\/2021\/05\/1-17-560x420.jpg 560w, https:\/\/www.sidwaya.info\/wp-content\/uploads\/2021\/05\/1-17-80x60.jpg 80w, https:\/\/www.sidwaya.info\/wp-content\/uploads\/2021\/05\/1-17-265x198.jpg 265w, https:\/\/www.sidwaya.info\/wp-content\/uploads\/2021\/05\/1-17.jpg 900w\" sizes=\"auto, (max-width: 696px) 100vw, 696px\" alt=\"\" title=\"1\"\/><\/a><\/div>\n<p><strong>L\u2019Afrique seconde famille (ASF) en collaboration avec la <em>\u00ab\u00a0Fondation du prix des enfants du monde<\/em>\u00a0\u00bb a organis\u00e9, les 1 er et samedi 8 mai 2021, \u00e0 Ouagadugou, une session de formation sur les droits des enfants au profit des \u00e9l\u00e8ves, des enseignants, des leaders religieux, coutumiers et des conseillers municipaux.<\/strong><\/p>\n<p>\u00ab\u00a0Toi Moi, M\u00eames Droits\u00a0\u00bb tel est le th\u00e8me de la formation initi\u00e9e par l\u2019Afrique seconde famille (ASF) et de ses partenaires dont la Fondation du Prix des enfants du monde. Les participants sont des \u00e9l\u00e8ves \u00e2g\u00e9s de 10 \u00e0 18 ans issus d\u2019une trentaine d\u2019\u00e9coles de Ouagadougou, des enseignant(e)s des conseillers municipaux, des leaders religieux et coutumiers repartisses en deux groupes\u00a0(\u00e9l\u00e8ves et les autres participants) dans deux classes diff\u00e9rentes.<\/p>\n<p>L\u2019objectif est d\u2019amener les enfants \u00e0 \u00eatre eux-m\u00eames des acteurs pour la promotion et la protection de leurs droits. Ces derniers ont appris \u00e0 travers le programme <em>\u00ab\u00a0Toi Moi M\u00eames Droits- pour les droits des filles\u00a0<\/em>\u00bb les diff\u00e9rentes violations de leurs droits et aussi comment les d\u00e9fendre. Le droit d\u2019aller \u00e0 l\u2019\u00e9cole, le droit \u00e0 la protection contre toute forme de violence, le droit au jeu et le droit de donner son avis et d\u2019\u00eatre entendu, etc. ont \u00e9t\u00e9 pass\u00e9s en peigne fin avec les \u00e9l\u00e8ves. Les enfants form\u00e9s seront des ambassadeurs appel\u00e9s \u00e0 aider d\u2019autres enfants \u00e0 devenir des acteurs du changement. Ils travailleront \u00e9galement \u00e0 ce que les filles aient les m\u00eames droits que les gar\u00e7ons. \u00a0Les enfants \u00e0 l\u2019instar de Minata Sanou, 16 ans, en classe de 6\u00e8 au lyc\u00e9e la Sagesse est satisfaite de ce qu\u2019elle a appris et se met d\u00e9j\u00e0 dans la peau d\u2019une ambassadrice de la protection des droits des enfants. <em>\u00ab\u00a0Je veux qu\u2019on bannisse le mariage forc\u00e9 des enfants. Je vais dire \u00e0 mes parents, \u00e0 mes camarades et \u00e0 mon entourage de respecter les droits des enfants et que les filles et les gar\u00e7ons ont les m\u00eames droits<\/em>\u00a0\u00bb, a \u2013t-elle ajout\u00e9. En plus de Ouagadougou, des \u00e9coles de Ziniar\u00e9 et de Manga b\u00e9n\u00e9ficient aussi de cette initiative \u00ab\u00a0Toi Moi, m\u00eames droits\u00a0\u00bb.<\/p>\n<p><img decoding=\"async\" loading=\"lazy\" class=\"alignleft wp-image-35334\" src=\"https:\/\/www.sidwaya.info\/wp-content\/uploads\/2021\/05\/2..jpg\" alt=\"\" width=\"555\" height=\"416\" srcset=\"https:\/\/www.sidwaya.info\/wp-content\/uploads\/2021\/05\/2..jpg 900w, https:\/\/www.sidwaya.info\/wp-content\/uploads\/2021\/05\/2.-300x225.jpg 300w, https:\/\/www.sidwaya.info\/wp-content\/uploads\/2021\/05\/2.-768x576.jpg 768w, https:\/\/www.sidwaya.info\/wp-content\/uploads\/2021\/05\/2.-150x113.jpg 150w, https:\/\/www.sidwaya.info\/wp-content\/uploads\/2021\/05\/2.-696x522.jpg 696w, https:\/\/www.sidwaya.info\/wp-content\/uploads\/2021\/05\/2.-560x420.jpg 560w, https:\/\/www.sidwaya.info\/wp-content\/uploads\/2021\/05\/2.-80x60.jpg 80w, https:\/\/www.sidwaya.info\/wp-content\/uploads\/2021\/05\/2.-265x198.jpg 265w\" sizes=\"auto, (max-width: 555px) 100vw, 555px\"\/>\u00ab\u00a0<em>Le programme de formation regroupe des \u00e9l\u00e8ves de cinquante \u00e9coles, dix \u00e0 Ziniar\u00e9, dix \u00e0 Manga et trente \u00e0 Ouagadougou.\u00a0 Dans chaque \u00e9tablissement on prend deux filles et deux gar\u00e7ons et un enseignant et une enseignante. Dans la localit\u00e9 <span class=\"c1\">ou<\/span> o\u00f9 sont implant\u00e9es ces \u00e9coles, nous identifions et formons aussi deux chefs religieux, deux chefs coutumiers<\/em>\u00a0et un conseiller municipal \u00bb, a pr\u00e9cis\u00e9, le pr\u00e9sident de Afrique seconde famille (ASF), point focal du Prix des enfants du monde, Pris\u00e9e Delwend\u00e9 Tiemtor\u00e9.<\/p>\n<p>A l\u2019issu des sessions de formations, les enfants vont animer des clubs du <em>\u00ab\u00a0Prix des enfants du monde pour les droits de l\u2019enfant\u00a0<\/em>\u00bb au sein des \u00e9coles. Autres activit\u00e9s inscrites dans leurs programmes sont la participation \u00e0 l\u2019organisation du vote mondial pour la personnalit\u00e9 des enfants, \u00e0 la course autour des globes qui est une marche pour la protection des droits des enfants et \u00e0 la journ\u00e9e sans d\u00e9chets de la <em>\u00ab\u00a0Fondation du prix des enfants du monde<\/em>\u00a0\u00bb.<\/p>\n<p><strong>Wamini Micheline OUEDRAOGO<\/strong><\/p>\n<hr\/>\n<p>\u00ab\u00a0Nous les gar\u00e7ons, devons aussi faire la vaisselle\u00a0\u00bb, Abdoul Fatao, 14 ans<\/p>\n<p>C\u2019est la faute des parents si l\u2019on dit toujours aux filles qu\u2019elles sont inf\u00e9rieures aux gar\u00e7ons. Et nous, les gar\u00e7ons, nous \u00e9chappons aux t\u00e2ches m\u00e9nag\u00e8res et laissons tout le travail aux filles. Ce n\u2019est pas juste. Les filles font la vaisselle, la cuisine et lavent les v\u00eatements de leurs fr\u00e8res. Elles quittent l\u2019\u00e9cole pour devenir domestiques dans la maison de quelqu\u2019un d\u2019autre. Nous les gar\u00e7ons et les hommes devons \u00e9galement faire les travaux m\u00e9nagers pour montrer que nous sommes \u00e9gaux et pour ne pas faire de la femme ou de la fille une esclave domestique\u00a0\u00bb. (Source\u00a0: magazine Toi Moi m\u00eames Droits)<\/p>\n<div class=\"td-a-rec td-a-rec-id-content_bottom tdi_33_be7 td_block_template_1\">\n<p><img loading=\"lazy\" decoding=\"async\" class=\"aligncenter size-full wp-image-27454\" src=\"https:\/\/www.sidwaya.info\/wp-content\/uploads\/2020\/10\/PUB-Bandeau-paiement-mobile-siteweb.jpg\" alt=\"\" width=\"728\" height=\"90\"\/><\/div>\n<p>Auteur: BS. Sidwaya<br \/>\n<a href=\"https:\/\/www.sidwaya.info\/blog\/2021\/05\/14\/promotion-des-droits-des-enfants-afrique-seconde-famille-forme-des-ambassadeurs\/\">Cliquez ici pour lire l&rsquo;article depuis sa source.<\/a><\/p>\n","protected":false},"excerpt":{"rendered":"<p>L\u2019Afrique seconde famille (ASF) en collaboration avec la \u00ab\u00a0Fondation du prix des enfants du monde\u00a0\u00bb a organis\u00e9, les 1 er et samedi 8 mai 2021, \u00e0 Ouagadugou, une session de formation sur les droits des enfants au profit des \u00e9l\u00e8ves, des enseignants, des leaders religieux, coutumiers et des conseillers municipaux. \u00ab\u00a0Toi Moi, M\u00eames Droits\u00a0\u00bb tel [&hellip;]<\/p>\n","protected":false},"author":1816,"featured_media":0,"comment_status":"closed","ping_status":"closed","sticky":false,"template":"","format":"standard","meta":{"fifu_image_url":"https:\/\/www.sidwaya.info\/wp-content\/uploads\/2021\/05\/1-17-696x522.jpg","fifu_image_alt":"Promotion des droits des enfants: Afrique seconde famille forme des \u00ab\u00a0ambassadeurs\u00a0\u00bb","footnotes":""},"categories":[73,81],"tags":[],"class_list":["post-116761","post","type-post","status-publish","format-standard","hentry","category-actualite","category-burkina-faso"],"_links":{"self":[{"href":"https:\/\/linitiative.ca\/International\/wp-json\/wp\/v2\/posts\/116761","targetHints":{"allow":["GET"]}}],"collection":[{"href":"https:\/\/linitiative.ca\/International\/wp-json\/wp\/v2\/posts"}],"about":[{"href":"https:\/\/linitiative.ca\/International\/wp-json\/wp\/v2\/types\/post"}],"author":[{"embeddable":true,"href":"https:\/\/linitiative.ca\/International\/wp-json\/wp\/v2\/users\/1816"}],"replies":[{"embeddable":true,"href":"https:\/\/linitiative.ca\/International\/wp-json\/wp\/v2\/comments?post=116761"}],"version-history":[{"count":0,"href":"https:\/\/linitiative.ca\/International\/wp-json\/wp\/v2\/posts\/116761\/revisions"}],"wp:attachment":[{"href":"https:\/\/linitiative.ca\/International\/wp-json\/wp\/v2\/media?parent=116761"}],"wp:term":[{"taxonomy":"category","embeddable":true,"href":"https:\/\/linitiative.ca\/International\/wp-json\/wp\/v2\/categories?post=116761"},{"taxonomy":"post_tag","embeddable":true,"href":"https:\/\/linitiative.ca\/International\/wp-json\/wp\/v2\/tags?post=116761"}],"curies":[{"name":"wp","href":"https:\/\/api.w.org\/{rel}","templated":true}]}}