{"id":116762,"date":"2021-05-14T11:18:02","date_gmt":"2021-05-14T15:18:02","guid":{"rendered":"https:\/\/linitiative.ca\/International\/cote-divoire-promotion-du-metier-de-statisticien-aupres-de-la-gent-feminine\/"},"modified":"2021-05-14T11:18:02","modified_gmt":"2021-05-14T15:18:02","slug":"cote-divoire-promotion-du-metier-de-statisticien-aupres-de-la-gent-feminine","status":"publish","type":"post","link":"https:\/\/linitiative.ca\/International\/cote-divoire-promotion-du-metier-de-statisticien-aupres-de-la-gent-feminine\/","title":{"rendered":"C\u00f4te d\u2019Ivoire : promotion du m\u00e9tier de statisticien aupr\u00e8s de la gent f\u00e9minine"},"content":{"rendered":"<div readability=\"32\">\n<p>Publi\u00e9 le 14.05.2021 \u00e0 16h18 par APA News<\/p>\n<\/div>\n<div readability=\"83\">\n<p>Quinze jeunes filles de la C\u00f4te d\u2019Ivoire, du B\u00e9nin, du Cameroun et du Burkina Faso admises au concours d\u2019entr\u00e9e \u00e0 l\u2019Ecole nationale de statistique et d\u2019\u00e9conomie appliqu\u00e9e (ENSEA) d\u2019Abidjan ont re\u00e7u chacune, vendredi, un ordinateur au cours d\u2019une c\u00e9r\u00e9monie pr\u00e9sid\u00e9e par Nial\u00e9 Kaba, la ministre ivoirienne du Plan et du d\u00e9veloppement.<\/p>\n<p>Ces 15 \u00a0laur\u00e9ates ont \u00e9t\u00e9 admises aux fili\u00e8res de formation d\u2019ing\u00e9nieur statisticien \u00e9conomiste et d\u2019ing\u00e9nieur de travaux statistiques. Cette initiative qui est \u00e0 sa quatri\u00e8me \u00e9dition, s\u2019inscrit dans le cadre de la sensibilisation et la promotion de l\u2019\u00e9quit\u00e9 et du genre dans la formation statistique.<\/p>\n<p>Selon la ministre Nial\u00e9 Kaba, le concours d\u2019entr\u00e9e dans les fili\u00e8res d\u2019ing\u00e9nieur statisticien \u00e9conomiste et d\u2019ing\u00e9nieur des travaux statistiques de l\u2019ENSEA est tr\u00e8s s\u00e9lectif d\u2019o\u00f9 le m\u00e9rite de ces jeunes filles. Elle a salu\u00e9, par ailleurs, \u00a0leur \u00ab travail et leur engagement personnel \u00bb dans la recherche de l\u2019excellence.<\/p>\n<p>\u00a0\u00ab Je voudrais les f\u00e9liciter et les encourager \u00e0 pers\u00e9v\u00e9rer dans l\u2019effort parce que le succ\u00e8s est au bout de l\u2019effort \u00bb, a estim\u00e9 la ministre du Plan et du d\u00e9veloppement qui est la premi\u00e8re femme ing\u00e9nieure statisticienne en C\u00f4te d\u2019Ivoire.<\/p>\n<p>Avant elle, Dr Hugues Kouadio, le directeur g\u00e9n\u00e9ral de l\u2019ENSEA a indiqu\u00e9 que l\u2019ambition de son \u00e9tablissement est de porter la proportion des filles, qui est de 20% \u00a0dans son effectif actuel, \u00e0 30%.<\/p>\n<p>C\u2019est pourquoi, il dit \u00eatre conscient de ce que \u00ab des efforts restent \u00e0 faire \u00bb. \u00ab \u00a0L\u2019ordinateur est un outil indispensable \u00e0 notre formation. Il nous permettra de travailler ais\u00e9ment. Nous sommes plus qu\u2019honor\u00e9es par la reconnaissance de nos efforts \u00bb, a dit \u00e0 son tour, Olivia Adou, au nom des 15 r\u00e9cipiendaires.<\/p>\n<p>Poursuivant, elle a appel\u00e9 les jeunes filles \u00e0 se lancer dans la formation scientifique, surtout dans le m\u00e9tier de statisticien. Depuis sa cr\u00e9ation en 1961, l\u2019ENSEA a form\u00e9 plus de 4000 statisticiens pour les pays africains.<\/p>\n<\/div>\n<p>Auteur: APA News<br \/>\n<a href=\"https:\/\/www.journalducameroun.com\/cote-divoire-promotion-du-metier-de-statisticien-aupres-de-la-gent-feminine\/\">Cliquez ici pour lire l&rsquo;article depuis sa source.<\/a><\/p>\n","protected":false},"excerpt":{"rendered":"<p>Publi\u00e9 le 14.05.2021 \u00e0 16h18 par APA News Quinze jeunes filles de la C\u00f4te d\u2019Ivoire, du B\u00e9nin, du Cameroun et du Burkina Faso admises au concours d\u2019entr\u00e9e \u00e0 l\u2019Ecole nationale de statistique et d\u2019\u00e9conomie appliqu\u00e9e (ENSEA) d\u2019Abidjan ont re\u00e7u chacune, vendredi, un ordinateur au cours d\u2019une c\u00e9r\u00e9monie pr\u00e9sid\u00e9e par Nial\u00e9 Kaba, la ministre ivoirienne du [&hellip;]<\/p>\n","protected":false},"author":1965,"featured_media":0,"comment_status":"closed","ping_status":"closed","sticky":false,"template":"","format":"standard","meta":{"fifu_image_url":"","fifu_image_alt":"","footnotes":""},"categories":[73,82],"tags":[],"class_list":["post-116762","post","type-post","status-publish","format-standard","hentry","category-actualite","category-cameroun"],"_links":{"self":[{"href":"https:\/\/linitiative.ca\/International\/wp-json\/wp\/v2\/posts\/116762","targetHints":{"allow":["GET"]}}],"collection":[{"href":"https:\/\/linitiative.ca\/International\/wp-json\/wp\/v2\/posts"}],"about":[{"href":"https:\/\/linitiative.ca\/International\/wp-json\/wp\/v2\/types\/post"}],"author":[{"embeddable":true,"href":"https:\/\/linitiative.ca\/International\/wp-json\/wp\/v2\/users\/1965"}],"replies":[{"embeddable":true,"href":"https:\/\/linitiative.ca\/International\/wp-json\/wp\/v2\/comments?post=116762"}],"version-history":[{"count":0,"href":"https:\/\/linitiative.ca\/International\/wp-json\/wp\/v2\/posts\/116762\/revisions"}],"wp:attachment":[{"href":"https:\/\/linitiative.ca\/International\/wp-json\/wp\/v2\/media?parent=116762"}],"wp:term":[{"taxonomy":"category","embeddable":true,"href":"https:\/\/linitiative.ca\/International\/wp-json\/wp\/v2\/categories?post=116762"},{"taxonomy":"post_tag","embeddable":true,"href":"https:\/\/linitiative.ca\/International\/wp-json\/wp\/v2\/tags?post=116762"}],"curies":[{"name":"wp","href":"https:\/\/api.w.org\/{rel}","templated":true}]}}