{"id":116763,"date":"2021-05-14T11:18:03","date_gmt":"2021-05-14T15:18:03","guid":{"rendered":"https:\/\/linitiative.ca\/International\/cote-divoire-une-part-belle-aux-meilleurs-eleves-dans-les-affectations\/"},"modified":"2021-05-14T11:18:03","modified_gmt":"2021-05-14T15:18:03","slug":"cote-divoire-une-part-belle-aux-meilleurs-eleves-dans-les-affectations","status":"publish","type":"post","link":"https:\/\/linitiative.ca\/International\/cote-divoire-une-part-belle-aux-meilleurs-eleves-dans-les-affectations\/","title":{"rendered":"C\u00f4te d\u2019Ivoire: une part belle aux meilleurs \u00e9l\u00e8ves dans les affectations"},"content":{"rendered":"<div readability=\"32\">\n<p>Publi\u00e9 le 14.05.2021 \u00e0 16h18 par APA News<\/p>\n<\/div>\n<div readability=\"104\">\n<p>Les affectations en ligne des \u00e9l\u00e8ves admis en classe de 6e en C\u00f4te d\u2019Ivoire sont d\u00e9sormais pr\u00e9vues sur 24h pour les meilleurs admis au CEPE avec 153 points et plus (au moins 18\/20 de moyenne), et trois semaines pour ceux ayant obtenu 85 \u00e0 152 points.<\/p>\n<p>Il s\u2019agit d\u2019une \u00ab\u00a0affectation pr\u00e9f\u00e9rentielle\u00a0\u00bb au profit de ceux qui ont au moins 18\/20 de moyenne, a dit le Directeur de l\u2019orientation et des bourses (DOB), J\u00e9r\u00f4me Ayeko\u00e9, lors du lancement de la campagne des affectations en ligne des \u00e9l\u00e8ves admis en 6e pour la rentr\u00e9e scolaire 2021-2022.\u00a0<\/p>\n<p>La Direction des orientations et des bourses a lanc\u00e9 vendredi cette campagne au Lyc\u00e9e Sainte-Marie de Cocody, dans l\u2019Est d\u2019Abidjan, notamment pr\u00e9vue du 14 mai au 5 juin 2021 \u00ab\u00a0dans la perspective d\u2019am\u00e9liorer le pourcentage d\u2019\u00e9l\u00e8ves affect\u00e9s en ligne\u00a0\u00bb.<\/p>\n<p>La rencontre a r\u00e9uni des d\u00e9l\u00e9gations de la communaut\u00e9 \u00e9ducative dans les directions r\u00e9gionales et d\u00e9partementales. A l\u2019attention des parents, M. J\u00e9r\u00f4me Ayeko\u00e9, a insist\u00e9 que l\u2019affectation en ligne de l\u2019\u00e9l\u00e8ve est r\u00e9serv\u00e9e aux tuteurs et aux g\u00e9niteurs de l\u2019enfant.\u00a0<\/p>\n<p>Selon M. J\u00e9r\u00f4me Ayeko\u00e9, les parents des \u00e9l\u00e8ves ayant obtenu au moins 153 points, auront la latitude de faire le premier jour (de 23h59 au lendemain 23h30), l\u2019affectation de leurs enfants. Et le jour suivant, et ce sur trois semaines, les autres admis au CEPE feront leur affectation.\u00a0<\/p>\n<p>L\u2019affectation en ligne se fait via le t\u00e9l\u00e9phone mobile. Le parent devra disposer du matricule de l\u2019enfant, envoyer DOB au 9991 et suivre les instructions de l\u2019op\u00e9rateur de t\u00e9l\u00e9phonie mobile de son choix.\u00a0<\/p>\n<p>\u00ab\u00a0Cette ann\u00e9e, pour tenir compte des observations des parents d\u2019\u00e9l\u00e8ves\u00a0\u00bb, l\u2019affectation en ligne sera consacr\u00e9e pour la premi\u00e8re journ\u00e9e aux excellents et \u00e0 partir de la deuxi\u00e8me journ\u00e9e \u00e0 ceux ayant obtenu au moins 85 points, a-t-il relev\u00e9.\u00a0<\/p>\n<p>En 2019 et 2020, la DOB a r\u00e9alis\u00e9 respectivement des taux d\u2018ex\u00e9cution de 85% et de 90%. L\u2019ann\u00e9e pr\u00e9c\u00e9dente, 10h apr\u00e8s le d\u00e9marrage, 300 000 \u00e9l\u00e8ves ont pu \u00eatre affect\u00e9s en ligne.<\/p>\n<p>\u00ab\u00a0Malgr\u00e9 ces r\u00e9sultats, nous devons maintenir nos efforts car il y a encore, environ 10% des \u00e9l\u00e8ves, au plan national, qui ont \u00e9chapp\u00e9 \u00e0 l\u2019affectation en ligne\u00a0\u00bb, a fait observer M. Ayeko\u00e9.\u00a0<\/p>\n<p>Dans la DREN (Direction r\u00e9gionale de l\u2019\u00c9ducation nationale) d\u2019Abidjan1, qui a servi de pilote au projet d\u2019affectation en ligne, ce taux est de 14, 38%, soit 2967 \u00e9l\u00e8ves sur 20.636 admis.\u00a0<\/p>\n<p>Les ann\u00e9es ant\u00e9rieures les affectations en ligne des \u00e9l\u00e8ves admis au CEPE se faisait pour tous, d\u00e8s l\u2019ouverture du processus d\u2019affectation. Certains parents avaient critiqu\u00e9 le processus, souhaitant une exception pour les \u00e9l\u00e8ves excellents. \u00a0<\/p>\n<\/div>\n<p>Auteur: APA News<br \/>\n<a href=\"https:\/\/www.journalducameroun.com\/cote-divoire-une-part-belle-aux-meilleurs-eleves-dans-les-affectations\/\">Cliquez ici pour lire l&rsquo;article depuis sa source.<\/a><\/p>\n","protected":false},"excerpt":{"rendered":"<p>Publi\u00e9 le 14.05.2021 \u00e0 16h18 par APA News Les affectations en ligne des \u00e9l\u00e8ves admis en classe de 6e en C\u00f4te d\u2019Ivoire sont d\u00e9sormais pr\u00e9vues sur 24h pour les meilleurs admis au CEPE avec 153 points et plus (au moins 18\/20 de moyenne), et trois semaines pour ceux ayant obtenu 85 \u00e0 152 points. Il [&hellip;]<\/p>\n","protected":false},"author":1965,"featured_media":0,"comment_status":"closed","ping_status":"closed","sticky":false,"template":"","format":"standard","meta":{"fifu_image_url":"","fifu_image_alt":"","footnotes":""},"categories":[73,82],"tags":[],"class_list":["post-116763","post","type-post","status-publish","format-standard","hentry","category-actualite","category-cameroun"],"_links":{"self":[{"href":"https:\/\/linitiative.ca\/International\/wp-json\/wp\/v2\/posts\/116763","targetHints":{"allow":["GET"]}}],"collection":[{"href":"https:\/\/linitiative.ca\/International\/wp-json\/wp\/v2\/posts"}],"about":[{"href":"https:\/\/linitiative.ca\/International\/wp-json\/wp\/v2\/types\/post"}],"author":[{"embeddable":true,"href":"https:\/\/linitiative.ca\/International\/wp-json\/wp\/v2\/users\/1965"}],"replies":[{"embeddable":true,"href":"https:\/\/linitiative.ca\/International\/wp-json\/wp\/v2\/comments?post=116763"}],"version-history":[{"count":0,"href":"https:\/\/linitiative.ca\/International\/wp-json\/wp\/v2\/posts\/116763\/revisions"}],"wp:attachment":[{"href":"https:\/\/linitiative.ca\/International\/wp-json\/wp\/v2\/media?parent=116763"}],"wp:term":[{"taxonomy":"category","embeddable":true,"href":"https:\/\/linitiative.ca\/International\/wp-json\/wp\/v2\/categories?post=116763"},{"taxonomy":"post_tag","embeddable":true,"href":"https:\/\/linitiative.ca\/International\/wp-json\/wp\/v2\/tags?post=116763"}],"curies":[{"name":"wp","href":"https:\/\/api.w.org\/{rel}","templated":true}]}}