{"id":116764,"date":"2021-05-14T11:18:03","date_gmt":"2021-05-14T15:18:03","guid":{"rendered":"https:\/\/linitiative.ca\/International\/entree-en-vigueur-de-la-modification-de-laccord-de-libre-echange-maroc-turquie\/"},"modified":"2021-05-14T11:18:03","modified_gmt":"2021-05-14T15:18:03","slug":"entree-en-vigueur-de-la-modification-de-laccord-de-libre-echange-maroc-turquie","status":"publish","type":"post","link":"https:\/\/linitiative.ca\/International\/entree-en-vigueur-de-la-modification-de-laccord-de-libre-echange-maroc-turquie\/","title":{"rendered":"Entr\u00e9e en vigueur de la modification de l\u2019accord de libre-\u00e9change Maroc-Turquie"},"content":{"rendered":"<div readability=\"32\">\n<p>Publi\u00e9 le 14.05.2021 \u00e0 16h18 par APA News<\/p>\n<\/div>\n<div readability=\"58\">\n<p>La modification de l\u2019accord de libre-\u00e9change (ALE) entre le Maroc et la Turquie est entr\u00e9e en vigueur apr\u00e8s sa publication au Bulletin officiel du Royaume.Cet amendement fait partie du projet de loi n\u00b0 54.20, que le Maroc et la Turquie ont sign\u00e9 \u00e0 Rabat le 24 ao\u00fbt dernier.<\/p>\n<p>Le nouveau texte vise \u00e0 imposer des droits de douane, pour une p\u00e9riode de cinq ans, sur certains produits industriels turcs \u00e9num\u00e9r\u00e9s dans l\u2019accord. L\u2019objectif de la mesure est \u00ab\u00a0d\u2019atteindre 90% de la valeur des produits de la nation la plus favoris\u00e9e\u00a0\u00bb.<\/p>\n<p>Le Maroc et la Turquie ont sign\u00e9 un accord de libre-\u00e9change en 2004. L\u2019accord est entr\u00e9 en vigueur en 2006.<\/p>\n<p>L\u2019accord a suscit\u00e9 une controverse au Maroc. La balance commerciale du pays nord-africain avec la Turquie est largement d\u00e9ficitaire depuis 2006.<\/p>\n<p>En 2019, le gouvernement marocain a partag\u00e9 les pr\u00e9occupations concernant l\u2019ALE avec la Turquie, arguant que l\u2019accord avait eu un impact n\u00e9gatif sur l\u2019\u00e9conomie marocaine.<\/p>\n<p>L\u2019ann\u00e9e derni\u00e8re, le ministre marocain de l\u2019Industrie Moulay Hafid Elalamy avait d\u00e9clar\u00e9 que l\u2019accord de libre-\u00e9change avec la Turquie avait entra\u00een\u00e9 un d\u00e9ficit de 1,2 milliard de dollars pour le Maroc.<\/p>\n<\/div>\n<p>Auteur: APA News<br \/>\n<a href=\"https:\/\/www.journalducameroun.com\/entree-en-vigueur-de-la-modification-de-laccord-de-libre-echange-maroc-turquie\/\">Cliquez ici pour lire l&rsquo;article depuis sa source.<\/a><\/p>\n","protected":false},"excerpt":{"rendered":"<p>Publi\u00e9 le 14.05.2021 \u00e0 16h18 par APA News La modification de l\u2019accord de libre-\u00e9change (ALE) entre le Maroc et la Turquie est entr\u00e9e en vigueur apr\u00e8s sa publication au Bulletin officiel du Royaume.Cet amendement fait partie du projet de loi n\u00b0 54.20, que le Maroc et la Turquie ont sign\u00e9 \u00e0 Rabat le 24 ao\u00fbt [&hellip;]<\/p>\n","protected":false},"author":1965,"featured_media":0,"comment_status":"closed","ping_status":"closed","sticky":false,"template":"","format":"standard","meta":{"fifu_image_url":"","fifu_image_alt":"","footnotes":""},"categories":[73,82],"tags":[],"class_list":["post-116764","post","type-post","status-publish","format-standard","hentry","category-actualite","category-cameroun"],"_links":{"self":[{"href":"https:\/\/linitiative.ca\/International\/wp-json\/wp\/v2\/posts\/116764","targetHints":{"allow":["GET"]}}],"collection":[{"href":"https:\/\/linitiative.ca\/International\/wp-json\/wp\/v2\/posts"}],"about":[{"href":"https:\/\/linitiative.ca\/International\/wp-json\/wp\/v2\/types\/post"}],"author":[{"embeddable":true,"href":"https:\/\/linitiative.ca\/International\/wp-json\/wp\/v2\/users\/1965"}],"replies":[{"embeddable":true,"href":"https:\/\/linitiative.ca\/International\/wp-json\/wp\/v2\/comments?post=116764"}],"version-history":[{"count":0,"href":"https:\/\/linitiative.ca\/International\/wp-json\/wp\/v2\/posts\/116764\/revisions"}],"wp:attachment":[{"href":"https:\/\/linitiative.ca\/International\/wp-json\/wp\/v2\/media?parent=116764"}],"wp:term":[{"taxonomy":"category","embeddable":true,"href":"https:\/\/linitiative.ca\/International\/wp-json\/wp\/v2\/categories?post=116764"},{"taxonomy":"post_tag","embeddable":true,"href":"https:\/\/linitiative.ca\/International\/wp-json\/wp\/v2\/tags?post=116764"}],"curies":[{"name":"wp","href":"https:\/\/api.w.org\/{rel}","templated":true}]}}