{"id":116765,"date":"2021-05-14T16:18:02","date_gmt":"2021-05-14T20:18:02","guid":{"rendered":"https:\/\/linitiative.ca\/International\/cote-divoire-alain-lobognon-demissionne-du-parti-mvci-a-lapproche-de-son-proces\/"},"modified":"2021-05-14T16:18:02","modified_gmt":"2021-05-14T20:18:02","slug":"cote-divoire-alain-lobognon-demissionne-du-parti-mvci-a-lapproche-de-son-proces","status":"publish","type":"post","link":"https:\/\/linitiative.ca\/International\/cote-divoire-alain-lobognon-demissionne-du-parti-mvci-a-lapproche-de-son-proces\/","title":{"rendered":"C\u00f4te d\u2019Ivoire: Alain Lobognon d\u00e9missionne du parti MVCI \u00e0 l\u2019approche de son proc\u00e8s"},"content":{"rendered":"<div readability=\"32\">\n<p>Publi\u00e9 le 14.05.2021 \u00e0 21h18 par APA News<\/p>\n<\/div>\n<div readability=\"97\">\n<p>L\u2019ancien ministre ivoirien des Sports, Alain Lobognon, a d\u00e9missionn\u00e9 du Mouvement pour la promotion des valeurs nouvelles en C\u00f4te d\u2019Ivoire (MVCI), un parti proche de Guillaume Soro, \u00e0 l\u2019approche de son proc\u00e8s pour atteinte \u00e0 la s\u00fbret\u00e9 de l\u2019Etat, a rapport\u00e9 vendredi son porte-parole Jean Paul Beugrefoh.<\/p>\n<p>\u00ab\u00a0Par courrier en date du 13 mai 2021, adress\u00e9 au Dr Louis Ouattara, secr\u00e9taire g\u00e9n\u00e9ral du MVCI, l\u2019ex-ministre des Sports, Alain Lobognon a rendu sa d\u00e9mission de toutes les instances de ce parti auquel il \u00e9tait li\u00e9 politiquement\u00a0\u00bb, \u00e9crit M. Jean Paul Beugrefoh.<\/p>\n<p>Selon M. Beugrefoh, porte-parole de Alain Lobognon, \u00ab\u00a0prisonnier politique\u00a0\u00bb, il a \u00ab\u00a0d\u00e9cid\u00e9 de mettre fin \u00e0 son engagement au sein du MVCI pour une volont\u00e9 personnelle de disposer de sa totale libert\u00e9, au moment o\u00f9 va s\u2019ouvrir le proc\u00e8s devant le tribunal criminel d\u2019Abidjan\u00a0\u00bb.\u00a0<\/p>\n<p>M. Lobognon, ex-d\u00e9put\u00e9 de Fresco (Sud- Ouest), \u00ab\u00a0compara\u00eetra en compagnie des autres pr\u00e9venus arr\u00eat\u00e9s le 23 d\u00e9cembre 2019\u2033, mentionne le communiqu\u00e9 qui ajoute qu&rsquo;\u00a0\u00bbil entend ainsi compara\u00eetre en homme politique affubl\u00e9 d\u2019aucune appartenance politique\u00a0\u00bb.\u00a0<\/p>\n<p>L\u2019ex-ministre qui a \u00ab\u00a0partag\u00e9 joie et plaisir de militer aux c\u00f4t\u00e9s de plusieurs amis, fr\u00e8res et camarades pour l\u2019engagement commun en faveur de valeurs nouvelles en C\u00f4te d\u2019Ivoire quitte le MVCI le c\u0153ur l\u00e9ger, sans regret, ni ranc\u0153urs\u00a0\u00bb, conclut le communiqu\u00e9.<\/p>\n<p>La Cour africaine des droits de l\u2019Homme et des peuples avait ordonn\u00e9 le 22 avril 2020 \u00e0 l\u2019Etat de C\u00f4te d\u2019Ivoire de surseoir \u00e0 l\u2019ex\u00e9cution du mandat de d\u00e9p\u00f4t contre Guillaume Soro et ceux d\u00e9cern\u00e9s \u00e0 ses proches ainsi que leur mise en libert\u00e9 provisoire, dans un arr\u00eat.<\/p>\n<p>Dans l\u2019arr\u00eat, la Cour demandait \u00e0 l\u2019Etat de C\u00f4te d\u2019Ivoire de \u00ab surseoir \u00e0 l\u2019ex\u00e9cution des mandats de d\u00e9p\u00f4ts\u00a0\u00bb d\u00e9cern\u00e9s contre des pro-Soro comprenant des parlementaires: Alain Lobognon, Camara Loukimane, Kanigui Soro, Yao Soumaila, Soumahoro Kando, Kamarat\u00e9 Souleymane.<\/p>\n<p>Pour les avocats de la Cote d\u2019Ivoire, les mesures provisoires sollicit\u00e9es par la Cour exc\u00e8dent largement le champ des mesures provisoires et sont de nature \u00e0 \u00ab entraver le fonctionnement normal de la justice nationale \u00bb.\u00a0<\/p>\n<p>Un mandat d\u2019arr\u00eat a \u00e9t\u00e9 \u00e9mis \u00e0 l\u2019encontre de M. Guillaume Soro en d\u00e9cembre 2019. Le 23 et le 24 d\u00e9cembre de cette m\u00eame ann\u00e9e, ses proches ont \u00e9t\u00e9 arr\u00eat\u00e9s et plac\u00e9s en d\u00e9tention pr\u00e9ventive dans diff\u00e9rents centres de d\u00e9tention \u00e0 Abidjan et d\u2019autres villes du pays.<\/p>\n<\/div>\n<p>Auteur: APA News<br \/>\n<a href=\"https:\/\/www.journalducameroun.com\/cote-divoire-alain-lobognon-demissionne-du-parti-mvci-a-lapproche-de-son-proces\/\">Cliquez ici pour lire l&rsquo;article depuis sa source.<\/a><\/p>\n","protected":false},"excerpt":{"rendered":"<p>Publi\u00e9 le 14.05.2021 \u00e0 21h18 par APA News L\u2019ancien ministre ivoirien des Sports, Alain Lobognon, a d\u00e9missionn\u00e9 du Mouvement pour la promotion des valeurs nouvelles en C\u00f4te d\u2019Ivoire (MVCI), un parti proche de Guillaume Soro, \u00e0 l\u2019approche de son proc\u00e8s pour atteinte \u00e0 la s\u00fbret\u00e9 de l\u2019Etat, a rapport\u00e9 vendredi son porte-parole Jean Paul Beugrefoh. [&hellip;]<\/p>\n","protected":false},"author":1965,"featured_media":0,"comment_status":"closed","ping_status":"closed","sticky":false,"template":"","format":"standard","meta":{"fifu_image_url":"","fifu_image_alt":"","footnotes":""},"categories":[73,82],"tags":[],"class_list":["post-116765","post","type-post","status-publish","format-standard","hentry","category-actualite","category-cameroun"],"_links":{"self":[{"href":"https:\/\/linitiative.ca\/International\/wp-json\/wp\/v2\/posts\/116765","targetHints":{"allow":["GET"]}}],"collection":[{"href":"https:\/\/linitiative.ca\/International\/wp-json\/wp\/v2\/posts"}],"about":[{"href":"https:\/\/linitiative.ca\/International\/wp-json\/wp\/v2\/types\/post"}],"author":[{"embeddable":true,"href":"https:\/\/linitiative.ca\/International\/wp-json\/wp\/v2\/users\/1965"}],"replies":[{"embeddable":true,"href":"https:\/\/linitiative.ca\/International\/wp-json\/wp\/v2\/comments?post=116765"}],"version-history":[{"count":0,"href":"https:\/\/linitiative.ca\/International\/wp-json\/wp\/v2\/posts\/116765\/revisions"}],"wp:attachment":[{"href":"https:\/\/linitiative.ca\/International\/wp-json\/wp\/v2\/media?parent=116765"}],"wp:term":[{"taxonomy":"category","embeddable":true,"href":"https:\/\/linitiative.ca\/International\/wp-json\/wp\/v2\/categories?post=116765"},{"taxonomy":"post_tag","embeddable":true,"href":"https:\/\/linitiative.ca\/International\/wp-json\/wp\/v2\/tags?post=116765"}],"curies":[{"name":"wp","href":"https:\/\/api.w.org\/{rel}","templated":true}]}}