{"id":116766,"date":"2021-05-14T16:18:02","date_gmt":"2021-05-14T20:18:02","guid":{"rendered":"https:\/\/linitiative.ca\/International\/yves-zogbo-nomme-president-du-comite-de-normalisation-de-lafrica-sports-dabidjan\/"},"modified":"2021-05-14T16:18:02","modified_gmt":"2021-05-14T20:18:02","slug":"yves-zogbo-nomme-president-du-comite-de-normalisation-de-lafrica-sports-dabidjan","status":"publish","type":"post","link":"https:\/\/linitiative.ca\/International\/yves-zogbo-nomme-president-du-comite-de-normalisation-de-lafrica-sports-dabidjan\/","title":{"rendered":"Yves Zogbo nomm\u00e9 pr\u00e9sident du Comit\u00e9 de normalisation de l\u2019Africa sports d\u2019Abidjan"},"content":{"rendered":"<div readability=\"32\">\n<p>Publi\u00e9 le 14.05.2021 \u00e0 21h18 par APA News<\/p>\n<\/div>\n<div readability=\"55\">\n<p>Le c\u00e9l\u00e8bre animateur Yves Zogbo Junior a \u00e9t\u00e9 nomm\u00e9 nouveau pr\u00e9sident du Comit\u00e9 de normalisation de l\u2019Africa sports d\u2019Abidjan, l\u2019un des plus grands clubs de football de la capitale \u00e9conomique ivoirienne qui conna\u00eet un bic\u00e9phalisme \u00e0 sa t\u00eate depuis quelques ann\u00e9es.<\/p>\n<p>L\u2019information a \u00e9t\u00e9 donn\u00e9e vendredi par la F\u00e9d\u00e9ration ivoirienne de football ( FIF). \u00a0M. Zogbo dirigera une \u00e9quipe de cinq personnes dont la mission principale de r\u00e9unifier le club \u00ab Vert et Rouge \u00a0\u00bb devrait s\u2019achever le 31 ao\u00fbt prochain.<\/p>\n<p>Ce Comit\u00e9 de normalisation est compos\u00e9 de quatre membres \u00e0 savoir Guillaume Z\u00e9, Alain Gouamen\u00e9, Anna Di\u00e9, No\u00ebl Yapi et du secr\u00e9taire g\u00e9n\u00e9ral Assemien Yapi.<\/p>\n<p>\u00a0L\u2019Africa sports d\u2019Abidjan, l\u2019un des mythique clubs ivoiriens de football est en proie \u00e0 des querelles intestines avec deux pr\u00e9sidents, notamment Vagba Alexis et Bahi Antoine qui se disputent la gestion du Club.<\/p>\n<p>C\u2019est fin avril dernier que le comit\u00e9 de normalisation de la F\u00e9d\u00e9ration ivoirienne de football ( CN-FIF) a d\u00e9cid\u00e9 de mettre l\u2019Africa sports d\u2019Abidjan sous normalisation pour aider ce club \u00e0 r\u00e9gler la crise qu\u2019il traverse.<\/p>\n<\/div>\n<p>Auteur: APA News<br \/>\n<a href=\"https:\/\/www.journalducameroun.com\/yves-zogbo-nomme-president-du-comite-de-normalisation-de-lafrica-sports-dabidjan\/\">Cliquez ici pour lire l&rsquo;article depuis sa source.<\/a><\/p>\n","protected":false},"excerpt":{"rendered":"<p>Publi\u00e9 le 14.05.2021 \u00e0 21h18 par APA News Le c\u00e9l\u00e8bre animateur Yves Zogbo Junior a \u00e9t\u00e9 nomm\u00e9 nouveau pr\u00e9sident du Comit\u00e9 de normalisation de l\u2019Africa sports d\u2019Abidjan, l\u2019un des plus grands clubs de football de la capitale \u00e9conomique ivoirienne qui conna\u00eet un bic\u00e9phalisme \u00e0 sa t\u00eate depuis quelques ann\u00e9es. L\u2019information a \u00e9t\u00e9 donn\u00e9e vendredi par [&hellip;]<\/p>\n","protected":false},"author":1965,"featured_media":0,"comment_status":"closed","ping_status":"closed","sticky":false,"template":"","format":"standard","meta":{"fifu_image_url":"","fifu_image_alt":"","footnotes":""},"categories":[73,82],"tags":[],"class_list":["post-116766","post","type-post","status-publish","format-standard","hentry","category-actualite","category-cameroun"],"_links":{"self":[{"href":"https:\/\/linitiative.ca\/International\/wp-json\/wp\/v2\/posts\/116766","targetHints":{"allow":["GET"]}}],"collection":[{"href":"https:\/\/linitiative.ca\/International\/wp-json\/wp\/v2\/posts"}],"about":[{"href":"https:\/\/linitiative.ca\/International\/wp-json\/wp\/v2\/types\/post"}],"author":[{"embeddable":true,"href":"https:\/\/linitiative.ca\/International\/wp-json\/wp\/v2\/users\/1965"}],"replies":[{"embeddable":true,"href":"https:\/\/linitiative.ca\/International\/wp-json\/wp\/v2\/comments?post=116766"}],"version-history":[{"count":0,"href":"https:\/\/linitiative.ca\/International\/wp-json\/wp\/v2\/posts\/116766\/revisions"}],"wp:attachment":[{"href":"https:\/\/linitiative.ca\/International\/wp-json\/wp\/v2\/media?parent=116766"}],"wp:term":[{"taxonomy":"category","embeddable":true,"href":"https:\/\/linitiative.ca\/International\/wp-json\/wp\/v2\/categories?post=116766"},{"taxonomy":"post_tag","embeddable":true,"href":"https:\/\/linitiative.ca\/International\/wp-json\/wp\/v2\/tags?post=116766"}],"curies":[{"name":"wp","href":"https:\/\/api.w.org\/{rel}","templated":true}]}}