{"id":116767,"date":"2021-05-14T07:23:10","date_gmt":"2021-05-14T11:23:10","guid":{"rendered":"https:\/\/linitiative.ca\/International\/lutte-contre-covid-19-les-ceremonies-officielles-du-20-mai-annulees-a-nouveau\/"},"modified":"2021-05-14T07:23:10","modified_gmt":"2021-05-14T11:23:10","slug":"lutte-contre-covid-19-les-ceremonies-officielles-du-20-mai-annulees-a-nouveau","status":"publish","type":"post","link":"https:\/\/linitiative.ca\/International\/lutte-contre-covid-19-les-ceremonies-officielles-du-20-mai-annulees-a-nouveau\/","title":{"rendered":"Lutte contre  Covid-19 : les c\u00e9r\u00e9monies officielles du 20 mai annul\u00e9es \u00e0 nouveau"},"content":{"rendered":"<p>Le ministre d\u2019Etat, Secr\u00e9taire g\u00e9n\u00e9rale de la pr\u00e9sidence de la R\u00e9publique (Sgpr), Ferdinand Ngoh Ngoh, a sign\u00e9 le 12 mai dernier un communiqu\u00e9 portant annulation des c\u00e9r\u00e9monies officielles pr\u00e9vues \u00e0 l\u2019occasion de la f\u00eate nationale du 20 mai \u00e9dition 2021. \u00ab\u00a0Le ministre d\u2019Etat, Secr\u00e9taire G\u00e9n\u00e9ral de la Pr\u00e9sidence de la R\u00e9publique porte \u00e0 la connaissance de l\u2019opinion qu\u2019en raison de la pand\u00e9mie du Covid-19, Monsieur le Pr\u00e9sident de la R\u00e9publique, son excellence Paul Biya, a d\u00e9cid\u00e9 de l\u2019annulation des c\u00e9r\u00e9monies officielles pr\u00e9vues \u00e0 l\u2019occasion de la f\u00eate nationale, \u00e9dition 2021\u00bb, peut-on lire dans ledit communiqu\u00e9.<\/p>\n<p><strong>Lire aussi<\/strong> : <strong><a href=\"https:\/\/ecomatin.net\/covid-19-les-celebrations-de-la-fete-du-travail-et-20-mai-2020-sont-annulees\/\">Covid 19: les c\u00e9l\u00e9brations de la f\u00eate du travail et du 20 mai 2020 sont annul\u00e9es<\/a><\/strong><\/p>\n<p>La 49<sup>e<\/sup>\u00a0\u00e9dition plac\u00e9e sous le th\u00e8me, \u00abArm\u00e9e et Nation\u00a0: Ensemble pour relever les d\u00e9fis de la s\u00e9curit\u00e9 sanitaire et pr\u00e9server la paix, la stabilit\u00e9 et la stabilit\u00e9 du Cameroun\u00a0\u00bb, vient rejoindre le bal des \u00e9v\u00e8nements annul\u00e9s\u00a0\u00a0cause de la pand\u00e9mie de Coronavirus, apr\u00e8s l\u2019annulation de la f\u00eate du travail, qui \u00e9tait plac\u00e9e \u00a0sous\u00a0 le th\u00e8me \u00ab\u00a0Monde du travail et pand\u00e9mie du covid-19\u00a0: Garantir la sant\u00e9 des travailleurs, d\u00e9fi majeur dans la pr\u00e9servation des acquis en entreprises\u00a0\u00bb, pr\u00e9c\u00e9d\u00e9e par la journ\u00e9e internationale de la femme le 8 mars sous le th\u00e8me de \u00abLeadership f\u00e9minin: pour un futur \u00e9galitaire dans un monde de la covid-19\u00a0\u00bb.\u00a0Et enfin celle du 11 f\u00e9vrier sous le th\u00e8me \u00abJeunesse, r\u00e9silience, d\u00e9fis et opportunit\u00e9s en temps de Covid-19\u00a0\u00bb.<\/p>\n<p>Conscient des risques li\u00e9s \u00e0 la propagation de la Covid, le chef de l\u2019\u00e9tat appelle\u00a0\u00ab\u00a0les camerounais, lors de la comm\u00e9moration de la date 20 mai, ainsi que de la c\u00e9l\u00e9bration des prochaines f\u00eates religieuses, \u00e0 observer rigoureusement le respect des mesures de distanciation sociale \u00e9dict\u00e9es par le Gouvernent\u00a0\u00bb, peut-on lire. \u00ab Il rappelle qu\u2019en d\u00e9pit des performances appr\u00e9ciables de notre pays dans la lutte contre celle-ci, la pand\u00e9mie du Covid-19 est une tragique r\u00e9alit\u00e9 \u00a0contre laquelle il convient de se pr\u00e9munir par le respect des mesures barri\u00e8res et par la vaccination\u00bb, rench\u00e9rit le communiqu\u00e9.<\/p>\n<p><strong>Lire aussi<\/strong> : <strong><a href=\"https:\/\/ecomatin.net\/les-festivites-du-1er-mai-sont-annulees-pour-cause-de-coronavirus\/\">Les festivit\u00e9s du 1er mai sont annul\u00e9es pour cause de coronavirus<\/a><\/strong><\/p>\n<p>Rappelons que l\u2019ann\u00e9e derni\u00e8re d\u00e9j\u00e0 le pr\u00e9sident de la R\u00e9publique avait de d\u00e9cider, dans une note sign\u00e9e le 22 avril du Secr\u00e9taire G\u00e9n\u00e9ral, de l\u2019annulation des c\u00e9r\u00e9monies marquants la f\u00eate du Travail, ainsi que la f\u00eate nationale du Cameroun pour cause de Coronavirus.<\/p>\n<p><strong>Situation \u00e9pid\u00e9miologique<\/strong><\/p>\n<p>Selon les donn\u00e9es fournies par le ministre de la Sant\u00e9 en date du 6 mai 2021, le Cameroun enregistre 74\u00a0946 cas confirm\u00e9s, 70\u00a0497 patients gu\u00e9ris, 1\u00a0152 d\u00e9c\u00e8s, et\u00a0\u00a03\u00a0297 cas actifs. S\u2019agissant du vaccin, c\u2019est plus de 30\u00a0000 camerounais qui ont d\u00e9j\u00e0 re\u00e7u la premi\u00e8re dose de vaccin. Les vaccins disponibles sur le plan national \u00e9tant alors le Sinopharm avec 23\u00a0882 doses administr\u00e9es et l\u2019AstraZeneca, 16\u00a0089 doses.<\/p>\n<p><strong>Lire aussi<\/strong> : <strong><a href=\"https:\/\/ecomatin.net\/les-festivites-du-11-fevrier-2021-annulees-pour-cause-de-covid-19\/\">Les festivit\u00e9s du 11 f\u00e9vrier 2021 annul\u00e9es pour cause de Covid-19<\/a><\/strong><\/p>\n<p>Auteur: Amina MALLOUM<br \/>\n<a href=\"https:\/\/ecomatin.net\/lutte-contre-covid-19-les-ceremonies-officielles-du-20-mai-annulees-a-nouveau\/\">Cliquez ici pour lire l&rsquo;article depuis sa source.<\/a><\/p>\n","protected":false},"excerpt":{"rendered":"<p>Le ministre d\u2019Etat, Secr\u00e9taire g\u00e9n\u00e9rale de la pr\u00e9sidence de la R\u00e9publique (Sgpr), Ferdinand Ngoh Ngoh, a sign\u00e9 le 12 mai dernier un communiqu\u00e9 portant annulation des c\u00e9r\u00e9monies officielles pr\u00e9vues \u00e0 l\u2019occasion de la f\u00eate nationale du 20 mai \u00e9dition 2021. \u00ab\u00a0Le ministre d\u2019Etat, Secr\u00e9taire G\u00e9n\u00e9ral de la Pr\u00e9sidence de la R\u00e9publique porte \u00e0 la connaissance [&hellip;]<\/p>\n","protected":false},"author":1969,"featured_media":0,"comment_status":"closed","ping_status":"closed","sticky":false,"template":"","format":"standard","meta":{"fifu_image_url":"","fifu_image_alt":"","footnotes":""},"categories":[82,78],"tags":[],"class_list":["post-116767","post","type-post","status-publish","format-standard","hentry","category-cameroun","category-economie"],"_links":{"self":[{"href":"https:\/\/linitiative.ca\/International\/wp-json\/wp\/v2\/posts\/116767","targetHints":{"allow":["GET"]}}],"collection":[{"href":"https:\/\/linitiative.ca\/International\/wp-json\/wp\/v2\/posts"}],"about":[{"href":"https:\/\/linitiative.ca\/International\/wp-json\/wp\/v2\/types\/post"}],"author":[{"embeddable":true,"href":"https:\/\/linitiative.ca\/International\/wp-json\/wp\/v2\/users\/1969"}],"replies":[{"embeddable":true,"href":"https:\/\/linitiative.ca\/International\/wp-json\/wp\/v2\/comments?post=116767"}],"version-history":[{"count":0,"href":"https:\/\/linitiative.ca\/International\/wp-json\/wp\/v2\/posts\/116767\/revisions"}],"wp:attachment":[{"href":"https:\/\/linitiative.ca\/International\/wp-json\/wp\/v2\/media?parent=116767"}],"wp:term":[{"taxonomy":"category","embeddable":true,"href":"https:\/\/linitiative.ca\/International\/wp-json\/wp\/v2\/categories?post=116767"},{"taxonomy":"post_tag","embeddable":true,"href":"https:\/\/linitiative.ca\/International\/wp-json\/wp\/v2\/tags?post=116767"}],"curies":[{"name":"wp","href":"https:\/\/api.w.org\/{rel}","templated":true}]}}