{"id":116770,"date":"2021-05-15T04:20:49","date_gmt":"2021-05-15T08:20:49","guid":{"rendered":"https:\/\/linitiative.ca\/International\/lacteur-marocain-hammadi-ammor-nest-plus\/"},"modified":"2021-05-15T04:20:49","modified_gmt":"2021-05-15T08:20:49","slug":"lacteur-marocain-hammadi-ammor-nest-plus","status":"publish","type":"post","link":"https:\/\/linitiative.ca\/International\/lacteur-marocain-hammadi-ammor-nest-plus\/","title":{"rendered":"L\u2019acteur marocain Hammadi Ammor n\u2019est plus"},"content":{"rendered":"<header>\n<\/header>\n<div class=\"entry-content clearfix\" readability=\"47\">\n<figure class=\"post-thumbnail\" itemprop=\"associatedMedia\" itemscope=\"itemscope\" itemtype=\"http:\/\/schema.org\/ImageObject\"><img decoding=\"async\" class=\"post_layout_5_img\" src=\"http:\/\/aujourdhui.ma\/wp-content\/uploads\/2021\/05\/Hammadi-Ammor.jpg\" alt=\"L\u2019acteur marocain Hammadi Ammor n\u2019est plus\"\/><\/figure>\n<p><strong>L\u2019acteur marocain Hammadi Ammor est d\u00e9c\u00e9d\u00e9 dans la nuit de vendredi \u00e0 samedi \u00e0 l\u2019\u00e2ge de 90 ans, a-t-on appris aupr\u00e8s de son entourage.<\/strong><span id=\"more-376462\"\/><\/p>\n<p>Le d\u00e9funt artiste a rendu l\u2019\u00e2me des suites d\u2019une longue maladie, a indiqu\u00e9 \u00e0 la MAP le pr\u00e9sident du syndicat de l\u2019union marocaine des arts dramatiques, Abdelkebir Rgagna.<br \/>Figure embl\u00e9matique ayant marqu\u00e9 de son empreinte la production t\u00e9l\u00e9visuelle marocaine, feu Hammadi Ammor comptait \u00e0 son actif un riche r\u00e9pertoire d\u2019interpr\u00e9tations gr\u00e2ce \u00e0 ses multiples performances au cin\u00e9ma, au th\u00e9\u00e2tre et \u00e0 la radio.<br \/>Natif de F\u00e8s en 1930, il \u00e9tait connu pour ses talents de parolier, ses textes ayant \u00e9t\u00e9 interpr\u00e9t\u00e9s par de nombreux artistes marocains, dont Maati Belkacem et Mohammed El Idrissi.<br \/>Ses premi\u00e8res apparitions sur la sc\u00e8ne artistique ont commenc\u00e9 dans le th\u00e9\u00e2tre amateur d\u00e8s 1948, avant sa cr\u00e9ation en 1951 \u00e0 Casablanca de la troupe \u00ab\u00a0Al Manar\u00a0\u00bb.<br \/>Le regrett\u00e9 avait \u00e9galement jou\u00e9 dans plusieurs \u0153uvres cin\u00e9matographiques devenues cultes comme \u00ab\u00a0Ka\u00efd Ensa\u00a0\u00bb en 1999 (Ruses des femmes) ou encore \u00ab\u00a0Al Mohima\u00a0\u00bb (La mission) en 2002.<br \/>Il avait aussi anim\u00e9 pendant plus de 10 ans l\u2019\u00e9mission \u00ab\u00a0Alam Al Founoun\u00a0\u00bb (Le monde des arts).<\/p>\n<\/div>\n<p>Auteur: ALM<br \/>\n<a href=\"https:\/\/aujourdhui.ma\/societe\/lacteur-marocain-hammadi-ammor-nest-plus\">Cliquez ici pour lire l&rsquo;article depuis sa source.<\/a><\/p>\n","protected":false},"excerpt":{"rendered":"<p>L\u2019acteur marocain Hammadi Ammor est d\u00e9c\u00e9d\u00e9 dans la nuit de vendredi \u00e0 samedi \u00e0 l\u2019\u00e2ge de 90 ans, a-t-on appris aupr\u00e8s de son entourage. Le d\u00e9funt artiste a rendu l\u2019\u00e2me des suites d\u2019une longue maladie, a indiqu\u00e9 \u00e0 la MAP le pr\u00e9sident du syndicat de l\u2019union marocaine des arts dramatiques, Abdelkebir Rgagna.Figure embl\u00e9matique ayant marqu\u00e9 [&hellip;]<\/p>\n","protected":false},"author":1759,"featured_media":0,"comment_status":"closed","ping_status":"closed","sticky":false,"template":"","format":"standard","meta":{"fifu_image_url":"http:\/\/aujourdhui.ma\/wp-content\/uploads\/2021\/05\/Hammadi-Ammor.jpg","fifu_image_alt":"L\u2019acteur marocain Hammadi Ammor n\u2019est plus","footnotes":""},"categories":[73,54],"tags":[],"class_list":["post-116770","post","type-post","status-publish","format-standard","hentry","category-actualite","category-maroc"],"_links":{"self":[{"href":"https:\/\/linitiative.ca\/International\/wp-json\/wp\/v2\/posts\/116770","targetHints":{"allow":["GET"]}}],"collection":[{"href":"https:\/\/linitiative.ca\/International\/wp-json\/wp\/v2\/posts"}],"about":[{"href":"https:\/\/linitiative.ca\/International\/wp-json\/wp\/v2\/types\/post"}],"author":[{"embeddable":true,"href":"https:\/\/linitiative.ca\/International\/wp-json\/wp\/v2\/users\/1759"}],"replies":[{"embeddable":true,"href":"https:\/\/linitiative.ca\/International\/wp-json\/wp\/v2\/comments?post=116770"}],"version-history":[{"count":0,"href":"https:\/\/linitiative.ca\/International\/wp-json\/wp\/v2\/posts\/116770\/revisions"}],"wp:attachment":[{"href":"https:\/\/linitiative.ca\/International\/wp-json\/wp\/v2\/media?parent=116770"}],"wp:term":[{"taxonomy":"category","embeddable":true,"href":"https:\/\/linitiative.ca\/International\/wp-json\/wp\/v2\/categories?post=116770"},{"taxonomy":"post_tag","embeddable":true,"href":"https:\/\/linitiative.ca\/International\/wp-json\/wp\/v2\/tags?post=116770"}],"curies":[{"name":"wp","href":"https:\/\/api.w.org\/{rel}","templated":true}]}}