{"id":116772,"date":"2021-05-15T08:16:11","date_gmt":"2021-05-15T12:16:11","guid":{"rendered":"https:\/\/linitiative.ca\/International\/berrechid-une-saison-agricole-prometteuse\/"},"modified":"2021-05-15T08:16:11","modified_gmt":"2021-05-15T12:16:11","slug":"berrechid-une-saison-agricole-prometteuse","status":"publish","type":"post","link":"https:\/\/linitiative.ca\/International\/berrechid-une-saison-agricole-prometteuse\/","title":{"rendered":"Berrechid: Une saison agricole prometteuse"},"content":{"rendered":"<figure class=\"post-thumbnail\" itemprop=\"associatedMedia\" itemscope=\"itemscope\" itemtype=\"http:\/\/schema.org\/ImageObject\"><img decoding=\"async\" class=\"post_layout_5_img\" src=\"http:\/\/aujourdhui.ma\/wp-content\/uploads\/2018\/04\/Agriculture-1.jpg\" alt=\"Berrechid: Une saison agricole prometteuse\"\/><\/figure>\n<p><span class=\"c7\"><strong>Les fortes pluies enregistr\u00e9es dans la province de Berrechid entre janvier et mars derniers ont eu un impact tr\u00e8s positif sur l\u2019\u00e9volution de la saison agricole et sont de bon augure avec une bonne r\u00e9colte en perspective.<\/strong><\/span><br \/><span id=\"more-376466\"\/><\/p>\n<p>Ces fortes pr\u00e9cipitations ont contribu\u00e9 notamment \u00e0 l\u2019am\u00e9lioration de l\u2019\u00e9tat de la v\u00e9g\u00e9tation et des p\u00e2turages, outre l\u2019augmentation du niveau des eaux souterraines.<br \/>Les pr\u00e9cipitations moyennes cumul\u00e9es au 30 avril dernier ont atteint 320 mm avec une bonne r\u00e9partition temporelle et spatiale contre une moyenne de 345 mm au cours des 30 derni\u00e8res ann\u00e9es, soit une l\u00e9g\u00e8re baisse de 7 %.<br \/>Le d\u00e9marrage de la campagne agricole 2020\/2021 a \u00e9t\u00e9 marqu\u00e9 par des conditions m\u00e9t\u00e9orologiques d\u00e9favorables avec un d\u00e9ficit hydrique qui a impact\u00e9 les pr\u00e9paratifs li\u00e9s aux cultures d\u2019automne.<\/p>\n<p>Toutefois, le retour de fortes pluies fin novembre a permis une acc\u00e9l\u00e9ration du semis et une hausse des ventes d\u2019intrants agricoles (semences et engrais), ravivant l\u2019espoir d\u2019une bonne r\u00e9colte et saison agricole qui devrait avoir un effet positif sur le stock des c\u00e9r\u00e9ales tant au niveau de la province que de la r\u00e9gion.<br \/>En ce qui concerne les superficies emblav\u00e9es dans le cadre de l\u2019actuelle saison agricole, le directeur provincial de l\u2019agriculture \u00e0 Berrechid, Hassan Saad Zaghloul, a fait savoir qu\u2019elles s\u2019\u00e9l\u00e8vent \u00e0 environ 144 000 ha dont 9 % sont des terres irrigu\u00e9es et domin\u00e9es essentiellement par la culture c\u00e9r\u00e9ali\u00e8re ( 70 %), les cultures fourrag\u00e8res (10 %), les l\u00e9gumineuses (9 %), tandis que la superficie consacr\u00e9e aux c\u00e9r\u00e9ales d\u2019automne a atteint 102500 ha dont 44 % pour le bl\u00e9 tendre, 26 % d\u2019orge et 30 % de bl\u00e9 dur.<\/p>\n<p>Dans ce contexte, le programme de renforcement des semences c\u00e9r\u00e9ali\u00e8res, en particulier le bl\u00e9 tendre et l\u2019orge, a \u00e9t\u00e9 \u00e9largi pour englober une superficie de 6 000 ha afin de r\u00e9pondre \u00e0 la forte demande, a-t-il dit, ajoutant qu\u2019une superficie de 14200 ha est consacr\u00e9e aux cultures fourrag\u00e8res, 8500 ha aux l\u00e9gumineuses et 14600 ha aux l\u00e9gumes d\u2019automne.<br \/>La production pr\u00e9visionnelle au titre de la saison 2020\/2021 concernant les trois c\u00e9r\u00e9ales principales est estim\u00e9e \u00e0 3,6 millions de quintaux, en hausse de 50 % par rapport \u00e0 la moyenne des cinq derni\u00e8res ann\u00e9es et de 200 % comparativement \u00e0 la campagne pr\u00e9c\u00e9dente.<br \/>L\u2019actuelle saison agricole est consid\u00e9r\u00e9e parmi les meilleures des dix derni\u00e8res ann\u00e9es en mati\u00e8re de rendement avec une production moyenne pr\u00e9vue de 35 quintaux par hectare.<br \/>Concernant le secteur de l\u2019\u00e9levage, la situation du cheptel ovin (370.000 t\u00eates), bovin (125.000 t\u00eates) et caprin (4.000 t\u00eates), a \u00e9t\u00e9 pr\u00e9serv\u00e9e malgr\u00e9 deux saisons agricoles successives marqu\u00e9es par un d\u00e9ficit pluviom\u00e9trique et ce, gr\u00e2ce au soutien dont les \u00e9leveurs ont b\u00e9n\u00e9fici\u00e9 en mati\u00e8re de fourrage subventionn\u00e9 dans le cadre du programme de protection du cheptel.<br \/>Le cheptel se trouve en bonne sant\u00e9 gr\u00e2ce notamment au suivi et aux campagnes de sensibilisation men\u00e9es par l\u2019Office national de s\u00e9curit\u00e9 sanitaire des produits alimentaires (ONSSA) et des v\u00e9t\u00e9rinaires et aux efforts des professionnels et des \u00e9leveurs.<\/p>\n<p>Auteur: ALM<br \/>\n<a href=\"https:\/\/aujourdhui.ma\/economie\/berrechid-une-saison-agricole-prometteuse\">Cliquez ici pour lire l&rsquo;article depuis sa source.<\/a><\/p>\n","protected":false},"excerpt":{"rendered":"<p>Les fortes pluies enregistr\u00e9es dans la province de Berrechid entre janvier et mars derniers ont eu un impact tr\u00e8s positif sur l\u2019\u00e9volution de la saison agricole et sont de bon augure avec une bonne r\u00e9colte en perspective. Ces fortes pr\u00e9cipitations ont contribu\u00e9 notamment \u00e0 l\u2019am\u00e9lioration de l\u2019\u00e9tat de la v\u00e9g\u00e9tation et des p\u00e2turages, outre l\u2019augmentation [&hellip;]<\/p>\n","protected":false},"author":1759,"featured_media":0,"comment_status":"closed","ping_status":"closed","sticky":false,"template":"","format":"standard","meta":{"fifu_image_url":"http:\/\/aujourdhui.ma\/wp-content\/uploads\/2018\/04\/Agriculture-1.jpg","fifu_image_alt":"Berrechid: Une saison agricole prometteuse","footnotes":""},"categories":[73,54],"tags":[],"class_list":["post-116772","post","type-post","status-publish","format-standard","hentry","category-actualite","category-maroc"],"_links":{"self":[{"href":"https:\/\/linitiative.ca\/International\/wp-json\/wp\/v2\/posts\/116772","targetHints":{"allow":["GET"]}}],"collection":[{"href":"https:\/\/linitiative.ca\/International\/wp-json\/wp\/v2\/posts"}],"about":[{"href":"https:\/\/linitiative.ca\/International\/wp-json\/wp\/v2\/types\/post"}],"author":[{"embeddable":true,"href":"https:\/\/linitiative.ca\/International\/wp-json\/wp\/v2\/users\/1759"}],"replies":[{"embeddable":true,"href":"https:\/\/linitiative.ca\/International\/wp-json\/wp\/v2\/comments?post=116772"}],"version-history":[{"count":0,"href":"https:\/\/linitiative.ca\/International\/wp-json\/wp\/v2\/posts\/116772\/revisions"}],"wp:attachment":[{"href":"https:\/\/linitiative.ca\/International\/wp-json\/wp\/v2\/media?parent=116772"}],"wp:term":[{"taxonomy":"category","embeddable":true,"href":"https:\/\/linitiative.ca\/International\/wp-json\/wp\/v2\/categories?post=116772"},{"taxonomy":"post_tag","embeddable":true,"href":"https:\/\/linitiative.ca\/International\/wp-json\/wp\/v2\/tags?post=116772"}],"curies":[{"name":"wp","href":"https:\/\/api.w.org\/{rel}","templated":true}]}}