{"id":116773,"date":"2021-05-15T10:07:18","date_gmt":"2021-05-15T14:07:18","guid":{"rendered":"https:\/\/linitiative.ca\/International\/maroc-turquie-cadeau-de-laid-avec-lentree-en-vigueur-de-laccord-de-libre-echange-modifie\/"},"modified":"2021-05-15T10:07:18","modified_gmt":"2021-05-15T14:07:18","slug":"maroc-turquie-cadeau-de-laid-avec-lentree-en-vigueur-de-laccord-de-libre-echange-modifie","status":"publish","type":"post","link":"https:\/\/linitiative.ca\/International\/maroc-turquie-cadeau-de-laid-avec-lentree-en-vigueur-de-laccord-de-libre-echange-modifie\/","title":{"rendered":"Maroc-Turquie: cadeau de l\u2019aid avec l\u2019entr\u00e9e en vigueur de l\u2019accord de libre \u00e9change modifi\u00e9"},"content":{"rendered":"<header>\n<\/header>\n<div class=\"entry-content clearfix\" readability=\"45\">\n<figure class=\"post-thumbnail\" itemprop=\"associatedMedia\" itemscope=\"itemscope\" itemtype=\"http:\/\/schema.org\/ImageObject\"><img decoding=\"async\" class=\"post_layout_5_img\" src=\"http:\/\/aujourdhui.ma\/wp-content\/uploads\/2021\/05\/Maroc-turquie-transport-maritime-export-import.-jpg.jpg\" alt=\"Maroc-Turquie: cadeau de l\u2019aid avec l\u2019entr\u00e9e en vigueur de l\u2019accord de libre \u00e9change modifi\u00e9\"\/><\/figure>\n<p><span class=\"c7\"><strong>Vers un r\u00e9\u00e9quilibrage des \u00e9changes commerciaux entre le Maroc et la Turquie.<\/strong><\/span> <span id=\"more-376467\"\/><\/p>\n<p>En effet, une nouvelle version de l\u2019accord de libre- \u00e9change est entr\u00e9e en vigueur. Tr\u00e8s attendue, l\u2019amendement de l\u2019accord a \u00e9t\u00e9 publi\u00e9 au dernier bulletin officiel. Le gouvernement mais \u00e9galement la communaut\u00e9 des affaires comptent sur les changements introduits pour \u00e9tablir une approche plus \u00e9quitable en termes des \u00e9changes \u00e9conomiques entre les deux pays.<\/p>\n<p>Car depuis l\u2019entr\u00e9e en vigueur de l\u2019accord de libre \u00e9change, la Turquie semble profiter plus des facilit\u00e9s de l\u2019accord au point la balance des \u00e9changes est devenue d\u00e9s\u00e9quilibr\u00e9e en faveur des entreprises turques. Il va falloir attendre une ou deux ann\u00e9es pour mesurer l\u2019impact des changements.<\/p>\n<\/div>\n<p>Auteur: ALM<br \/>\n<a href=\"https:\/\/aujourdhui.ma\/economie\/maroc-turquie-cadeau-de-laid-avec-lentree-en-vigueur-de-laccord-de-libre-echange-modifie\">Cliquez ici pour lire l&rsquo;article depuis sa source.<\/a><\/p>\n","protected":false},"excerpt":{"rendered":"<p>Vers un r\u00e9\u00e9quilibrage des \u00e9changes commerciaux entre le Maroc et la Turquie. En effet, une nouvelle version de l\u2019accord de libre- \u00e9change est entr\u00e9e en vigueur. Tr\u00e8s attendue, l\u2019amendement de l\u2019accord a \u00e9t\u00e9 publi\u00e9 au dernier bulletin officiel. Le gouvernement mais \u00e9galement la communaut\u00e9 des affaires comptent sur les changements introduits pour \u00e9tablir une approche [&hellip;]<\/p>\n","protected":false},"author":1759,"featured_media":0,"comment_status":"closed","ping_status":"closed","sticky":false,"template":"","format":"standard","meta":{"fifu_image_url":"http:\/\/aujourdhui.ma\/wp-content\/uploads\/2021\/05\/Maroc-turquie-transport-maritime-export-import.-jpg.jpg","fifu_image_alt":"Maroc-Turquie: cadeau de l\u2019aid avec l\u2019entr\u00e9e en vigueur de l\u2019accord de libre \u00e9change modifi\u00e9","footnotes":""},"categories":[73,54],"tags":[],"class_list":["post-116773","post","type-post","status-publish","format-standard","hentry","category-actualite","category-maroc"],"_links":{"self":[{"href":"https:\/\/linitiative.ca\/International\/wp-json\/wp\/v2\/posts\/116773","targetHints":{"allow":["GET"]}}],"collection":[{"href":"https:\/\/linitiative.ca\/International\/wp-json\/wp\/v2\/posts"}],"about":[{"href":"https:\/\/linitiative.ca\/International\/wp-json\/wp\/v2\/types\/post"}],"author":[{"embeddable":true,"href":"https:\/\/linitiative.ca\/International\/wp-json\/wp\/v2\/users\/1759"}],"replies":[{"embeddable":true,"href":"https:\/\/linitiative.ca\/International\/wp-json\/wp\/v2\/comments?post=116773"}],"version-history":[{"count":0,"href":"https:\/\/linitiative.ca\/International\/wp-json\/wp\/v2\/posts\/116773\/revisions"}],"wp:attachment":[{"href":"https:\/\/linitiative.ca\/International\/wp-json\/wp\/v2\/media?parent=116773"}],"wp:term":[{"taxonomy":"category","embeddable":true,"href":"https:\/\/linitiative.ca\/International\/wp-json\/wp\/v2\/categories?post=116773"},{"taxonomy":"post_tag","embeddable":true,"href":"https:\/\/linitiative.ca\/International\/wp-json\/wp\/v2\/tags?post=116773"}],"curies":[{"name":"wp","href":"https:\/\/api.w.org\/{rel}","templated":true}]}}