{"id":116776,"date":"2021-05-15T09:00:00","date_gmt":"2021-05-15T13:00:00","guid":{"rendered":"https:\/\/linitiative.ca\/International\/la-reouverture-des-frontieres-au-menu-du-conseil-des-ministres\/"},"modified":"2021-05-15T09:00:00","modified_gmt":"2021-05-15T13:00:00","slug":"la-reouverture-des-frontieres-au-menu-du-conseil-des-ministres","status":"publish","type":"post","link":"https:\/\/linitiative.ca\/International\/la-reouverture-des-frontieres-au-menu-du-conseil-des-ministres\/","title":{"rendered":"La r\u00e9ouverture des fronti\u00e8res au menu du Conseil des ministres"},"content":{"rendered":"<div id=\"originalText\" readability=\"51\">\n<p class=\"c6\">Le Conseil des ministres, qui se r\u00e9unira demain, sous la pr\u00e9sidence d\u2019Abdelmadjid Tebboune, examinera \u00ab\u00a0la possible ouverture des fronti\u00e8res terrestres et a\u00e9riennes\u00a0\u00bb, selon un communiqu\u00e9 de la Pr\u00e9sidence de la r\u00e9publique, r\u00e9percut\u00e9, ce samedi, par l\u2019APS.<\/p>\n<p class=\"c6\">La r\u00e9union p\u00e9riodique du Conseil des ministres sera \u00e9galement consacr\u00e9e \u00e0 \u00ab\u00a0l&rsquo;examen et l&rsquo;adoption de plusieurs expos\u00e9s, ordonnances et d\u00e9crets portant sur les secteurs des Finances, des Affaires \u00e9trang\u00e8res, de l&rsquo;Energie et des Mines, du Commerce, des Travaux publics et de la Transition \u00e9nerg\u00e9tique\u00a0\u00bb ajoute la m\u00eame source.<\/p>\n<p class=\"c7\"><strong>R\u00e9daction Web<\/strong><\/p>\n<\/div>\n<div id=\"text_core\" readability=\"51\">\n<p class=\"c6\">Le Conseil des ministres, qui se r\u00e9unira demain, sous la pr\u00e9sidence d\u2019Abdelmadjid Tebboune, examinera \u00ab\u00a0la possible ouverture des fronti\u00e8res terrestres et a\u00e9riennes\u00a0\u00bb, selon un communiqu\u00e9 de la Pr\u00e9sidence de la r\u00e9publique, r\u00e9percut\u00e9, ce samedi, par l\u2019APS.<\/p>\n<p class=\"c6\">La r\u00e9union p\u00e9riodique du Conseil des ministres sera \u00e9galement consacr\u00e9e \u00e0 \u00ab\u00a0l&rsquo;examen et l&rsquo;adoption de plusieurs expos\u00e9s, ordonnances et d\u00e9crets portant sur les secteurs des Finances, des Affaires \u00e9trang\u00e8res, de l&rsquo;Energie et des Mines, du Commerce, des Travaux publics et de la Transition \u00e9nerg\u00e9tique\u00a0\u00bb ajoute la m\u00eame source.<\/p>\n<p class=\"c7\"><strong>R\u00e9daction Web<\/strong><\/p>\n<\/div>\n<p>Auteur:<br \/>\n<a href=\"https:\/\/www.liberte-algerie.com\/actualite\/la-reouverture-des-frontieres-au-menu-du-conseil-des-ministres-358753\">Cliquez ici pour lire l&rsquo;article depuis sa source.<\/a><\/p>\n","protected":false},"excerpt":{"rendered":"<p>Le Conseil des ministres, qui se r\u00e9unira demain, sous la pr\u00e9sidence d\u2019Abdelmadjid Tebboune, examinera \u00ab\u00a0la possible ouverture des fronti\u00e8res terrestres et a\u00e9riennes\u00a0\u00bb, selon un communiqu\u00e9 de la Pr\u00e9sidence de la r\u00e9publique, r\u00e9percut\u00e9, ce samedi, par l\u2019APS. La r\u00e9union p\u00e9riodique du Conseil des ministres sera \u00e9galement consacr\u00e9e \u00e0 \u00ab\u00a0l&rsquo;examen et l&rsquo;adoption de plusieurs expos\u00e9s, ordonnances et [&hellip;]<\/p>\n","protected":false},"author":1742,"featured_media":0,"comment_status":"closed","ping_status":"closed","sticky":false,"template":"","format":"standard","meta":{"fifu_image_url":"","fifu_image_alt":"","footnotes":""},"categories":[73,53],"tags":[],"class_list":["post-116776","post","type-post","status-publish","format-standard","hentry","category-actualite","category-algerie"],"_links":{"self":[{"href":"https:\/\/linitiative.ca\/International\/wp-json\/wp\/v2\/posts\/116776","targetHints":{"allow":["GET"]}}],"collection":[{"href":"https:\/\/linitiative.ca\/International\/wp-json\/wp\/v2\/posts"}],"about":[{"href":"https:\/\/linitiative.ca\/International\/wp-json\/wp\/v2\/types\/post"}],"author":[{"embeddable":true,"href":"https:\/\/linitiative.ca\/International\/wp-json\/wp\/v2\/users\/1742"}],"replies":[{"embeddable":true,"href":"https:\/\/linitiative.ca\/International\/wp-json\/wp\/v2\/comments?post=116776"}],"version-history":[{"count":0,"href":"https:\/\/linitiative.ca\/International\/wp-json\/wp\/v2\/posts\/116776\/revisions"}],"wp:attachment":[{"href":"https:\/\/linitiative.ca\/International\/wp-json\/wp\/v2\/media?parent=116776"}],"wp:term":[{"taxonomy":"category","embeddable":true,"href":"https:\/\/linitiative.ca\/International\/wp-json\/wp\/v2\/categories?post=116776"},{"taxonomy":"post_tag","embeddable":true,"href":"https:\/\/linitiative.ca\/International\/wp-json\/wp\/v2\/tags?post=116776"}],"curies":[{"name":"wp","href":"https:\/\/api.w.org\/{rel}","templated":true}]}}